{"id":30881320,"date":"2024-03-05T10:36:40","date_gmt":"2024-03-05T09:36:40","guid":{"rendered":"https:\/\/www.upo.es\/diario\/?p=30881320"},"modified":"2024-03-11T12:15:53","modified_gmt":"2024-03-11T11:15:53","slug":"conferencias-seminarios-conmemoran-8m-dia-internacional-mujeres","status":"publish","type":"post","link":"https:\/\/www.upo.es\/diario\/docencia-formacion\/2024\/03\/conferencias-seminarios-conmemoran-8m-dia-internacional-mujeres\/","title":{"rendered":"Diversas conferencias y seminarios comienzan esta semana en la UPO con motivo del 8M, \u2018D\u00eda Internacional de las Mujeres\u2019"},"content":{"rendered":"<p><a href=\"https:\/\/www.upo.es\/diario\/wp-content\/uploads\/2023\/03\/8M_cartelJPG.jpg\"><img loading=\"lazy\" decoding=\"async\" class=\"alignright size-large wp-image-30877324\" src=\"https:\/\/www.upo.es\/diario\/wp-content\/uploads\/2023\/03\/8M_cartelJPG-530x750.jpg\" alt=\"8M - D\u00eda Internacional de las Mujeres\" width=\"371\" height=\"525\" srcset=\"https:\/\/www.upo.es\/diario\/wp-content\/uploads\/2023\/03\/8M_cartelJPG-530x750.jpg 530w, https:\/\/www.upo.es\/diario\/wp-content\/uploads\/2023\/03\/8M_cartelJPG-272x385.jpg 272w, https:\/\/www.upo.es\/diario\/wp-content\/uploads\/2023\/03\/8M_cartelJPG-768x1086.jpg 768w, https:\/\/www.upo.es\/diario\/wp-content\/uploads\/2023\/03\/8M_cartelJPG-1086x1536.jpg 1086w, https:\/\/www.upo.es\/diario\/wp-content\/uploads\/2023\/03\/8M_cartelJPG-1448x2048.jpg 1448w, https:\/\/www.upo.es\/diario\/wp-content\/uploads\/2023\/03\/8M_cartelJPG-1320x1867.jpg 1320w, https:\/\/www.upo.es\/diario\/wp-content\/uploads\/2023\/03\/8M_cartelJPG.jpg 1754w\" sizes=\"auto, (max-width: 371px) 100vw, 371px\" \/><\/a>La Universidad Pablo de Olavide ha organizado, con motivo del D\u00eda Internacional de las Mujeres que se conmemora el pr\u00f3ximo viernes 8 de marzo \u2014este a\u00f1o bajo el lema impulsado por la ONU \u2018<a href=\"https:\/\/x.com\/ONUMujeres\/status\/1762229215326347300?s=20\">Financiar los derechos de las mujeres: acelerar la igualdad<\/a>\u2019\u2014, un programa de charlas y seminarios que ha dado comienzo esta semana con el objetivo de visibilizar el papel desempe\u00f1ado por las mujeres en la Historia, la Filosof\u00eda, la Literatura y el Arte, y contin\u00faan la semana que viene con diferentes actividades sobre mujeres y Derechos Humanos, corporalidades femeninas y bienestar.<\/p>\n<p>As\u00ed, dirigidas al alumnado senior, el Aula Abierta de Mayores de la Universidad Pablo de Olavide ha organizado, desde este lunes en horario de tarde, una serie de conferencias tituladas <strong>\u2018Mujeres que marcaron la historia. Un curso urgente y necesario\u2019 <\/strong>y <strong>\u2018\u00bfD\u00f3nde estuvieron las artistas, escritoras y fil\u00f3sofas? Buscando a las mujeres en la Historia\u2019<\/strong>, en las sedes de Pilas y Las Cabezas de San Juan respectivamente.<\/p>\n<p>La <strong>Facultad de Humanidades,<\/strong> con la financiaci\u00f3n de la Delegaci\u00f3n del rector para la Igualdad de G\u00e9nero y en el marco de las ayudas para incorporar los estudios de g\u00e9nero en los centros de la UPO, ha programado dos <strong>charlas sobre Historia y Literatura con perspectiva de g\u00e9nero<\/strong>. Inmaculada Villa, profesora de Historia Contempor\u00e1nea de la UPO, impartir\u00e1 la primera de ellas este jueves a las 11 horas en el aula B07 del edificio Alexander von Humboldt. Por otra parte, Ver\u00f3nica Pacheco, profesora de Filolog\u00eda Inglesa, impartir\u00e1 el mi\u00e9rcoles 13 de marzo la conferencia \u2018La Literatura anglosajona con perspectiva de g\u00e9nero\u2019, a las 12 horas en el aula 1 de edificio 13. Ambas investigadoras forman parte del equipo interdisciplinar del <a href=\"https:\/\/www.upo.es\/cinef\/\">CINEF<\/a>, centro de investigaci\u00f3n de la UPO que coordina y promueve investigaciones cient\u00edficas y t\u00e9cnicas sobre la igualdad de g\u00e9nero.<\/p>\n<p>Tambi\u00e9n el mi\u00e9rcoles d\u00eda 13, a las 16:30, tendr\u00e1 lugar en el Paraninfo de la UPO la <strong>obra de teatro \u2018Mujeres\u2019<\/strong>, organizada por el Aula Abierta de Mayores y financiada por la Diputaci\u00f3n de Sevilla y la colaboraci\u00f3n de la Compa\u00f1\u00eda Teatral Damas de la Comedia. Por la tarde, a las 18 horas en la Casa de la Ciencia, estudiantes de Filosof\u00eda de la Universidad Pablo de Olavide presentar\u00e1n un nuevo n\u00famero, el octavo, de la <strong>revista \u2018La Pluma Violeta\u2019<\/strong>. Una publicaci\u00f3n digital escrita y editada por alumnado de la asignatura \u2018G\u00e9nero y cr\u00edtica de las ideolog\u00edas\u2019, que dirige la profesora Marian P\u00e9rez Bernal.<\/p>\n<p>M\u00f3nica Dom\u00ednguez, delegada del rector para la Igualdad de G\u00e9nero, y C\u00e9sar Hornero, decano de la Facultad de Derecho, presentar\u00e1n el jueves 14 de marzo, a las 9 horas en la Biblioteca\/CRAI de la UPO, el <strong>seminario \u2018Mujeres Migrantes: agencia, resistencia y creatividad en la defensa de los Derechos Humanos\u2019<\/strong>. Una actividad acad\u00e9mica programada con el objetivo de promover los Derechos Humanos de las mujeres migrantes y generar materiales de apoyo para profesionales.<\/p>\n<p>Ya centrados en salud y bienestar, la Oficina para la Igualdad ha organizado un programa especial de <a href=\"https:\/\/radiolavide.org\/\">RadiOlavide<\/a>, titulado <strong>\u2018Mujeres y h\u00e1bitos saludables\u2019<\/strong> \u2014cuyo podcast estar\u00e1 disponible a partir de la pr\u00f3xima semana\u2014 y el <strong>taller \u2018Corporalidades femeninas: emociones, movimiento y bienestar\u2019<\/strong>, que tendr\u00e1 lugar el 18 de marzo a las 10 horas en el pabell\u00f3n 38 del campus.<\/p>\n<figure id=\"attachment_30876533\" aria-describedby=\"caption-attachment-30876533\" style=\"width: 385px\" class=\"wp-caption alignright\"><a href=\"https:\/\/www.upo.es\/diario\/wp-content\/uploads\/2022\/12\/foto1-MonicaDominguez.jpg\"><img loading=\"lazy\" decoding=\"async\" class=\"size-medium wp-image-30876533\" src=\"https:\/\/www.upo.es\/diario\/wp-content\/uploads\/2022\/12\/foto1-MonicaDominguez-385x257.jpg\" alt=\"\" width=\"385\" height=\"257\" srcset=\"https:\/\/www.upo.es\/diario\/wp-content\/uploads\/2022\/12\/foto1-MonicaDominguez-385x257.jpg 385w, https:\/\/www.upo.es\/diario\/wp-content\/uploads\/2022\/12\/foto1-MonicaDominguez-750x500.jpg 750w, https:\/\/www.upo.es\/diario\/wp-content\/uploads\/2022\/12\/foto1-MonicaDominguez-768x512.jpg 768w, https:\/\/www.upo.es\/diario\/wp-content\/uploads\/2022\/12\/foto1-MonicaDominguez-1536x1024.jpg 1536w, https:\/\/www.upo.es\/diario\/wp-content\/uploads\/2022\/12\/foto1-MonicaDominguez-2048x1366.jpg 2048w, https:\/\/www.upo.es\/diario\/wp-content\/uploads\/2022\/12\/foto1-MonicaDominguez-165x109.jpg 165w, https:\/\/www.upo.es\/diario\/wp-content\/uploads\/2022\/12\/foto1-MonicaDominguez-1320x880.jpg 1320w\" sizes=\"auto, (max-width: 385px) 100vw, 385px\" \/><\/a><figcaption id=\"caption-attachment-30876533\" class=\"wp-caption-text\">M\u00f3nica Dom\u00ednguez, delegada del rector para la Igualdad de G\u00e9nero<\/figcaption><\/figure>\n<p>\u201cSon muchos m\u00e1s los elementos que nos unen en pro de la igualdad que los que nos separan\u201d ha declarado M\u00f3nica Dom\u00ednguez, delegada del Rector para la Igualdad de G\u00e9nero en la UPO, con motivo del 8M 2024, tras invitar \u201ca toda la comunidad universitaria a participar en las actividades que se llevan a cabo en torno a este 8 de marzo desde los distintos colectivos, centros y facultades de la Universidad\u201d.<\/p>\n<p>Con este programa formativo y de divulgaci\u00f3n, la Universidad Pablo de Olavide, a trav\u00e9s de su Oficina para la Igualdad, contin\u00faa desarrollando las acciones previstas en su <a href=\"https:\/\/www.upo.es\/upsc\/igualdad\/plan-de-igualdad\/\">III Plan Estrat\u00e9gico para la Igualdad 2022-2026<\/a>, un proyecto para avanzar en la igualdad real y efectiva entre hombres y mujeres que cuenta con 46 medidas vertebradas en seis ejes: gobernanza y gesti\u00f3n universitaria; comunicaci\u00f3n igualitaria; formaci\u00f3n y sensibilizaci\u00f3n; docencia, investigaci\u00f3n y transferencia; conciliaci\u00f3n corresponsable y bienestar Social; y universidad libre de violencias.<\/p>\n<p><strong>M\u00e1s informaci\u00f3n:<\/strong><\/p>\n<p><a href=\"http:\/\/www.upo.es\/upsc\/igualdad\/dia-internacional-mujeres\/\">www.upo.es\/upsc\/igualdad\/dia-internacional-mujeres<\/a><\/p>\n<p><a href=\"https:\/\/www.upo.es\/diario\/institucional\/2024\/03\/declaracion-crue-con-motivo-del-8-de-marzo-dia-internacional-de-la-mujer\/\">Declaraci\u00f3n de Crue Universidades Espa\u00f1olas con motivo del 8M<\/a><\/p>\n","protected":false},"excerpt":{"rendered":"<p>La Universidad Pablo de Olavide ha organizado, con motivo del D\u00eda Internacional de las Mujeres que se conmemora el pr\u00f3ximo viernes 8 de marzo \u2014este a\u00f1o bajo el lema impulsado por la ONU \u2018Financiar los derechos de las mujeres: acelerar la igualdad\u2019\u2014, un programa de charlas y seminarios que ha dado comienzo esta semana con el objetivo de visibilizar el papel desempe\u00f1ado por las mujeres en la Historia, la Filosof\u00eda, la Literatura y el Arte, y contin\u00faan la semana que viene con diferentes actividades sobre mujeres y Derechos Humanos, corporalidades femeninas y bienestar.<\/p>\n","protected":false},"author":6,"featured_media":30871274,"comment_status":"closed","ping_status":"open","sticky":false,"template":"","format":"standard","meta":{"_monsterinsights_skip_tracking":false,"_monsterinsights_sitenote_active":false,"_monsterinsights_sitenote_note":"","_monsterinsights_sitenote_category":0,"footnotes":""},"categories":[2779],"tags":[8271,265,8741,544,87,1200,150,5883,401,8720,2209,1996],"class_list":["post-30881320","post","type-post","status-publish","format-standard","has-post-thumbnail","hentry","category-docencia-formacion","tag-8m","tag-arte","tag-cesar-hornero","tag-conferencias","tag-derecho","tag-dia-internacional-de-las-mujeres","tag-historia","tag-igualdad-de-genero","tag-literatura","tag-monica-dominguez-serrano","tag-oficina-para-la-igualdad","tag-seminarios"],"_links":{"self":[{"href":"https:\/\/www.upo.es\/diario\/wp-json\/wp\/v2\/posts\/30881320","targetHints":{"allow":["GET"]}}],"collection":[{"href":"https:\/\/www.upo.es\/diario\/wp-json\/wp\/v2\/posts"}],"about":[{"href":"https:\/\/www.upo.es\/diario\/wp-json\/wp\/v2\/types\/post"}],"author":[{"embeddable":true,"href":"https:\/\/www.upo.es\/diario\/wp-json\/wp\/v2\/users\/6"}],"replies":[{"embeddable":true,"href":"https:\/\/www.upo.es\/diario\/wp-json\/wp\/v2\/comments?post=30881320"}],"version-history":[{"count":3,"href":"https:\/\/www.upo.es\/diario\/wp-json\/wp\/v2\/posts\/30881320\/revisions"}],"predecessor-version":[{"id":30881347,"href":"https:\/\/www.upo.es\/diario\/wp-json\/wp\/v2\/posts\/30881320\/revisions\/30881347"}],"wp:featuredmedia":[{"embeddable":true,"href":"https:\/\/www.upo.es\/diario\/wp-json\/wp\/v2\/media\/30871274"}],"wp:attachment":[{"href":"https:\/\/www.upo.es\/diario\/wp-json\/wp\/v2\/media?parent=30881320"}],"wp:term":[{"taxonomy":"category","embeddable":true,"href":"https:\/\/www.upo.es\/diario\/wp-json\/wp\/v2\/categories?post=30881320"},{"taxonomy":"post_tag","embeddable":true,"href":"https:\/\/www.upo.es\/diario\/wp-json\/wp\/v2\/tags?post=30881320"}],"curies":[{"name":"wp","href":"https:\/\/api.w.org\/{rel}","templated":true}]}}