{"id":30881327,"date":"2024-03-06T12:14:57","date_gmt":"2024-03-06T11:14:57","guid":{"rendered":"https:\/\/www.upo.es\/diario\/?p=30881327"},"modified":"2024-03-11T16:54:22","modified_gmt":"2024-03-11T15:54:22","slug":"quinta-semana-de-la-historia","status":"publish","type":"post","link":"https:\/\/www.upo.es\/diario\/docencia-formacion\/2024\/03\/quinta-semana-de-la-historia\/","title":{"rendered":"La Universidad Pablo de Olavide celebra del 11 al 15 de marzo la 5\u00aa Semana de la Historia"},"content":{"rendered":"<p><a href=\"https:\/\/www.upo.es\/diario\/wp-content\/uploads\/2024\/03\/5semana-historia-web.png\"><img loading=\"lazy\" decoding=\"async\" class=\"aligncenter size-large wp-image-30881329\" src=\"https:\/\/www.upo.es\/diario\/wp-content\/uploads\/2024\/03\/5semana-historia-web-750x347.png\" alt=\"Quinta Semana de la Historia: del 11 al 15 de marzo\" width=\"750\" height=\"347\" srcset=\"https:\/\/www.upo.es\/diario\/wp-content\/uploads\/2024\/03\/5semana-historia-web-750x347.png 750w, https:\/\/www.upo.es\/diario\/wp-content\/uploads\/2024\/03\/5semana-historia-web-420x194.png 420w, https:\/\/www.upo.es\/diario\/wp-content\/uploads\/2024\/03\/5semana-historia-web-768x355.png 768w, https:\/\/www.upo.es\/diario\/wp-content\/uploads\/2024\/03\/5semana-historia-web-1536x710.png 1536w, https:\/\/www.upo.es\/diario\/wp-content\/uploads\/2024\/03\/5semana-historia-web-1400x650.png 1400w, https:\/\/www.upo.es\/diario\/wp-content\/uploads\/2024\/03\/5semana-historia-web-1320x610.png 1320w, https:\/\/www.upo.es\/diario\/wp-content\/uploads\/2024\/03\/5semana-historia-web.png 2000w\" sizes=\"auto, (max-width: 750px) 100vw, 750px\" \/><\/a>La Universidad Pablo de Olavide celebra, <strong>del 11 al 15 de marzo,\u00a0la 5\u00aa Semana de la Historia<\/strong>, un evento de divulgaci\u00f3n cient\u00edfica que bajo el lema <strong>\u2018Tanto por descubrir\u2019<\/strong> tiene por objetivo poner en valor nuestra historia y patrimonio cultural, mostrando a la sociedad el trabajo de los investigadores e investigadoras en este campo.<\/p>\n<p>P\u00fablico general, estudiantes de centros educativos y grupos de personas con discapacidad intelectual de centros educativos de d\u00eda y ocupacionales, podr\u00e1n disfrutar de un amplio programa de actividades que se estructura en torno a <strong>cinco ejes tem\u00e1ticos<\/strong>: <strong>&#8216;Mujeres en la Historia&#8217;<\/strong>; <strong>&#8216;Comprender y Vivir el Patrimonio&#8217;<\/strong>; <strong>&#8216;Culturas e Identidades&#8217;<\/strong>; <strong>&#8216;La Historia a escena&#8217;<\/strong>; y <strong>&#8216;Miradas desde lo diverso&#8217;<\/strong>.<\/p>\n<p><strong>La entrada es libre <\/strong>hasta agotar el aforo para asistir a las<strong> charlas, mesa redonda y jornadas<\/strong> <strong>dirigidas a p\u00fablico general<\/strong> que se celebran en la Universidad Pablo de Olavide y en el Antiquarium de la Plaza de la Encarnaci\u00f3n de Sevilla; \u00a0a la presentaci\u00f3n del n\u00famero 8 de <strong>La pluma violeta<\/strong>; a las <strong>obras de teatro \u2018Estico, de Plauto\u2019<\/strong> y <strong>\u2018Vivir y sobrevivir en la Edad Moderna: revivir el pasado de la mano de la recreaci\u00f3n hist\u00f3rica\u2019<\/strong> que se representan en el Paraninfo de la UPO;\u00a0a las <strong>visitas guiadas <\/strong>por Sevilla <strong>\u2018Paseando por conventos sevillanos. De la Plaza Nueva al Museo\u2019<\/strong> y <strong>\u2018Las mujeres en la Carrera de Indias y la emigraci\u00f3n americana\u2019<\/strong>; y a las grabaciones en la UPO de los <strong>programas radio que se emiten en directo<\/strong> a trav\u00e9s de <a href=\"https:\/\/radiolavide.org\/\">RadiOlavide<\/a>. Tambi\u00e9n, se podr\u00e1 participar virtualmente, adem\u00e1s de hacerlo de forma presencial, en la charla <strong>\u2018De C\u00e1diz a Hispanoam\u00e9rica: sobre abejas, peri\u00f3dicos y liberalismo en el siglo XIX\u2019<\/strong> a trav\u00e9s de la sala virtual disponible en la <a href=\"https:\/\/eventos.upo.es\/111436\/section\/48610\/5o-semana-de-la-historia-de-la-universidad-pablo-de-olavide.html\">web de eventos de la UPO<\/a>.<\/p>\n<figure id=\"attachment_30861815\" aria-describedby=\"caption-attachment-30861815\" style=\"width: 360px\" class=\"wp-caption alignright\"><a href=\"https:\/\/www.upo.es\/diario\/wp-content\/uploads\/2020\/09\/Italica.jpg\"><img loading=\"lazy\" decoding=\"async\" class=\"wp-image-30861815 size-medium\" src=\"https:\/\/www.upo.es\/diario\/wp-content\/uploads\/2020\/09\/Italica-360x360.jpg\" alt=\"vista de It\u00e1lica\" width=\"360\" height=\"360\" srcset=\"https:\/\/www.upo.es\/diario\/wp-content\/uploads\/2020\/09\/Italica-360x360.jpg 360w, https:\/\/www.upo.es\/diario\/wp-content\/uploads\/2020\/09\/Italica-750x750.jpg 750w, https:\/\/www.upo.es\/diario\/wp-content\/uploads\/2020\/09\/Italica-150x150.jpg 150w, https:\/\/www.upo.es\/diario\/wp-content\/uploads\/2020\/09\/Italica-768x768.jpg 768w, https:\/\/www.upo.es\/diario\/wp-content\/uploads\/2020\/09\/Italica-600x600.jpg 600w, https:\/\/www.upo.es\/diario\/wp-content\/uploads\/2020\/09\/Italica-1320x1320.jpg 1320w, https:\/\/www.upo.es\/diario\/wp-content\/uploads\/2020\/09\/Italica.jpg 1365w\" sizes=\"auto, (max-width: 360px) 100vw, 360px\" \/><\/a><figcaption id=\"caption-attachment-30861815\" class=\"wp-caption-text\">El programa de actividades incluye una visita guiada a It\u00e1lica<\/figcaption><\/figure>\n<p>Otras actividades<strong> requieren reserva previa<\/strong>, a trav\u00e9s de la <a href=\"https:\/\/eventos.upo.es\/111436\/section\/48610\/5o-semana-de-la-historia-de-la-universidad-pablo-de-olavide.html\">web<\/a>, como la <strong>subida a la Torre de la UPO<\/strong> o las visitas guiadas en el <strong>Conjunto Arqueol\u00f3gico de It\u00e1lica<\/strong>.<\/p>\n<p>Por otro lado, <strong>los centros educativos<\/strong> que quieran asistir a las jornadas <strong>&#8216;La Odisea de las Escritoras&#8217;<\/strong> o a las charlas <strong>\u2018El concepto de infinito: un viaje hist\u00f3rico entre la filosof\u00eda, la religi\u00f3n y las ciencias\u2019<\/strong>; <strong>\u2018La Historia de la Filosof\u00eda: un rompecabezas incompleto\u2019<\/strong>; y \u2018<strong>La historia de tu ciudad escrita en las calles: descubre el paisaje ling\u00fc\u00edstico\u2019<\/strong>, deber\u00e1n tambi\u00e9n <strong>reservar<\/strong>. Por \u00faltimo, tambi\u00e9n es necesaria la <strong>reserva<\/strong> para participar en el taller de lectura y visita en It\u00e1lica <strong>&#8216;\u00c9rase una vez una ciudad llamada It\u00e1lica. It\u00e1lica en lectura f\u00e1cil&#8217;<\/strong>, actividad dirigida a grupos de personas j\u00f3venes y adultas con discapacidad intelectual de Centros de Secundaria, Centros de d\u00eda y Centros ocupacionales.<\/p>\n<p>Adem\u00e1s, durante toda la semana se podr\u00e1 visitar <u>en la Biblioteca\/CRAI de la UPO<\/u>, la exposici\u00f3n <strong>\u2018Ahora me ves: haciendo visibles a las mujeres de la Antig\u00fcedad\u2019<\/strong>.<\/p>\n<p>Las actividades de la 5\u00aa Semana de la Historia est\u00e1n coordinadas por <strong>personal investigador de la Universidad Pablo de Olavide<\/strong> de las \u00c1reas de Historia Medieval; Arqueolog\u00eda; Lengua espa\u00f1ola; Filolog\u00eda Latina; Filolog\u00eda Inglesa; Historia Moderna; Filolog\u00eda Inglesa; Antropolog\u00eda Social, Psicolog\u00eda B\u00e1sica y Salud P\u00fablica; Historia Antigua; An\u00e1lisis Geogr\u00e1fico Regional; Historia de Am\u00e9rica; Matem\u00e1tica Aplicada; M\u00e9todos Cuantitativos para la Econom\u00eda y la Empresa; Filosof\u00eda; Filolog\u00eda Alemana; y Traducci\u00f3n e Interpretaci\u00f3n.<\/p>\n<p>Adem\u00e1s, colaboran <strong>Furor Bacchicus Teatro<\/strong>, grupo de teatro grecolatino de la Facultad de Humanidades de la UPO; <strong>RadiOlavide<\/strong>, radio universitaria de la UPO; la <strong>Asociaci\u00f3n Cultural y de Recreaci\u00f3n Hist\u00f3rica, Tercio de Olivares<\/strong>; la <strong>Academia Andaluza de la Historia<\/strong>; el <strong>Conjunto Arqueol\u00f3gico de It\u00e1lica<\/strong>, y el <strong>Antiquarium<\/strong>. Tambi\u00e9n participa profesorado de la <strong>Universidad de M\u00e9xico<\/strong>, <strong>Universidad Aut\u00f3noma de Madrid<\/strong> y <strong>Universidad Complutense de Madrid<\/strong>.<\/p>\n<p>La inauguraci\u00f3n de la 5.\u00aa Semana de la Historia ser\u00e1 el lunes 11 de marzo a las 10:00 horas en la Sala de Prensa del Rectorado de la Universidad Pablo de Olavide a \u00a0la cual asistir\u00e1n la vicerrectora de Investigaci\u00f3n, Transferencia y Doctorado de la UPO, <strong>Antonia Jim\u00e9nez Rodr\u00edguez<\/strong>; la decana de la Facultad de Humanidades, <strong>Mar\u00eda Losada Friend<\/strong>; y la directora de la Oficina de Transferencia de Resultados de Investigaci\u00f3n (OTRI), <strong>Rosario Jim\u00e9nez Rodr\u00edguez<\/strong>. Acto seguido, <strong>Silvia Mar\u00eda P\u00e9rez Gonz\u00e1lez<\/strong> y <strong>Jes\u00fas Manuel Garc\u00eda Ayoso<\/strong>, investigadores del \u00c1rea de Historia Medieval de la Universidad Pablo de Olavide, ofrecer\u00e1n la <strong>charla inaugural \u2018Mujeres y abastecimiento de los n\u00facleos urbanos del Reino de Sevilla a finales de la Edad Media\u2019<\/strong>. La entrada es libre hasta agotar aforo.<\/p>\n<p>La Semana de la Historia de la Universidad Pablo de Olavide ha sido organizada por el Vicerrectorado de Investigaci\u00f3n, Transferencia y Doctorado, a trav\u00e9s de la Oficina de Transferencia de Resultados de Investigaci\u00f3n (OTRI), con la colaboraci\u00f3n de la Facultad de Humanidades.<\/p>\n<p>M\u00e1s informaci\u00f3n e inscripciones: <a href=\"https:\/\/eventos.upo.es\/111436\/detail\/5o-semana-de-la-historia-de-la-universidad-pablo-de-olavide.html\">5\u00aa Semana de la Historia<\/a><\/p>\n<p>Fuente: Oficina de Transferencia de Resultados de Investigaci\u00f3n de la UPO.<\/p>\n","protected":false},"excerpt":{"rendered":"<p>El p\u00fablico podr\u00e1 disfrutar de un amplio programa de actividades como visitas guiadas, charlas, obras de teatro, talleres, conferencias, coloquios o exposiciones coordinadas por investigadores e investigadoras de la UPO.<\/p>\n","protected":false},"author":6,"featured_media":30881332,"comment_status":"closed","ping_status":"open","sticky":false,"template":"","format":"standard","meta":{"_monsterinsights_skip_tracking":false,"_monsterinsights_sitenote_active":false,"_monsterinsights_sitenote_note":"","_monsterinsights_sitenote_category":0,"footnotes":""},"categories":[2779],"tags":[544,96,150,3657,83,8297,95,7331],"class_list":["post-30881327","post","type-post","status-publish","format-standard","has-post-thumbnail","hentry","category-docencia-formacion","tag-conferencias","tag-facultad-de-humanidades","tag-historia","tag-italica","tag-otri","tag-semana-de-la-historia","tag-teatro","tag-vicerrectorado-de-investigacion"],"_links":{"self":[{"href":"https:\/\/www.upo.es\/diario\/wp-json\/wp\/v2\/posts\/30881327","targetHints":{"allow":["GET"]}}],"collection":[{"href":"https:\/\/www.upo.es\/diario\/wp-json\/wp\/v2\/posts"}],"about":[{"href":"https:\/\/www.upo.es\/diario\/wp-json\/wp\/v2\/types\/post"}],"author":[{"embeddable":true,"href":"https:\/\/www.upo.es\/diario\/wp-json\/wp\/v2\/users\/6"}],"replies":[{"embeddable":true,"href":"https:\/\/www.upo.es\/diario\/wp-json\/wp\/v2\/comments?post=30881327"}],"version-history":[{"count":4,"href":"https:\/\/www.upo.es\/diario\/wp-json\/wp\/v2\/posts\/30881327\/revisions"}],"predecessor-version":[{"id":30881374,"href":"https:\/\/www.upo.es\/diario\/wp-json\/wp\/v2\/posts\/30881327\/revisions\/30881374"}],"wp:featuredmedia":[{"embeddable":true,"href":"https:\/\/www.upo.es\/diario\/wp-json\/wp\/v2\/media\/30881332"}],"wp:attachment":[{"href":"https:\/\/www.upo.es\/diario\/wp-json\/wp\/v2\/media?parent=30881327"}],"wp:term":[{"taxonomy":"category","embeddable":true,"href":"https:\/\/www.upo.es\/diario\/wp-json\/wp\/v2\/categories?post=30881327"},{"taxonomy":"post_tag","embeddable":true,"href":"https:\/\/www.upo.es\/diario\/wp-json\/wp\/v2\/tags?post=30881327"}],"curies":[{"name":"wp","href":"https:\/\/api.w.org\/{rel}","templated":true}]}}