{"id":30881334,"date":"2024-03-06T13:21:20","date_gmt":"2024-03-06T12:21:20","guid":{"rendered":"https:\/\/www.upo.es\/diario\/?p=30881334"},"modified":"2024-05-07T09:26:02","modified_gmt":"2024-05-07T07:26:02","slug":"declaracion-crue-con-motivo-del-8-de-marzo-dia-internacional-de-la-mujer","status":"publish","type":"post","link":"https:\/\/www.upo.es\/diario\/institucional\/2024\/03\/declaracion-crue-con-motivo-del-8-de-marzo-dia-internacional-de-la-mujer\/","title":{"rendered":"Declaraci\u00f3n CRUE con motivo del 8 de marzo, D\u00eda Internacional de la Mujer"},"content":{"rendered":"<figure id=\"attachment_30881335\" aria-describedby=\"caption-attachment-30881335\" style=\"width: 300px\" class=\"wp-caption alignright\"><a href=\"https:\/\/www.upo.es\/diario\/wp-content\/uploads\/2024\/03\/CRUE-Mujeres.jpg\"><img loading=\"lazy\" decoding=\"async\" class=\"wp-image-30881335\" src=\"https:\/\/www.upo.es\/diario\/wp-content\/uploads\/2024\/03\/CRUE-Mujeres.jpg\" alt=\"\" width=\"300\" height=\"136\" srcset=\"https:\/\/www.upo.es\/diario\/wp-content\/uploads\/2024\/03\/CRUE-Mujeres.jpg 455w, https:\/\/www.upo.es\/diario\/wp-content\/uploads\/2024\/03\/CRUE-Mujeres-420x191.jpg 420w\" sizes=\"auto, (max-width: 300px) 100vw, 300px\" \/><\/a><figcaption id=\"caption-attachment-30881335\" class=\"wp-caption-text\">CRUE Universidades Espa\u00f1olas<\/figcaption><\/figure>\n<p>El <strong>8 de marzo<\/strong> es una jornada de reivindicaci\u00f3n, una jornada que conmemora la lucha de las mujeres por la igualdad de derechos, la justicia y la equidad de g\u00e9nero. Se ha convertido ya en un d\u00eda emblem\u00e1tico, que sirve adem\u00e1s para sensibilizar a la sociedad y abogar por un mundo m\u00e1s igualitario.<\/p>\n<p>El lema de la ONU para este 2024, <strong>\u00abFinanciar los derechos de las mujeres: acelerar la igualdad\u00bb<\/strong>, nos anima a invertir en pol\u00edticas para avanzar en la igualdad de g\u00e9nero como un imperativo desde la perspectiva de derechos humanos y una piedra angular para crear sociedades m\u00e1s inclusivas, que benefician a todo el mundo. El lema destaca la certeza de que las mujeres tienen mucho que ofrecer al desarrollo de nuestra sociedad y que esa apuesta mantiene, tambi\u00e9n, una dimensi\u00f3n econ\u00f3mica, porque excluir o reducir su participaci\u00f3n supone, al final, un empobrecimiento social y cultural, s\u00ed, pero tambi\u00e9n econ\u00f3mico. Incrementar la participaci\u00f3n de la mujer en toda clase de din\u00e1micas sociales no s\u00f3lo es un imperativo \u00e9tico, sino tambi\u00e9n un recurso econ\u00f3mico: mucho pierde la sociedad que olvida el talento y el esfuerzo de la mitad de su poblaci\u00f3n.<\/p>\n<p>El 8 de marzo vuelve a ser una oportunidad se\u00f1alada en el calendario para despertar las conciencias: la igualdad es un objetivo prioritario de cara a alcanzar una sociedad libre, una sociedad en la que ninguna persona disfrute de injustos privilegios ni se vea perjudicada por no menos injustas discriminaciones. La educaci\u00f3n es fundamental desde las primeras etapas y son las familias, junto a los centros educativos, los que tienen que aunar esfuerzos en esa tarea.<\/p>\n<p>En esas coordenadas, la responsabilidad de la universidad, como m\u00e1xima instancia de educaci\u00f3n superior, es fundamental. La universidad debe coronar los esfuerzos de todo el sistema educativo, a trav\u00e9s de una visi\u00f3n multidisciplinar en la que realicen sus aportaciones todas las \u00e1reas de conocimiento, todas las especialidades. Con ese objetivo, la universidad buscar\u00e1 posibilidades y facilitar\u00e1 el compromiso de los poderes p\u00fablicos de financiar adecuadamente ese nuevo escenario de transformaci\u00f3n y cambio.<\/p>\n<p>Renovamos hoy, por tanto, nuestro compromiso con la igualdad efectiva, luchamos por la eliminaci\u00f3n de cualquier tipo de violencia contra las mujeres y nos comprometemos, como universidades, a que toda nuestra actividad docente e investigadora se inspire en esos principios. Ese es el \u00fanico camino para alcanzar un mundo m\u00e1s justo y equitativo.<\/p>\n<div class=\"entry_wrapper\">\n<div class=\"post_wrapper\">\n<div class=\"entry-content\">\n<p>Fuente: Crue Universidades Espa\u00f1olas.<\/p>\n<\/div>\n<\/div>\n<\/div>\n<div class=\"clear\"><\/div>\n","protected":false},"excerpt":{"rendered":"<p>El 8 de marzo es una jornada de reivindicaci\u00f3n, una jornada que conmemora la lucha de las mujeres por la igualdad de derechos, la justicia y la equidad de g\u00e9nero. Se ha convertido ya en un d\u00eda emblem\u00e1tico, que sirve adem\u00e1s para sensibilizar a la sociedad y abogar por un mundo m\u00e1s igualitario.<\/p>\n","protected":false},"author":4,"featured_media":30881335,"comment_status":"closed","ping_status":"open","sticky":false,"template":"","format":"standard","meta":{"_monsterinsights_skip_tracking":false,"_monsterinsights_sitenote_active":false,"_monsterinsights_sitenote_note":"","_monsterinsights_sitenote_category":0,"footnotes":""},"categories":[6],"tags":[4124,3735,336,517,143],"class_list":["post-30881334","post","type-post","status-publish","format-standard","has-post-thumbnail","hentry","category-institucional","tag-crue-universidades-espanolas","tag-dia-internacional-de-la-mujer","tag-genero","tag-igualdad","tag-violencia"],"_links":{"self":[{"href":"https:\/\/www.upo.es\/diario\/wp-json\/wp\/v2\/posts\/30881334","targetHints":{"allow":["GET"]}}],"collection":[{"href":"https:\/\/www.upo.es\/diario\/wp-json\/wp\/v2\/posts"}],"about":[{"href":"https:\/\/www.upo.es\/diario\/wp-json\/wp\/v2\/types\/post"}],"author":[{"embeddable":true,"href":"https:\/\/www.upo.es\/diario\/wp-json\/wp\/v2\/users\/4"}],"replies":[{"embeddable":true,"href":"https:\/\/www.upo.es\/diario\/wp-json\/wp\/v2\/comments?post=30881334"}],"version-history":[{"count":2,"href":"https:\/\/www.upo.es\/diario\/wp-json\/wp\/v2\/posts\/30881334\/revisions"}],"predecessor-version":[{"id":30881338,"href":"https:\/\/www.upo.es\/diario\/wp-json\/wp\/v2\/posts\/30881334\/revisions\/30881338"}],"wp:featuredmedia":[{"embeddable":true,"href":"https:\/\/www.upo.es\/diario\/wp-json\/wp\/v2\/media\/30881335"}],"wp:attachment":[{"href":"https:\/\/www.upo.es\/diario\/wp-json\/wp\/v2\/media?parent=30881334"}],"wp:term":[{"taxonomy":"category","embeddable":true,"href":"https:\/\/www.upo.es\/diario\/wp-json\/wp\/v2\/categories?post=30881334"},{"taxonomy":"post_tag","embeddable":true,"href":"https:\/\/www.upo.es\/diario\/wp-json\/wp\/v2\/tags?post=30881334"}],"curies":[{"name":"wp","href":"https:\/\/api.w.org\/{rel}","templated":true}]}}