{"id":30881362,"date":"2024-03-07T16:27:40","date_gmt":"2024-03-07T15:27:40","guid":{"rendered":"https:\/\/www.upo.es\/diario\/?p=30881362"},"modified":"2024-03-15T10:19:24","modified_gmt":"2024-03-15T09:19:24","slug":"prestigiosos-neurocientificos-exponen-los-avances-en-enfermedades-neurologicas-y-mentales-en-el-master-en-neurociencia-de-la-upo","status":"publish","type":"post","link":"https:\/\/www.upo.es\/diario\/docencia-formacion\/2024\/03\/prestigiosos-neurocientificos-exponen-los-avances-en-enfermedades-neurologicas-y-mentales-en-el-master-en-neurociencia-de-la-upo\/","title":{"rendered":"Prestigiosos neurocient\u00edficos exponen los avances en enfermedades neurol\u00f3gicas y mentales en el M\u00e1ster en Neurociencia de la UPO"},"content":{"rendered":"<figure id=\"attachment_30881363\" aria-describedby=\"caption-attachment-30881363\" style=\"width: 668px\" class=\"wp-caption aligncenter\"><img loading=\"lazy\" decoding=\"async\" class=\"size-large wp-image-30881363\" src=\"https:\/\/www.upo.es\/diario\/wp-content\/uploads\/2024\/03\/Foto_noticia-Master_2024-2025-668x525.jpg\" alt=\"Desde la parte superior y de izquierda a derecha, Mara Parellada , Javier DeFelipe, Ignacio Torres Alem\u00e1n y Pablo Villoslada\" width=\"668\" height=\"525\" srcset=\"https:\/\/www.upo.es\/diario\/wp-content\/uploads\/2024\/03\/Foto_noticia-Master_2024-2025-668x525.jpg 668w, https:\/\/www.upo.es\/diario\/wp-content\/uploads\/2024\/03\/Foto_noticia-Master_2024-2025-420x330.jpg 420w, https:\/\/www.upo.es\/diario\/wp-content\/uploads\/2024\/03\/Foto_noticia-Master_2024-2025-768x604.jpg 768w, https:\/\/www.upo.es\/diario\/wp-content\/uploads\/2024\/03\/Foto_noticia-Master_2024-2025.jpg 818w\" sizes=\"auto, (max-width: 668px) 100vw, 668px\" \/><figcaption id=\"caption-attachment-30881363\" class=\"wp-caption-text\">Desde la parte superior y de izquierda a derecha, Mara Parellada , Javier DeFelipe, Ignacio Torres Alem\u00e1n y Pablo Villoslada<\/figcaption><\/figure>\n<p>El <a href=\"https:\/\/www.upo.es\/postgrado\/Master-Oficial-Neurociencia-Fundamental-y-Traslacional\/\">M\u00e1ster Universitario en Neurociencia Fundamental y Traslacional<\/a> de la Universidad Pablo de Olavide contar\u00e1 con la presencia de cuatro prestigiosos neurocient\u00edficos espa\u00f1oles que impartir\u00e1n a partir de la pr\u00f3xima semana clases sobre las bases neurobiol\u00f3gicas, marcadores diagn\u00f3sticos y terapias de enfermedades mentales y neurol\u00f3gicas tan relevantes como la enfermedad de Alzheimer, el autismo y la esclerosis m\u00faltiple. <strong>Mara Parellada, Javier DeFelipe, Ignacio Torres y Pablo Villoslada impartir\u00e1n estas conferencias en el aula B10 del edificio Alexander von Humboldt, como parte de la asignatura \u2018Enfermedades del Sistema Nervioso\u2019<\/strong>, cuyo responsable acad\u00e9mico es el profesor Jos\u00e9 Luis Cantero Lorente, catedr\u00e1tico de Fisiolog\u00eda de la Universidad.<\/p>\n<p><strong>Mara Parellada<\/strong>, investigadora experta en las bases neurobiol\u00f3gicas de los trastornos del espectro autista (TEA), impartir\u00e1 su clase magistral el <strong>13 de marzo<\/strong>, que tratar\u00e1 sobre las <strong>bases neurobiol\u00f3gicas del autismo y nuevas dianas terap\u00e9uticas<\/strong>. La doctora Parellada es m\u00e9dico especialista en psiquiatr\u00eda en el Servicio de Psiquiatr\u00eda del Ni\u00f1o y del Adolescente del Hospital General Universitario Gregorio Mara\u00f1\u00f3n, donde ejerce como Coordinadora de la Unidad regional de Diagn\u00f3stico Complejo de TEA. Coordina la l\u00ednea de autismo de la Estrategia de Salud Mental del Ministerio de Sanidad y del Plan de Salud Mental de la Comunidad de Madrid; es profesora del Departamento de Psiquiatr\u00eda de la Universidad Complutense de Madrid y posee una c\u00e1tedra asociada visitante en la Universidad de California en San Francisco (USA). Mara Parellada preside asimismo la Comisi\u00f3n Nacional de la Especialidad de Psiquiatr\u00eda Infantil y de la Adolescencia y es miembro del CIBER de Salud Mental (CIBERSAM) desde su creaci\u00f3n. Actualmente, preside la Comisi\u00f3n T\u00e9cnica de Evaluaci\u00f3n de Enfermedades Neurol\u00f3gicas y Mentales de la Acci\u00f3n Estrat\u00e9gica en Salud.<\/p>\n<p><strong>Javier DeFelipe<\/strong> intervendr\u00e1 en el M\u00e1ster de la UPO el <strong>14 de marzo<\/strong> y sus clases abordar\u00e1n las <strong>nuevas tecnolog\u00edas para el estudio microsc\u00f3pico del cerebro con enfermedad de Alzheimer<\/strong>. DeFelipe es investigador en el Instituto Cajal (CSIC) y director del Laboratorio Cajal de Circuitos Corticales (Centro de Tecnolog\u00eda Biom\u00e9dica, UPM). El Dr. DeFelipe es considerado como el neuroanatomista m\u00e1s destacado en la actualidad que ha seguido los pasos de Santiago Ram\u00f3n y Cajal para avanzar en el estudio de la microorganizaci\u00f3n de la corteza cerebral mediante la utilizaci\u00f3n y desarrollo de nuevas tecnolog\u00edas. Ha liderado el prestigioso proyecto <a href=\"https:\/\/cajalbbp.csic.es\/\">Cajal Blue Brain<\/a>, gracias al cual se han realizado importantes avances tecnol\u00f3gicos para el estudio del cerebro, y fue uno de los trece investigadores principales del <em><a href=\"https:\/\/www.humanbrainproject.eu\/en\/\">Human Brain Project<\/a><\/em>. Su l\u00ednea de investigaci\u00f3n se centra en el estudio de la microoorganizaci\u00f3n de la corteza cerebral normal y en las alteraciones de los circuitos corticales en la enfermedad de Alzheimer y la epilepsia.<\/p>\n<p>Las clases de<strong> Ignacio Torres Alem\u00e1n, el viernes 15 de marzo, tratar\u00e1n sobre neurobiolog\u00eda de los p\u00e9ptidos insul\u00ednicos y enfermedad de Alzheimer<\/strong>. Investigador del CSIC y profesor Ikerbasque, Ignacio Torres ha dirigido el Instituto Cajal (CSIC) entre 2009 y 2017, donde desarroll\u00f3 la mayor parte de su carrera cient\u00edfica. Desde 2021, es director del Achucarro Basque Center for Neuroscience. Ha centrado su carrera cient\u00edfica en estudiar las hormonas insul\u00ednicas para entender su impacto fisiol\u00f3gico sobre el cerebro y desarrollar nuevas terapias para enfermedades neurodegenerativas. De especial relevancia son sus contribuciones sobre el factor de crecimiento insul\u00ednico tipo 1 (IGF-1) como factor neurotr\u00f3fico que juega un papel significativo en el funcionamiento cerebral normal y disfuncional.<\/p>\n<p>Por \u00faltimo, <strong>Pablo Villoslada<\/strong>, m\u00e9dico especialista en neurolog\u00eda, impartir\u00e1 el <strong>18 de marzo<\/strong> clases sobre la <strong>patogenia, biomarcadores y terapias de la esclerosis m\u00faltiple<\/strong>. El Dr. Villoslada ha trabajado en el campo de la esclerosis m\u00faltiple y la neuroinmunolog\u00eda en la Universidad de California, San Francisco, Universidad de Navarra, Hospital Clinic de Barcelona y en la Universidad de Stanford. Desde junio de 2023 es jefe de servicio de Neurolog\u00eda y del Programa de Neurociencias del Hospital del Mar y profesor de la Facultad de Medicina de la Universidad Pompeu Fabra. Su principal inter\u00e9s en investigaci\u00f3n se centra en aplicar aproximaciones basadas en biolog\u00eda de sistemas a enfermedades neuroinflamatorias y neurodegenerativas y al desarrollo de nuevas terapias.<\/p>\n<p><img loading=\"lazy\" decoding=\"async\" class=\"alignright size-medium wp-image-30881364\" src=\"https:\/\/www.upo.es\/diario\/wp-content\/uploads\/2024\/03\/Master-Neurociencia-UPO-385x420.jpg\" alt=\"M\u00e1ster Universitario en Neurociencia Fundamental y Traslacional \" width=\"385\" height=\"420\" srcset=\"https:\/\/www.upo.es\/diario\/wp-content\/uploads\/2024\/03\/Master-Neurociencia-UPO-385x420.jpg 385w, https:\/\/www.upo.es\/diario\/wp-content\/uploads\/2024\/03\/Master-Neurociencia-UPO-481x525.jpg 481w, https:\/\/www.upo.es\/diario\/wp-content\/uploads\/2024\/03\/Master-Neurociencia-UPO-768x838.jpg 768w, https:\/\/www.upo.es\/diario\/wp-content\/uploads\/2024\/03\/Master-Neurociencia-UPO-1408x1536.jpg 1408w, https:\/\/www.upo.es\/diario\/wp-content\/uploads\/2024\/03\/Master-Neurociencia-UPO-1877x2048.jpg 1877w, https:\/\/www.upo.es\/diario\/wp-content\/uploads\/2024\/03\/Master-Neurociencia-UPO-1320x1440.jpg 1320w\" sizes=\"auto, (max-width: 385px) 100vw, 385px\" \/>El <strong>M\u00e1ster Universitario en Neurociencia Fundamental y Traslacional<\/strong> abarca las disciplinas que se dedican al estudio fundamental y aplicado (traslacional) del sistema nervioso. Con el objetivo de ofrecer una formaci\u00f3n completa que permita a sus estudiantes desarrollarse como futuros neurocient\u00edficos y neurocient\u00edficas, este t\u00edtulo oficial de postgrado permite adquirir competencias en los principales retos que aborda actualmente la Neurociencia, una disciplina que juega un papel fundamental, no solo en el \u00e1mbito de la salud, sino tambi\u00e9n en temas como la neuroeducaci\u00f3n, el dise\u00f1o de pr\u00f3tesis e interfaces hombre-m\u00e1quina y la toma de decisiones.<\/p>\n","protected":false},"excerpt":{"rendered":"<p>Mara Parellada, Javier DeFelipe, Ignacio Torres y Pablo Villoslada impartir\u00e1n en el campus clases magistrales sobre las bases neurol\u00f3gicas, diagn\u00f3stico y terapias de enfermedades como el Alzh\u00e9imer, el autismo y la esclerosis m\u00faltiple.<\/p>\n","protected":false},"author":6,"featured_media":30881363,"comment_status":"closed","ping_status":"open","sticky":false,"template":"","format":"standard","meta":{"_monsterinsights_skip_tracking":false,"_monsterinsights_sitenote_active":false,"_monsterinsights_sitenote_note":"","_monsterinsights_sitenote_category":0,"footnotes":""},"categories":[2779],"tags":[272,763,1577,8744,2412,82,218,2300,6300],"class_list":["post-30881362","post","type-post","status-publish","format-standard","has-post-thumbnail","hentry","category-docencia-formacion","tag-alzheimer","tag-jose-luis-cantero","tag-master-universitario","tag-neurocienas","tag-neurociencias","tag-postgrado","tag-salud","tag-salud-mental","tag-terapias"],"_links":{"self":[{"href":"https:\/\/www.upo.es\/diario\/wp-json\/wp\/v2\/posts\/30881362","targetHints":{"allow":["GET"]}}],"collection":[{"href":"https:\/\/www.upo.es\/diario\/wp-json\/wp\/v2\/posts"}],"about":[{"href":"https:\/\/www.upo.es\/diario\/wp-json\/wp\/v2\/types\/post"}],"author":[{"embeddable":true,"href":"https:\/\/www.upo.es\/diario\/wp-json\/wp\/v2\/users\/6"}],"replies":[{"embeddable":true,"href":"https:\/\/www.upo.es\/diario\/wp-json\/wp\/v2\/comments?post=30881362"}],"version-history":[{"count":4,"href":"https:\/\/www.upo.es\/diario\/wp-json\/wp\/v2\/posts\/30881362\/revisions"}],"predecessor-version":[{"id":30881368,"href":"https:\/\/www.upo.es\/diario\/wp-json\/wp\/v2\/posts\/30881362\/revisions\/30881368"}],"wp:featuredmedia":[{"embeddable":true,"href":"https:\/\/www.upo.es\/diario\/wp-json\/wp\/v2\/media\/30881363"}],"wp:attachment":[{"href":"https:\/\/www.upo.es\/diario\/wp-json\/wp\/v2\/media?parent=30881362"}],"wp:term":[{"taxonomy":"category","embeddable":true,"href":"https:\/\/www.upo.es\/diario\/wp-json\/wp\/v2\/categories?post=30881362"},{"taxonomy":"post_tag","embeddable":true,"href":"https:\/\/www.upo.es\/diario\/wp-json\/wp\/v2\/tags?post=30881362"}],"curies":[{"name":"wp","href":"https:\/\/api.w.org\/{rel}","templated":true}]}}