{"id":30881399,"date":"2024-03-11T15:25:00","date_gmt":"2024-03-11T14:25:00","guid":{"rendered":"https:\/\/www.upo.es\/diario\/?p=30881399"},"modified":"2024-05-07T09:19:38","modified_gmt":"2024-05-07T07:19:38","slug":"manifiesto-crue-apoyo-a-la-memoria-de-las-victimas-del-terrorismo","status":"publish","type":"post","link":"https:\/\/www.upo.es\/diario\/institucional\/2024\/03\/manifiesto-crue-apoyo-a-la-memoria-de-las-victimas-del-terrorismo\/","title":{"rendered":"Manifiesto CRUE en Apoyo a la Memoria de las V\u00edctimas del Terrorismo"},"content":{"rendered":"<figure id=\"attachment_30881400\" aria-describedby=\"caption-attachment-30881400\" style=\"width: 420px\" class=\"wp-caption alignright\"><a href=\"https:\/\/www.upo.es\/diario\/wp-content\/uploads\/2024\/03\/11M-Creatividad-para-RRSS.jpg\"><img loading=\"lazy\" decoding=\"async\" class=\"size-medium wp-image-30881400\" src=\"https:\/\/www.upo.es\/diario\/wp-content\/uploads\/2024\/03\/11M-Creatividad-para-RRSS-420x236.jpg\" alt=\"\" width=\"420\" height=\"236\" srcset=\"https:\/\/www.upo.es\/diario\/wp-content\/uploads\/2024\/03\/11M-Creatividad-para-RRSS-420x236.jpg 420w, https:\/\/www.upo.es\/diario\/wp-content\/uploads\/2024\/03\/11M-Creatividad-para-RRSS-750x422.jpg 750w, https:\/\/www.upo.es\/diario\/wp-content\/uploads\/2024\/03\/11M-Creatividad-para-RRSS-768x432.jpg 768w, https:\/\/www.upo.es\/diario\/wp-content\/uploads\/2024\/03\/11M-Creatividad-para-RRSS-1536x864.jpg 1536w, https:\/\/www.upo.es\/diario\/wp-content\/uploads\/2024\/03\/11M-Creatividad-para-RRSS-1320x743.jpg 1320w, https:\/\/www.upo.es\/diario\/wp-content\/uploads\/2024\/03\/11M-Creatividad-para-RRSS.jpg 1920w\" sizes=\"auto, (max-width: 420px) 100vw, 420px\" \/><\/a><figcaption id=\"caption-attachment-30881400\" class=\"wp-caption-text\">CRUE Universidades Espa\u00f1olas<\/figcaption><\/figure>\n<p>La Conferencia de Rectores y Rectoras de las Universidades Espa\u00f1olas (CRUE) se une a los actos de conmemoraci\u00f3n del <strong>D\u00eda Europeo en Memoria de las V\u00edctimas del Terrorismo<\/strong> con la lectura de un manifiesto en el que expresa \u00absu m\u00e1s en\u00e9rgica condena ante cualquier tipo de violencia\u00bb y reafirma su \u00abcompromiso con la memoria, la restauraci\u00f3n y la no repetici\u00f3n\u00bb.<\/p>\n<p>La Junta Rectora de CRUE celebrada el 6 de julio de 2023 acord\u00f3 \u2013a propuesta de la Comisi\u00f3n Sectorial de Sostenibilidad\u2013 que el D\u00eda Europeo de las V\u00edctimas del Terrorismo fuese una jornada \u00abde reflexi\u00f3n y recuerdo con quienes perdieron la vida y han sufrido los efectos de la barbarie\u00bb, tal y como recoge la declaraci\u00f3n. El texto hecho p\u00fablico hoy por CRUE reivindica \u00abla educaci\u00f3n como la herramienta m\u00e1s poderosa para consolidar la paz y el respeto\u00bb y recalca que \u00absolo a trav\u00e9s de la formaci\u00f3n en valores de nuestra juventud lograremos la convivencia pac\u00edfica, solidaria y emp\u00e1tica tan necesaria en la coyuntura actual\u00bb.<\/p>\n<p>Con ese prop\u00f3sito, la comunidad universitaria \u00abva a seguir colaborando con las instituciones democr\u00e1ticas, dando soporte a las v\u00edctimas y sus familias en su proceso de recuperaci\u00f3n f\u00edsica y moral\u00bb y continuando \u00abcon la labor de concienciaci\u00f3n en las aulas a trav\u00e9s de acciones formativas espec\u00edficamente dirigidas a abordar las causas y consecuencias del terrorismo y su prevenci\u00f3n\u00bb. Adem\u00e1s, la Universidad \u00abmantendr\u00e1 los programas de intercambio estudiantil y la actividad de nuestra extensi\u00f3n universitaria, con el fin de seguir incluyendo iniciativas culturales, conferencias y debates que fomenten la tolerancia y la diversidad ideol\u00f3gica y religiosa\u00bb, todo ello \u00absin perder de vista la necesidad del natural respaldo de la evidencia cient\u00edfica, a trav\u00e9s de los grupos y proyectos de investigaci\u00f3n que, desde las universidades, analizan las distintas vertientes que entra\u00f1a esta problem\u00e1tica\u00bb.<\/p>\n<p>El comunicado de CRUE expresa su deseo de que esas actuaciones \u00abcontribuyan a fortalecer el esp\u00edritu cr\u00edtico y reflexivo ante cualquier vulneraci\u00f3n de los derechos humanos y tipo de violencia\u00bb y concluye honrando la memoria de las v\u00edctimas y solidariz\u00e1ndose con sus familias, as\u00ed como volviendo a expresar su determinaci\u00f3n para construir, \u00aben un ejercicio de corresponsabilidad ciudadana, un futuro m\u00e1s seguro y esperanzador\u00bb.<\/p>\n<p>Fuente:\u00a0Crue Universidades Espa\u00f1olas<\/p>\n<p>&nbsp;<\/p>\n","protected":false},"excerpt":{"rendered":"<p>La Conferencia de Rectores y Rectoras de las Universidades Espa\u00f1olas (CRUE) se une a los actos de conmemoraci\u00f3n del D\u00eda Europeo en Memoria de las V\u00edctimas del Terrorismo con la lectura de un manifiesto en el que expresa \u00absu m\u00e1s en\u00e9rgica condena ante cualquier tipo de violencia\u00bb y reafirma su \u00abcompromiso con la memoria, la restauraci\u00f3n y la no repetici\u00f3n\u00bb.<\/p>\n","protected":false},"author":4,"featured_media":30881400,"comment_status":"closed","ping_status":"open","sticky":false,"template":"","format":"standard","meta":{"_monsterinsights_skip_tracking":false,"_monsterinsights_sitenote_active":false,"_monsterinsights_sitenote_note":"","_monsterinsights_sitenote_category":0,"footnotes":""},"categories":[6],"tags":[4124,8745,482],"class_list":["post-30881399","post","type-post","status-publish","format-standard","has-post-thumbnail","hentry","category-institucional","tag-crue-universidades-espanolas","tag-dia-europeo-en-memoria-de-las-victimas-del-terrorismo","tag-terrorismo"],"_links":{"self":[{"href":"https:\/\/www.upo.es\/diario\/wp-json\/wp\/v2\/posts\/30881399","targetHints":{"allow":["GET"]}}],"collection":[{"href":"https:\/\/www.upo.es\/diario\/wp-json\/wp\/v2\/posts"}],"about":[{"href":"https:\/\/www.upo.es\/diario\/wp-json\/wp\/v2\/types\/post"}],"author":[{"embeddable":true,"href":"https:\/\/www.upo.es\/diario\/wp-json\/wp\/v2\/users\/4"}],"replies":[{"embeddable":true,"href":"https:\/\/www.upo.es\/diario\/wp-json\/wp\/v2\/comments?post=30881399"}],"version-history":[{"count":4,"href":"https:\/\/www.upo.es\/diario\/wp-json\/wp\/v2\/posts\/30881399\/revisions"}],"predecessor-version":[{"id":30881404,"href":"https:\/\/www.upo.es\/diario\/wp-json\/wp\/v2\/posts\/30881399\/revisions\/30881404"}],"wp:featuredmedia":[{"embeddable":true,"href":"https:\/\/www.upo.es\/diario\/wp-json\/wp\/v2\/media\/30881400"}],"wp:attachment":[{"href":"https:\/\/www.upo.es\/diario\/wp-json\/wp\/v2\/media?parent=30881399"}],"wp:term":[{"taxonomy":"category","embeddable":true,"href":"https:\/\/www.upo.es\/diario\/wp-json\/wp\/v2\/categories?post=30881399"},{"taxonomy":"post_tag","embeddable":true,"href":"https:\/\/www.upo.es\/diario\/wp-json\/wp\/v2\/tags?post=30881399"}],"curies":[{"name":"wp","href":"https:\/\/api.w.org\/{rel}","templated":true}]}}