{"id":30881461,"date":"2024-03-12T20:50:08","date_gmt":"2024-03-12T19:50:08","guid":{"rendered":"https:\/\/www.upo.es\/diario\/?p=30881461"},"modified":"2024-03-13T17:20:40","modified_gmt":"2024-03-13T16:20:40","slug":"la-upo-acoge-la-fase-provincial-de-las-olimpiadas-matematicas-thales","status":"publish","type":"post","link":"https:\/\/www.upo.es\/diario\/comunidad\/2024\/03\/la-upo-acoge-la-fase-provincial-de-las-olimpiadas-matematicas-thales\/","title":{"rendered":"La UPO acoge la fase provincial de las Olimpiadas Matem\u00e1ticas Thales"},"content":{"rendered":"<p><img loading=\"lazy\" decoding=\"async\" class=\"aligncenter size-large wp-image-30881463\" src=\"https:\/\/www.upo.es\/diario\/wp-content\/uploads\/2024\/03\/olimpiadas-matematicas-Thales-Sevilla-750x425.jpg\" alt=\"\" width=\"750\" height=\"425\" srcset=\"https:\/\/www.upo.es\/diario\/wp-content\/uploads\/2024\/03\/olimpiadas-matematicas-Thales-Sevilla-750x425.jpg 750w, https:\/\/www.upo.es\/diario\/wp-content\/uploads\/2024\/03\/olimpiadas-matematicas-Thales-Sevilla-420x238.jpg 420w, https:\/\/www.upo.es\/diario\/wp-content\/uploads\/2024\/03\/olimpiadas-matematicas-Thales-Sevilla-768x435.jpg 768w, https:\/\/www.upo.es\/diario\/wp-content\/uploads\/2024\/03\/olimpiadas-matematicas-Thales-Sevilla-1536x869.jpg 1536w, https:\/\/www.upo.es\/diario\/wp-content\/uploads\/2024\/03\/olimpiadas-matematicas-Thales-Sevilla-2048x1159.jpg 2048w, https:\/\/www.upo.es\/diario\/wp-content\/uploads\/2024\/03\/olimpiadas-matematicas-Thales-Sevilla-1320x747.jpg 1320w\" sizes=\"auto, (max-width: 750px) 100vw, 750px\" \/>M\u00e1s de seiscientos estudiantes de segundo curso de Secundaria de la provincia de Sevilla participaron el pasado s\u00e1bado, 9 de marzo, en la <strong>fase provincial de las Olimpiadas Matem\u00e1ticas Thales<\/strong>, celebrada en el campus de la Universidad Pablo de Olavide.<\/p>\n<p><img loading=\"lazy\" decoding=\"async\" class=\"alignright size-medium wp-image-30881464\" src=\"https:\/\/www.upo.es\/diario\/wp-content\/uploads\/2024\/03\/2-420x175.jpg\" alt=\"estudiantes en las olimpiadas de matem\u00e1ticas Thales de Sevilla\" width=\"420\" height=\"175\" srcset=\"https:\/\/www.upo.es\/diario\/wp-content\/uploads\/2024\/03\/2-420x175.jpg 420w, https:\/\/www.upo.es\/diario\/wp-content\/uploads\/2024\/03\/2-750x312.jpg 750w, https:\/\/www.upo.es\/diario\/wp-content\/uploads\/2024\/03\/2-768x320.jpg 768w, https:\/\/www.upo.es\/diario\/wp-content\/uploads\/2024\/03\/2-1536x640.jpg 1536w, https:\/\/www.upo.es\/diario\/wp-content\/uploads\/2024\/03\/2-2048x853.jpg 2048w, https:\/\/www.upo.es\/diario\/wp-content\/uploads\/2024\/03\/2-1320x550.jpg 1320w\" sizes=\"auto, (max-width: 420px) 100vw, 420px\" \/>Organizada por la <strong>Sociedad de Educaci\u00f3n Matem\u00e1tica Thales<\/strong>, en colaboraci\u00f3n con la<strong> Facultad de Ciencias Empresariales y la Escuela Polit\u00e9cnica Superior de la UPO<\/strong>, se trata de una competici\u00f3n basada en las capacidades de resoluci\u00f3n de problemas, las componentes culturales de las matem\u00e1ticas y el esp\u00edritu del trabajo colaborativo en aquellas fases donde se realicen pruebas por equipos. Una vez evaluadas las pruebas, <strong>cuatro estudiantes pasar\u00e1n a la fase regional que este a\u00f1o se celebrar\u00e1 en Sevilla durante el mes de mayo<\/strong>, en ella se jugar\u00e1n las plazas para pasar a la fase nacional que tendr\u00e1 lugar en Extremadura. Adem\u00e1s de pruebas matem\u00e1ticas, en las fases regional y nacional se programan actividades l\u00fadico-recreativas y culturales que permitan conocer las caracter\u00edsticas sociales, hist\u00f3ricas y culturales del lugar donde se organiza la Olimpiada.<\/p>\n<p>Tambi\u00e9n se celebr\u00f3 la fase provincial de la Olimpiada Matem\u00e1tica de Primaria para estudiantes de 6\u00ba curso de esta etapa. Esta olimpiada se realiza por equipos de tres estudiantes y, adem\u00e1s de una prueba de resoluci\u00f3n de problemas, tienen que competir en una Gymkana matem\u00e1tica, que tuvo lugar en el Pasaje de la Ilustraci\u00f3n de del campus.\u00a0 Los ganadores en este caso se conocieron durante la jornada, quedando en primer lugar el equipo del <strong>Colegio<\/strong> <strong>Buen Pastor<\/strong> \u2014que participar\u00e1 en la fase regional\u2014 y en segundo lugar el del Colegio St. Mary. La fase nacional para estudiantes de Primaria se celebrar\u00e1 este a\u00f1o en Madrid.<\/p>\n","protected":false},"excerpt":{"rendered":"<p>M\u00e1s de seiscientos estudiantes de segundo curso de Secundaria de la provincia de Sevilla participaron el pasado s\u00e1bado, 9 de marzo, en la fase provincial de las Olimpiadas Matem\u00e1ticas Thales, celebrada en el campus de la Universidad Pablo de Olavide.<\/p>\n","protected":false},"author":6,"featured_media":30881463,"comment_status":"closed","ping_status":"open","sticky":false,"template":"","format":"standard","meta":{"_monsterinsights_skip_tracking":false,"_monsterinsights_sitenote_active":false,"_monsterinsights_sitenote_note":"","_monsterinsights_sitenote_category":0,"footnotes":""},"categories":[5842],"tags":[1310,2507,2051,152,21,360,980],"class_list":["post-30881461","post","type-post","status-publish","format-standard","has-post-thumbnail","hentry","category-comunidad","tag-competicion","tag-educacion-primaria","tag-educacion-secundaria","tag-escuela-politecnica-superior","tag-estudiantes","tag-facultad-de-ciencias-empresariales","tag-matematicas"],"_links":{"self":[{"href":"https:\/\/www.upo.es\/diario\/wp-json\/wp\/v2\/posts\/30881461","targetHints":{"allow":["GET"]}}],"collection":[{"href":"https:\/\/www.upo.es\/diario\/wp-json\/wp\/v2\/posts"}],"about":[{"href":"https:\/\/www.upo.es\/diario\/wp-json\/wp\/v2\/types\/post"}],"author":[{"embeddable":true,"href":"https:\/\/www.upo.es\/diario\/wp-json\/wp\/v2\/users\/6"}],"replies":[{"embeddable":true,"href":"https:\/\/www.upo.es\/diario\/wp-json\/wp\/v2\/comments?post=30881461"}],"version-history":[{"count":2,"href":"https:\/\/www.upo.es\/diario\/wp-json\/wp\/v2\/posts\/30881461\/revisions"}],"predecessor-version":[{"id":30881465,"href":"https:\/\/www.upo.es\/diario\/wp-json\/wp\/v2\/posts\/30881461\/revisions\/30881465"}],"wp:featuredmedia":[{"embeddable":true,"href":"https:\/\/www.upo.es\/diario\/wp-json\/wp\/v2\/media\/30881463"}],"wp:attachment":[{"href":"https:\/\/www.upo.es\/diario\/wp-json\/wp\/v2\/media?parent=30881461"}],"wp:term":[{"taxonomy":"category","embeddable":true,"href":"https:\/\/www.upo.es\/diario\/wp-json\/wp\/v2\/categories?post=30881461"},{"taxonomy":"post_tag","embeddable":true,"href":"https:\/\/www.upo.es\/diario\/wp-json\/wp\/v2\/tags?post=30881461"}],"curies":[{"name":"wp","href":"https:\/\/api.w.org\/{rel}","templated":true}]}}