{"id":30881486,"date":"2024-03-15T10:00:59","date_gmt":"2024-03-15T09:00:59","guid":{"rendered":"https:\/\/www.upo.es\/diario\/?p=30881486"},"modified":"2024-03-15T10:00:59","modified_gmt":"2024-03-15T09:00:59","slug":"la-universidad-pablo-de-olavide-celebra-las-xiii-jornadas-de-biotecnologia","status":"publish","type":"post","link":"https:\/\/www.upo.es\/diario\/docencia-formacion\/2024\/03\/la-universidad-pablo-de-olavide-celebra-las-xiii-jornadas-de-biotecnologia\/","title":{"rendered":"La Universidad Pablo de Olavide celebra las XIII Jornadas de Biotecnolog\u00eda"},"content":{"rendered":"<figure id=\"attachment_30881487\" aria-describedby=\"caption-attachment-30881487\" style=\"width: 750px\" class=\"wp-caption aligncenter\"><a href=\"https:\/\/www.upo.es\/diario\/wp-content\/uploads\/2024\/03\/Jornadas-Biotecnologia_20240315.jpg\"><img loading=\"lazy\" decoding=\"async\" class=\"size-large wp-image-30881487\" src=\"https:\/\/www.upo.es\/diario\/wp-content\/uploads\/2024\/03\/Jornadas-Biotecnologia_20240315-750x476.jpg\" alt=\"Vivian Capilla durante las XIII Jornadas de Biotecnolog\u00eda\" width=\"750\" height=\"476\" srcset=\"https:\/\/www.upo.es\/diario\/wp-content\/uploads\/2024\/03\/Jornadas-Biotecnologia_20240315-750x476.jpg 750w, https:\/\/www.upo.es\/diario\/wp-content\/uploads\/2024\/03\/Jornadas-Biotecnologia_20240315-420x266.jpg 420w, https:\/\/www.upo.es\/diario\/wp-content\/uploads\/2024\/03\/Jornadas-Biotecnologia_20240315-768x487.jpg 768w, https:\/\/www.upo.es\/diario\/wp-content\/uploads\/2024\/03\/Jornadas-Biotecnologia_20240315-1536x974.jpg 1536w, https:\/\/www.upo.es\/diario\/wp-content\/uploads\/2024\/03\/Jornadas-Biotecnologia_20240315-1320x837.jpg 1320w, https:\/\/www.upo.es\/diario\/wp-content\/uploads\/2024\/03\/Jornadas-Biotecnologia_20240315.jpg 2048w\" sizes=\"auto, (max-width: 750px) 100vw, 750px\" \/><\/a><figcaption id=\"caption-attachment-30881487\" class=\"wp-caption-text\">Vivian Capilla durante las XIII Jornadas de Biotecnolog\u00eda<\/figcaption><\/figure>\n<p>La Universidad Pablo de Olavide celebra este viernes las <strong>XIII Jornadas de Biotecnolog\u00eda<\/strong>, un encuentro en el que <strong>investigadores presentan sus proyectos del \u00e1mbito biotecnol\u00f3gico y estudiantes de los m\u00e1steres de la UPO hacen lo propio con sus trabajos fin de m\u00e1ster<\/strong>. Adem\u00e1s, la Jornada, organizada en el marco de los m\u00e1steres de Biotecnolog\u00eda Sanitaria y Biotecnolog\u00eda Ambiental, Industrial y Alimentaria de la UPO, cuenta con una sesi\u00f3n de p\u00f3steres y se presenta una nueva edici\u00f3n de la revista <em>Biosaia<\/em>.<\/p>\n<p>En esta ocasi\u00f3n, tras la inauguraci\u00f3n de la jornada por parte de <strong>Eva Camacho Fern\u00e1ndez<\/strong>, codirectora del m\u00e1ster Biotecnolog\u00eda Ambiental, Industrial y Alimentaria, la investigadora del CABIMER <strong>Vivian Capilla Gonz\u00e1lez<\/strong>, ha presentado \u2018Beyond Borders: Stem Cell Therapy in Pediatric Brain Tumors\u2019.<\/p>\n<p><a href=\"https:\/\/www.upo.es\/diario\/wp-content\/uploads\/2024\/03\/ProgramaBIOSAIA2024.png\"><img loading=\"lazy\" decoding=\"async\" class=\"alignright size-large wp-image-30881488\" src=\"https:\/\/www.upo.es\/diario\/wp-content\/uploads\/2024\/03\/ProgramaBIOSAIA2024-373x525.png\" alt=\"XIII Jornadas de Biotecnolog\u00eda\" width=\"373\" height=\"525\" srcset=\"https:\/\/www.upo.es\/diario\/wp-content\/uploads\/2024\/03\/ProgramaBIOSAIA2024-373x525.png 373w, https:\/\/www.upo.es\/diario\/wp-content\/uploads\/2024\/03\/ProgramaBIOSAIA2024-299x420.png 299w, https:\/\/www.upo.es\/diario\/wp-content\/uploads\/2024\/03\/ProgramaBIOSAIA2024-768x1080.png 768w, https:\/\/www.upo.es\/diario\/wp-content\/uploads\/2024\/03\/ProgramaBIOSAIA2024-1092x1536.png 1092w, https:\/\/www.upo.es\/diario\/wp-content\/uploads\/2024\/03\/ProgramaBIOSAIA2024-1456x2048.png 1456w, https:\/\/www.upo.es\/diario\/wp-content\/uploads\/2024\/03\/ProgramaBIOSAIA2024-1320x1857.png 1320w, https:\/\/www.upo.es\/diario\/wp-content\/uploads\/2024\/03\/ProgramaBIOSAIA2024.png 1654w\" sizes=\"auto, (max-width: 373px) 100vw, 373px\" \/><\/a>A continuaci\u00f3n, la investigadora ha dado el turno a los estudiantes: <strong>Irene P\u00e1rraga Borrel<\/strong>, con \u2018Functional metagenomic for the identification of new lignocellulose-degrading enzymes\u2019; <strong>Bel\u00e9n Cabello Vega<\/strong>, con \u2018Role of the outer membrane protein A (OmpA) in the interaction of <em>Acinetobacter bauamnnii<\/em> whith host cells\u2019; y <strong>Alba Estrella Mar\u00edn Arco<\/strong>, con \u2018Entoleuca sp. As a tool for decreasing the pathogenicity of almond Wood fungi\u2019.<\/p>\n<p>Tras la sesi\u00f3n de p\u00f3steres, que se celebra de 10:45 a 12:30 horas, <strong>Juan Dom\u00ednguez Robles,<\/strong> investigador Ram\u00f3n y Cajal de la Facultad de Farmacia de la Universidad de Sevilla, presenta \u2018Feasibility of lignin-based platforms for the gamma tubulin complex\u2019.<\/p>\n<p>La jornada finalizar\u00e1 con las presentaciones de <strong>\u00c1lvaro Garc\u00eda Justo<\/strong>, \u2018Phosphorylation-mediated regulation of the gamma tubulin complex\u2019; <strong>Francisco Pablo G\u00f3mez Romero<\/strong>, \u2018Cultivation of <em>Lentinula edodes<\/em>, <em>Hericium erinaceus<\/em> and <em>Pleutorus citrinopileatus<\/em> for commercial and industrial development\u2019; y <strong>Cristina Garc\u00eda Guti\u00e9rrez<\/strong>, \u2018Role of the GABA receptor in the mechanism of action of STX64\u2019.<\/p>\n<p>En estas jornadas tambi\u00e9n se ha presentado un nuevo n\u00famero de <strong><em>Biosaia<\/em><\/strong>, revista de los m\u00e1steres de Biotecnolog\u00eda Sanitaria y Biotecnolog\u00eda Ambiental, Industrial y Alimentaria de la UPO. La publicaci\u00f3n, que naci\u00f3 en el a\u00f1o 2012, tiene como finalidad convertirse en una herramienta docente de entrenamiento para los nuevos investigadores y emprendedores en biotecnolog\u00eda, as\u00ed como un punto de encuentro para estudiantes, investigadores y empresas de biotecnolog\u00eda.<\/p>\n","protected":false},"excerpt":{"rendered":"<p>Investigadores y estudiantes de los m\u00e1steres de Biotecnolog\u00eda Sanitaria y Biotecnolog\u00eda Ambiental, Industrial y Alimentaria de la UPO presentan sus proyectos y p\u00f3steres del \u00e1mbito biotecnol\u00f3gico<\/p>\n","protected":false},"author":6,"featured_media":30881487,"comment_status":"closed","ping_status":"open","sticky":false,"template":"","format":"standard","meta":{"_monsterinsights_skip_tracking":false,"_monsterinsights_sitenote_active":false,"_monsterinsights_sitenote_note":"","_monsterinsights_sitenote_category":0,"footnotes":""},"categories":[2779],"tags":[121,21,1563,82],"class_list":["post-30881486","post","type-post","status-publish","format-standard","has-post-thumbnail","hentry","category-docencia-formacion","tag-biotecnologia","tag-estudiantes","tag-masteres-universitarios","tag-postgrado"],"_links":{"self":[{"href":"https:\/\/www.upo.es\/diario\/wp-json\/wp\/v2\/posts\/30881486","targetHints":{"allow":["GET"]}}],"collection":[{"href":"https:\/\/www.upo.es\/diario\/wp-json\/wp\/v2\/posts"}],"about":[{"href":"https:\/\/www.upo.es\/diario\/wp-json\/wp\/v2\/types\/post"}],"author":[{"embeddable":true,"href":"https:\/\/www.upo.es\/diario\/wp-json\/wp\/v2\/users\/6"}],"replies":[{"embeddable":true,"href":"https:\/\/www.upo.es\/diario\/wp-json\/wp\/v2\/comments?post=30881486"}],"version-history":[{"count":1,"href":"https:\/\/www.upo.es\/diario\/wp-json\/wp\/v2\/posts\/30881486\/revisions"}],"predecessor-version":[{"id":30881489,"href":"https:\/\/www.upo.es\/diario\/wp-json\/wp\/v2\/posts\/30881486\/revisions\/30881489"}],"wp:featuredmedia":[{"embeddable":true,"href":"https:\/\/www.upo.es\/diario\/wp-json\/wp\/v2\/media\/30881487"}],"wp:attachment":[{"href":"https:\/\/www.upo.es\/diario\/wp-json\/wp\/v2\/media?parent=30881486"}],"wp:term":[{"taxonomy":"category","embeddable":true,"href":"https:\/\/www.upo.es\/diario\/wp-json\/wp\/v2\/categories?post=30881486"},{"taxonomy":"post_tag","embeddable":true,"href":"https:\/\/www.upo.es\/diario\/wp-json\/wp\/v2\/tags?post=30881486"}],"curies":[{"name":"wp","href":"https:\/\/api.w.org\/{rel}","templated":true}]}}