{"id":30881505,"date":"2024-03-18T15:07:13","date_gmt":"2024-03-18T14:07:13","guid":{"rendered":"https:\/\/www.upo.es\/diario\/?p=30881505"},"modified":"2024-03-22T15:01:54","modified_gmt":"2024-03-22T14:01:54","slug":"la-residencia-flora-tristan-celebra-su-vigesimo-aniversario-con-unas-jornadas-conmemorativas","status":"publish","type":"post","link":"https:\/\/www.upo.es\/diario\/comunidad\/2024\/03\/la-residencia-flora-tristan-celebra-su-vigesimo-aniversario-con-unas-jornadas-conmemorativas\/","title":{"rendered":"La Residencia Flora Trist\u00e1n celebra su vig\u00e9simo aniversario con unas jornadas conmemorativas"},"content":{"rendered":"<p><a href=\"https:\/\/www.upo.es\/diario\/wp-content\/uploads\/2024\/03\/rrss-xx-anversario-flora-1920x1080-1.png\"><img loading=\"lazy\" decoding=\"async\" class=\"aligncenter size-large wp-image-30881507\" src=\"https:\/\/www.upo.es\/diario\/wp-content\/uploads\/2024\/03\/rrss-xx-anversario-flora-1920x1080-1-750x422.png\" alt=\"20 aniversario de la Residencia de Estudiantes Flora Trist\u00e1n\" width=\"750\" height=\"422\" srcset=\"https:\/\/www.upo.es\/diario\/wp-content\/uploads\/2024\/03\/rrss-xx-anversario-flora-1920x1080-1-750x422.png 750w, https:\/\/www.upo.es\/diario\/wp-content\/uploads\/2024\/03\/rrss-xx-anversario-flora-1920x1080-1-420x236.png 420w, https:\/\/www.upo.es\/diario\/wp-content\/uploads\/2024\/03\/rrss-xx-anversario-flora-1920x1080-1-768x432.png 768w, https:\/\/www.upo.es\/diario\/wp-content\/uploads\/2024\/03\/rrss-xx-anversario-flora-1920x1080-1-1536x864.png 1536w, https:\/\/www.upo.es\/diario\/wp-content\/uploads\/2024\/03\/rrss-xx-anversario-flora-1920x1080-1-1320x743.png 1320w, https:\/\/www.upo.es\/diario\/wp-content\/uploads\/2024\/03\/rrss-xx-anversario-flora-1920x1080-1.png 1920w\" sizes=\"auto, (max-width: 750px) 100vw, 750px\" \/><\/a>La Residencia Universitaria Flora Trist\u00e1n, proyecto social de la Universidad Pablo de Olavide ubicada en el Pol\u00edgono Sur, celebra esta semana el vig\u00e9simo aniversario de su puesta en marcha. Para celebrar este aniversario, <strong>durante los pr\u00f3ximos d\u00edas se dar\u00e1n cita en unas jornadas conmemorativas miembros de la comunidad universitaria implicados en la puesta en marcha de la Residencia, autoridades, entidades colaboradoras, vecinos y vecinas del barrio, y residentes<\/strong> de la misma.<\/p>\n<p>Las jornadas ser\u00e1n inauguradas este martes a las 10:00 horas por Esther Prieto, directora general de Innovaci\u00f3n Social de la universidad, y por Alfonso Bl\u00e1zquez, coordinador del \u00e1rea de Cultura y Pol\u00edticas Sociales de la Fundaci\u00f3n UPO. Tras la inauguraci\u00f3n, a las 10:30 horas est\u00e1 prevista una <strong>mesa de di\u00e1logo sobre el nacimiento de la Residencia<\/strong> en la que participar\u00e1n Micaela Navarro, consejera de Igualdad y Bienestar Social (2004-2012); Agust\u00edn Madrid, rector de la UPO (2003-2007); y Jes\u00fas Maeztu, defensor del Pueblo Andaluz y Comisionado del Pol\u00edgono Sur (2003-2013).<\/p>\n<p><a href=\"https:\/\/www.upo.es\/diario\/wp-content\/uploads\/2024\/03\/IMG_6889-scaled.jpg\"><img loading=\"lazy\" decoding=\"async\" class=\"alignright size-medium wp-image-30881508\" src=\"https:\/\/www.upo.es\/diario\/wp-content\/uploads\/2024\/03\/IMG_6889-420x280.jpg\" alt=\"Calle Residencia de Estudiantes\" width=\"420\" height=\"280\" srcset=\"https:\/\/www.upo.es\/diario\/wp-content\/uploads\/2024\/03\/IMG_6889-420x280.jpg 420w, https:\/\/www.upo.es\/diario\/wp-content\/uploads\/2024\/03\/IMG_6889-750x500.jpg 750w, https:\/\/www.upo.es\/diario\/wp-content\/uploads\/2024\/03\/IMG_6889-768x512.jpg 768w, https:\/\/www.upo.es\/diario\/wp-content\/uploads\/2024\/03\/IMG_6889-1536x1024.jpg 1536w, https:\/\/www.upo.es\/diario\/wp-content\/uploads\/2024\/03\/IMG_6889-2048x1365.jpg 2048w\" sizes=\"auto, (max-width: 420px) 100vw, 420px\" \/><\/a>Tras esta primera mesa, a las 12:00 horas comenzar\u00e1 una <strong>segunda mesa sobre la colaboraci\u00f3n en el barrio<\/strong> en la que participar\u00e1n entidades como el Comisionado para el Pol\u00edgono Sur; Servicios Sociales del Ayuntamiento de Sevilla; personal del Centro de Educaci\u00f3n Permanente (CEPER) Pol\u00edgono Sur y la Asociaci\u00f3n Entre Amigos. Ya por la tarde, est\u00e1n previstas dos mesas de di\u00e1logo, la primera de ellas con vecinos y vecinas del barrio y en la que se conversar\u00e1 sobre el impacto de la Residencia Flora Trist\u00e1n en su entorno; y una segunda mesa con personas residentes sobre la vida en la Flora Trist\u00e1n.<\/p>\n<p>Por su parte, <strong>para el segundo d\u00eda de estas jornadas conmemorativas est\u00e1 prevista la celebraci\u00f3n de dos mesas de di\u00e1logo<\/strong>. La primera de ellas, sobre la presencia de la Universidad en los barrios olvidados, y que contar\u00e1 con Ana G\u00f3mez, primera directora de la Residencia, y Alfonso Bl\u00e1zquez, primer residente y actual coordinador. Y una segunda mesa con entidades en la que se conversar\u00e1 sobre el futuro de la colaboraci\u00f3n en el barrio, con la presencia de representantes del CEIP Andaluc\u00eda, Asociaci\u00f3n Familiar La Oliva, Asociaci\u00f3n Vecinal Antonio Machado, Fundaci\u00f3n Secretariado Gitano, Asociaci\u00f3n ARET\u00c9 y los Servicios Sociales del Ayuntamiento de Sevilla.<\/p>\n<p>Para finalizar estas jornadas sobre el vig\u00e9simo aniversario a las 13:00 horas tendr\u00e1 una <strong>mesa institucional de clausura<\/strong> presidida por el rector de Olavide, Francisco Oliva; y en la que estar\u00e1n presentes Jaime Bret\u00f3n, Comisionado para el Pol\u00edgono Sur; Jos\u00e9 Luis Garc\u00eda Mart\u00edn, teniente de alcalde y delegado del \u00c1rea de Barrios de Atenci\u00f3n Preferente y Derechos Sociales y Distrito Sur del Ayuntamiento de Sevilla; David Cobos, vicerrector de Cultura y Pol\u00edticas Sociales de la UPO, as\u00ed como representantes de la Consejer\u00eda de Inclusi\u00f3n Social, Juventud, Familias e Igualdad. Para finalizar las jornadas, a las 14:00 horas comenzar\u00e1 una <strong>verbena de celebraci\u00f3n por el XX Aniversario de la Flora Trist\u00e1n<\/strong>.<\/p>\n<p><a href=\"https:\/\/www.upo.es\/fundacion\/wp-content\/uploads\/2024\/03\/programa-xx-aniversario-flora-v2.pdf\">Programa Jornadas XX Aniversario Residencia Universitaria Flora Trist\u00e1n<\/a><\/p>\n<p><a href=\"https:\/\/www.upo.es\/diario\/wp-content\/uploads\/2024\/03\/IMG_6892-scaled.jpg\"><img loading=\"lazy\" decoding=\"async\" class=\"aligncenter size-large wp-image-30881511\" src=\"https:\/\/www.upo.es\/diario\/wp-content\/uploads\/2024\/03\/IMG_6892-750x500.jpg\" alt=\"Residente de la RUFT abandona en la puerta con una bici\" width=\"750\" height=\"500\" srcset=\"https:\/\/www.upo.es\/diario\/wp-content\/uploads\/2024\/03\/IMG_6892-750x500.jpg 750w, https:\/\/www.upo.es\/diario\/wp-content\/uploads\/2024\/03\/IMG_6892-420x280.jpg 420w, https:\/\/www.upo.es\/diario\/wp-content\/uploads\/2024\/03\/IMG_6892-768x512.jpg 768w, https:\/\/www.upo.es\/diario\/wp-content\/uploads\/2024\/03\/IMG_6892-1536x1024.jpg 1536w, https:\/\/www.upo.es\/diario\/wp-content\/uploads\/2024\/03\/IMG_6892-2048x1365.jpg 2048w\" sizes=\"auto, (max-width: 750px) 100vw, 750px\" \/><\/a><\/p>\n<p>Fuente: Fundaci\u00f3n Universidad Pablo de Olavide<\/p>\n<p>&nbsp;<\/p>\n","protected":false},"excerpt":{"rendered":"<p>Durante los d\u00edas 19 y 20 de marzo se dar\u00e1n cita en la Residencia de sus inicios, entidades, vecinos y vecinas, y autoridades para conmemorar este aniversario.<\/p>\n","protected":false},"author":6,"featured_media":30881507,"comment_status":"closed","ping_status":"open","sticky":false,"template":"","format":"standard","meta":{"_monsterinsights_skip_tracking":false,"_monsterinsights_sitenote_active":false,"_monsterinsights_sitenote_note":"","_monsterinsights_sitenote_category":0,"footnotes":""},"categories":[5842],"tags":[5133,5150,2474,84,357,1745,7194],"class_list":["post-30881505","post","type-post","status-publish","format-standard","has-post-thumbnail","hentry","category-comunidad","tag-20-aniversario","tag-david-cobos-sanchiz","tag-fundacion-universidad-pablo-de-olavide","tag-jornadas","tag-poligono-sur","tag-residencia-universitaria-flora-tristan","tag-vicerrectorado-de-cultura-y-politicas-sociales"],"_links":{"self":[{"href":"https:\/\/www.upo.es\/diario\/wp-json\/wp\/v2\/posts\/30881505","targetHints":{"allow":["GET"]}}],"collection":[{"href":"https:\/\/www.upo.es\/diario\/wp-json\/wp\/v2\/posts"}],"about":[{"href":"https:\/\/www.upo.es\/diario\/wp-json\/wp\/v2\/types\/post"}],"author":[{"embeddable":true,"href":"https:\/\/www.upo.es\/diario\/wp-json\/wp\/v2\/users\/6"}],"replies":[{"embeddable":true,"href":"https:\/\/www.upo.es\/diario\/wp-json\/wp\/v2\/comments?post=30881505"}],"version-history":[{"count":5,"href":"https:\/\/www.upo.es\/diario\/wp-json\/wp\/v2\/posts\/30881505\/revisions"}],"predecessor-version":[{"id":30881514,"href":"https:\/\/www.upo.es\/diario\/wp-json\/wp\/v2\/posts\/30881505\/revisions\/30881514"}],"wp:featuredmedia":[{"embeddable":true,"href":"https:\/\/www.upo.es\/diario\/wp-json\/wp\/v2\/media\/30881507"}],"wp:attachment":[{"href":"https:\/\/www.upo.es\/diario\/wp-json\/wp\/v2\/media?parent=30881505"}],"wp:term":[{"taxonomy":"category","embeddable":true,"href":"https:\/\/www.upo.es\/diario\/wp-json\/wp\/v2\/categories?post=30881505"},{"taxonomy":"post_tag","embeddable":true,"href":"https:\/\/www.upo.es\/diario\/wp-json\/wp\/v2\/tags?post=30881505"}],"curies":[{"name":"wp","href":"https:\/\/api.w.org\/{rel}","templated":true}]}}