{"id":30881515,"date":"2024-03-18T19:17:26","date_gmt":"2024-03-18T18:17:26","guid":{"rendered":"https:\/\/www.upo.es\/diario\/?p=30881515"},"modified":"2024-03-22T15:01:53","modified_gmt":"2024-03-22T14:01:53","slug":"francisco-oliva-crue-gobierno-profesorado-ayudante-doctor","status":"publish","type":"post","link":"https:\/\/www.upo.es\/diario\/institucional\/2024\/03\/francisco-oliva-crue-gobierno-profesorado-ayudante-doctor\/","title":{"rendered":"El rector de la UPO, en la delegaci\u00f3n de CRUE que recibi\u00f3 el presidente del Gobierno para informar sobre el programa de incorporaci\u00f3n de 3.400 profesores"},"content":{"rendered":"<p><a href=\"https:\/\/www.upo.es\/diario\/wp-content\/uploads\/2024\/03\/Crue-Moncloa_20240315_3.jpg\"><img loading=\"lazy\" decoding=\"async\" class=\"aligncenter size-large wp-image-30881516\" src=\"https:\/\/www.upo.es\/diario\/wp-content\/uploads\/2024\/03\/Crue-Moncloa_20240315_3-750x404.jpg\" alt=\"\" width=\"750\" height=\"404\" srcset=\"https:\/\/www.upo.es\/diario\/wp-content\/uploads\/2024\/03\/Crue-Moncloa_20240315_3-750x404.jpg 750w, https:\/\/www.upo.es\/diario\/wp-content\/uploads\/2024\/03\/Crue-Moncloa_20240315_3-420x226.jpg 420w, https:\/\/www.upo.es\/diario\/wp-content\/uploads\/2024\/03\/Crue-Moncloa_20240315_3-768x414.jpg 768w, https:\/\/www.upo.es\/diario\/wp-content\/uploads\/2024\/03\/Crue-Moncloa_20240315_3-1536x828.jpg 1536w, https:\/\/www.upo.es\/diario\/wp-content\/uploads\/2024\/03\/Crue-Moncloa_20240315_3-1320x711.jpg 1320w, https:\/\/www.upo.es\/diario\/wp-content\/uploads\/2024\/03\/Crue-Moncloa_20240315_3.jpg 1579w\" sizes=\"auto, (max-width: 750px) 100vw, 750px\" \/><\/a>El Gobierno ha presentado el <strong>Programa para la Incorporaci\u00f3n de Talento Docente e Investigador a las Universidades Espa\u00f1olas. Dotado con 150 millones de euros anuales, permitir\u00e1 incorporar 3.400 plazas de profesorado ayudante doctor<\/strong> en las universidades p\u00fablicas a partir del pr\u00f3ximo curso 2024\/2025. <strong>Eva Alc\u00f3n<\/strong>, presidenta de Crue Universidades Espa\u00f1olas, presidi\u00f3 la delegaci\u00f3n de rectores y rectoras que mantuvo el pasado viernes un encuentro con el presidente del Gobierno, <strong>Pedro S\u00e1nchez<\/strong>, y la ministra de Ciencia, Innovaci\u00f3n y Universidades, <strong>Diana Morant<\/strong>, y que ha contado con la participaci\u00f3n del rector de la Pablo de Olavide, <strong>Francisco Oliva<\/strong>, en su condici\u00f3n de miembro de la Comisi\u00f3n permanente de CRUE.<\/p>\n<p>Estas plazas extra se lanzar\u00e1n independientemente de la oferta ordinaria de empleo p\u00fablico, y se destinar\u00e1n a compensar los cambios en la dedicaci\u00f3n docente del profesorado asociado y de los nuevos profesores y profesoras ayudantes doctores, recogidas en la Ley Org\u00e1nica del Sistema Universitario (LOSU).<\/p>\n<p><a href=\"https:\/\/www.upo.es\/diario\/wp-content\/uploads\/2024\/03\/Crue-Moncloa_20240315_2.jpg\"><img loading=\"lazy\" decoding=\"async\" class=\"alignright size-medium wp-image-30881517\" src=\"https:\/\/www.upo.es\/diario\/wp-content\/uploads\/2024\/03\/Crue-Moncloa_20240315_2-420x336.jpg\" alt=\"\" width=\"420\" height=\"336\" srcset=\"https:\/\/www.upo.es\/diario\/wp-content\/uploads\/2024\/03\/Crue-Moncloa_20240315_2-420x336.jpg 420w, https:\/\/www.upo.es\/diario\/wp-content\/uploads\/2024\/03\/Crue-Moncloa_20240315_2-657x525.jpg 657w, https:\/\/www.upo.es\/diario\/wp-content\/uploads\/2024\/03\/Crue-Moncloa_20240315_2-768x614.jpg 768w, https:\/\/www.upo.es\/diario\/wp-content\/uploads\/2024\/03\/Crue-Moncloa_20240315_2-1536x1228.jpg 1536w, https:\/\/www.upo.es\/diario\/wp-content\/uploads\/2024\/03\/Crue-Moncloa_20240315_2-1320x1055.jpg 1320w, https:\/\/www.upo.es\/diario\/wp-content\/uploads\/2024\/03\/Crue-Moncloa_20240315_2.jpg 1600w\" sizes=\"auto, (max-width: 420px) 100vw, 420px\" \/><\/a>Tras la reuni\u00f3n mantenida en La Moncloa, la presidenta de CRUE ha celebrado el compromiso del Gobierno con el sistema universitario y ha hecho hincapi\u00e9 en la importancia de que ahora haya corresponsabilidad por parte de las comunidades aut\u00f3nomas para \u201cdesarrollar la LOSU\u201d. La propuesta, ha concluido Eva Alc\u00f3n, \u201cda a las universidades la oportunidad de, en virtud de la autonom\u00eda universitaria, planificar el relevo generacional y la estabilizaci\u00f3n del profesorado\u201d.<\/p>\n<p>Por su parte, Francisco Oliva ha resaltado la importancia de este Programa y del n\u00famero de plazas que finalmente financiar\u00e1 el Gobierno, que permitir\u00e1 tanto consolidar la carrera profesional como la promoci\u00f3n de numerosos profesores de la UPO. De esta forma, la Universidad seguir\u00e1, como ha hecho hasta ahora, estabilizando y mejorando la plantilla de PDI.<\/p>\n<p>La ministra de Ciencia, Innovaci\u00f3n y Universidades ha puesto en valor el \u201cpapel preeminente de la CRUE de interlocuci\u00f3n con las administraciones p\u00fablicas y los gobiernos, defendiendo los intereses de nuestras instituciones de Educaci\u00f3n Superior\u201d; y ha felicitado a la Conferencia de Rectores y Rectoras por su 30 aniversario.<\/p>\n","protected":false},"excerpt":{"rendered":"<p>El Gobierno ha presentado el Programa para la Incorporaci\u00f3n de Talento Docente e Investigador a las Universidades Espa\u00f1olas. Dotado con 150 millones de euros anuales, permitir\u00e1 incorporar 3.400 plazas de profesorado ayudante doctor en las universidades p\u00fablicas a partir del pr\u00f3ximo curso 2024\/2025. Eva Alc\u00f3n, presidenta de Crue Universidades Espa\u00f1olas, presidi\u00f3 la delegaci\u00f3n de rectores y rectoras que mantuvo el pasado viernes un encuentro con el presidente del Gobierno, Pedro S\u00e1nchez, y la ministra de Ciencia, Innovaci\u00f3n y Universidades, Diana Morant, y que ha contado con la participaci\u00f3n del rector de la Pablo de Olavide, Francisco Oliva, en su condici\u00f3n de miembro de la Comisi\u00f3n permanente de CRUE.<\/p>\n","protected":false},"author":6,"featured_media":30881517,"comment_status":"closed","ping_status":"open","sticky":false,"template":"","format":"standard","meta":{"_monsterinsights_skip_tracking":false,"_monsterinsights_sitenote_active":false,"_monsterinsights_sitenote_note":"","_monsterinsights_sitenote_category":0,"footnotes":""},"categories":[6],"tags":[4124,874,4021,4609,8040,199],"class_list":["post-30881515","post","type-post","status-publish","format-standard","has-post-thumbnail","hentry","category-institucional","tag-crue-universidades-espanolas","tag-financiacion","tag-francisco-oliva-blazquez","tag-gobierno-de-espana","tag-losu","tag-profesorado"],"_links":{"self":[{"href":"https:\/\/www.upo.es\/diario\/wp-json\/wp\/v2\/posts\/30881515","targetHints":{"allow":["GET"]}}],"collection":[{"href":"https:\/\/www.upo.es\/diario\/wp-json\/wp\/v2\/posts"}],"about":[{"href":"https:\/\/www.upo.es\/diario\/wp-json\/wp\/v2\/types\/post"}],"author":[{"embeddable":true,"href":"https:\/\/www.upo.es\/diario\/wp-json\/wp\/v2\/users\/6"}],"replies":[{"embeddable":true,"href":"https:\/\/www.upo.es\/diario\/wp-json\/wp\/v2\/comments?post=30881515"}],"version-history":[{"count":1,"href":"https:\/\/www.upo.es\/diario\/wp-json\/wp\/v2\/posts\/30881515\/revisions"}],"predecessor-version":[{"id":30881518,"href":"https:\/\/www.upo.es\/diario\/wp-json\/wp\/v2\/posts\/30881515\/revisions\/30881518"}],"wp:featuredmedia":[{"embeddable":true,"href":"https:\/\/www.upo.es\/diario\/wp-json\/wp\/v2\/media\/30881517"}],"wp:attachment":[{"href":"https:\/\/www.upo.es\/diario\/wp-json\/wp\/v2\/media?parent=30881515"}],"wp:term":[{"taxonomy":"category","embeddable":true,"href":"https:\/\/www.upo.es\/diario\/wp-json\/wp\/v2\/categories?post=30881515"},{"taxonomy":"post_tag","embeddable":true,"href":"https:\/\/www.upo.es\/diario\/wp-json\/wp\/v2\/tags?post=30881515"}],"curies":[{"name":"wp","href":"https:\/\/api.w.org\/{rel}","templated":true}]}}