{"id":30881520,"date":"2024-03-19T13:26:50","date_gmt":"2024-03-19T12:26:50","guid":{"rendered":"https:\/\/www.upo.es\/diario\/?p=30881520"},"modified":"2024-03-22T15:01:52","modified_gmt":"2024-03-22T14:01:52","slug":"el-mercado-agroecologico-de-la-universidad-pablo-de-olavide-celebra-su-primer-aniversario","status":"publish","type":"post","link":"https:\/\/www.upo.es\/diario\/comunidad\/2024\/03\/el-mercado-agroecologico-de-la-universidad-pablo-de-olavide-celebra-su-primer-aniversario\/","title":{"rendered":"El mercado agroecol\u00f3gico de la Universidad Pablo de Olavide celebra su primer aniversario"},"content":{"rendered":"<p><a href=\"https:\/\/www.upo.es\/diario\/wp-content\/uploads\/2024\/03\/ecomercado02-scaled.jpg\"><img loading=\"lazy\" decoding=\"async\" class=\"aligncenter size-large wp-image-30881523\" src=\"https:\/\/www.upo.es\/diario\/wp-content\/uploads\/2024\/03\/ecomercado02-750x500.jpg\" alt=\"Ecomercado\" width=\"750\" height=\"500\" srcset=\"https:\/\/www.upo.es\/diario\/wp-content\/uploads\/2024\/03\/ecomercado02-750x500.jpg 750w, https:\/\/www.upo.es\/diario\/wp-content\/uploads\/2024\/03\/ecomercado02-420x280.jpg 420w, https:\/\/www.upo.es\/diario\/wp-content\/uploads\/2024\/03\/ecomercado02-768x512.jpg 768w, https:\/\/www.upo.es\/diario\/wp-content\/uploads\/2024\/03\/ecomercado02-1536x1024.jpg 1536w, https:\/\/www.upo.es\/diario\/wp-content\/uploads\/2024\/03\/ecomercado02-2048x1365.jpg 2048w, https:\/\/www.upo.es\/diario\/wp-content\/uploads\/2024\/03\/ecomercado02-165x109.jpg 165w, https:\/\/www.upo.es\/diario\/wp-content\/uploads\/2024\/03\/ecomercado02-1320x880.jpg 1320w\" sizes=\"auto, (max-width: 750px) 100vw, 750px\" \/><\/a>Con el objetivo de fomentar el consumo sano, sostenible y de cercan\u00eda, el <a href=\"https:\/\/www.upo.es\/campus-sostenible\/agromercado\/\"><strong>Mercado Agroecol\u00f3gico \u2018La Ilustraci\u00f3n\u2019<\/strong><\/a> de la Universidad Pablo de Olavide celebra hoy su <strong>primer aniversario, <\/strong>consolid\u00e1ndose as\u00ed como espacio de encuentro entre las personas productoras y consumidoras a trav\u00e9s de la venta directa.<\/p>\n<p><a href=\"https:\/\/www.upo.es\/diario\/wp-content\/uploads\/2024\/03\/ecomercado05.jpg\"><img loading=\"lazy\" decoding=\"async\" class=\"alignright size-medium wp-image-30881526\" src=\"https:\/\/www.upo.es\/diario\/wp-content\/uploads\/2024\/03\/ecomercado05-236x420.jpg\" alt=\"Ecomercado\" width=\"236\" height=\"420\" srcset=\"https:\/\/www.upo.es\/diario\/wp-content\/uploads\/2024\/03\/ecomercado05-236x420.jpg 236w, https:\/\/www.upo.es\/diario\/wp-content\/uploads\/2024\/03\/ecomercado05-295x525.jpg 295w, https:\/\/www.upo.es\/diario\/wp-content\/uploads\/2024\/03\/ecomercado05-768x1365.jpg 768w, https:\/\/www.upo.es\/diario\/wp-content\/uploads\/2024\/03\/ecomercado05-864x1536.jpg 864w, https:\/\/www.upo.es\/diario\/wp-content\/uploads\/2024\/03\/ecomercado05.jpg 900w\" sizes=\"auto, (max-width: 236px) 100vw, 236px\" \/><\/a>El EcoMercado, que <strong>se celebra el tercer martes de cada mes<\/strong>, ofrece productos locales y ecol\u00f3gicos, siendo un espacio que promueve la<strong> sostenibilidad y la conexi\u00f3n comunitaria<\/strong>. Desde que se inaugurara el pasado 21 de marzo de 2023, se han celebrado <strong>10 edicione<\/strong>s y han sido un total de <strong>17 empresas productoras andaluzas<\/strong> las que han ofrecido gran variedad de productos relacionados con la <strong>alimentaci\u00f3n, artesan\u00eda, textil, cosm\u00e9tica e higiene<\/strong>.<\/p>\n<p>Esta iniciativa fomenta as\u00ed la concienciaci\u00f3n y participaci\u00f3n de la comunidad universitaria en el <strong>cuidado del medio ambiente<\/strong>, ofreciendo la oportunidad de comprar productos en los que se prioriza el respeto por los ecosistemas. \u201cProductos de cercan\u00eda obtenidos mediante procesos ecol\u00f3gicos y regenerativos que reducen la huella de carbono y el impacto ambiental y maximizan la biodiversidad y las soluciones basadas en la naturaleza\u201d, explica <strong>Antonio Gallardo Correa<\/strong>, delegado del rector para el Campus Sostenible, quien argumenta que \u201ccomprando productos agroecol\u00f3gicos el beneficio se extiende m\u00e1s all\u00e1 del comprador y el vendedor, se extiende al planeta y a todos los seres vivos que lo habitan\u201d.<\/p>\n<p>Las personas consumidoras pueden acudir al pasaje principal del campus, <u>de 11:00 a 15:00 horas<\/u>, donde se instalan puestos con productos de cercan\u00eda a la venta como aceite, pan, carne, embutidos, queso, cerveza, vino, dulces, miel, verduras, frutas, hortalizas, legumbres, frutos secos, papeler\u00eda, textil, y limpieza del hogar. Adem\u00e1s, por cada 5 \u20ac de compra, el consumidor tiene derecho a una papeleta para participar en el sorteo de la EcoCesta (una cesta con productos del ecomercado y un carrito de la compra).<\/p>\n<p><a href=\"https:\/\/www.upo.es\/diario\/wp-content\/uploads\/2024\/03\/ecomercado04-scaled.jpg\"><img loading=\"lazy\" decoding=\"async\" class=\"alignleft size-medium wp-image-30881525\" src=\"https:\/\/www.upo.es\/diario\/wp-content\/uploads\/2024\/03\/ecomercado04-420x280.jpg\" alt=\"Ecomercado\" width=\"420\" height=\"280\" srcset=\"https:\/\/www.upo.es\/diario\/wp-content\/uploads\/2024\/03\/ecomercado04-420x280.jpg 420w, https:\/\/www.upo.es\/diario\/wp-content\/uploads\/2024\/03\/ecomercado04-750x500.jpg 750w, https:\/\/www.upo.es\/diario\/wp-content\/uploads\/2024\/03\/ecomercado04-768x512.jpg 768w, https:\/\/www.upo.es\/diario\/wp-content\/uploads\/2024\/03\/ecomercado04-1536x1024.jpg 1536w, https:\/\/www.upo.es\/diario\/wp-content\/uploads\/2024\/03\/ecomercado04-2048x1365.jpg 2048w, https:\/\/www.upo.es\/diario\/wp-content\/uploads\/2024\/03\/ecomercado04-165x109.jpg 165w, https:\/\/www.upo.es\/diario\/wp-content\/uploads\/2024\/03\/ecomercado04-1320x880.jpg 1320w\" sizes=\"auto, (max-width: 420px) 100vw, 420px\" \/><\/a>La iniciativa tiene su origen en la colaboraci\u00f3n entre la Delegaci\u00f3n del rector para el Campus Sostenible de la UPO y la consultora medioambiental El Enjambre sin Reina, que durante el curso 2022-2023 lider\u00f3 la propuesta a trav\u00e9s del proyecto \u2018Por el derecho a la Alimentaci\u00f3n Sostenible y Salud: Articulando saberes y experiencias hacia la relocalizaci\u00f3n de sistemas agroalimentarios desde la comunidad universitaria\u2019 financiado por la Agencia Andaluza de Cooperaci\u00f3n Internacional para el Desarrollo de la Junta de Andaluc\u00eda.<\/p>\n<p>En el curso 2023-2024 se consolida la iniciativa liderada por la delegaci\u00f3n, que cuenta con la colaboraci\u00f3n de la asociaci\u00f3n TomaTomate y la Asociaci\u00f3n PiensaUPO.<\/p>\n","protected":false},"excerpt":{"rendered":"<p>Con el objetivo de fomentar el consumo sano, sostenible y de cercan\u00eda, el Mercado Agroecol\u00f3gico \u2018La Ilustraci\u00f3n\u2019 de la Universidad Pablo de Olavide celebra hoy su primer aniversario, consolid\u00e1ndose as\u00ed como espacio de encuentro entre las personas productoras y consumidoras a trav\u00e9s de la venta directa.<\/p>\n","protected":false},"author":2,"featured_media":30881523,"comment_status":"closed","ping_status":"open","sticky":false,"template":"","format":"standard","meta":{"_monsterinsights_skip_tracking":false,"_monsterinsights_sitenote_active":false,"_monsterinsights_sitenote_note":"","_monsterinsights_sitenote_category":0,"footnotes":""},"categories":[5842],"tags":[2079,674,7351,5908,218,832],"class_list":["post-30881520","post","type-post","status-publish","format-standard","has-post-thumbnail","hentry","category-comunidad","tag-agroecologia","tag-alimentacion","tag-delegacion-del-rector-para-campus-sostenible","tag-mercado","tag-salud","tag-sostenibilidad"],"_links":{"self":[{"href":"https:\/\/www.upo.es\/diario\/wp-json\/wp\/v2\/posts\/30881520","targetHints":{"allow":["GET"]}}],"collection":[{"href":"https:\/\/www.upo.es\/diario\/wp-json\/wp\/v2\/posts"}],"about":[{"href":"https:\/\/www.upo.es\/diario\/wp-json\/wp\/v2\/types\/post"}],"author":[{"embeddable":true,"href":"https:\/\/www.upo.es\/diario\/wp-json\/wp\/v2\/users\/2"}],"replies":[{"embeddable":true,"href":"https:\/\/www.upo.es\/diario\/wp-json\/wp\/v2\/comments?post=30881520"}],"version-history":[{"count":2,"href":"https:\/\/www.upo.es\/diario\/wp-json\/wp\/v2\/posts\/30881520\/revisions"}],"predecessor-version":[{"id":30881530,"href":"https:\/\/www.upo.es\/diario\/wp-json\/wp\/v2\/posts\/30881520\/revisions\/30881530"}],"wp:featuredmedia":[{"embeddable":true,"href":"https:\/\/www.upo.es\/diario\/wp-json\/wp\/v2\/media\/30881523"}],"wp:attachment":[{"href":"https:\/\/www.upo.es\/diario\/wp-json\/wp\/v2\/media?parent=30881520"}],"wp:term":[{"taxonomy":"category","embeddable":true,"href":"https:\/\/www.upo.es\/diario\/wp-json\/wp\/v2\/categories?post=30881520"},{"taxonomy":"post_tag","embeddable":true,"href":"https:\/\/www.upo.es\/diario\/wp-json\/wp\/v2\/tags?post=30881520"}],"curies":[{"name":"wp","href":"https:\/\/api.w.org\/{rel}","templated":true}]}}