{"id":30881548,"date":"2024-03-20T09:31:55","date_gmt":"2024-03-20T08:31:55","guid":{"rendered":"https:\/\/www.upo.es\/diario\/?p=30881548"},"modified":"2024-03-22T15:01:50","modified_gmt":"2024-03-22T14:01:50","slug":"la-agenda-cultural-de-primavera-de-la-upo-comienza-este-jueves-con-una-actuacion-de-marta-santamaria","status":"publish","type":"post","link":"https:\/\/www.upo.es\/diario\/cultura-social\/2024\/03\/la-agenda-cultural-de-primavera-de-la-upo-comienza-este-jueves-con-una-actuacion-de-marta-santamaria\/","title":{"rendered":"La Agenda Cultural de Primavera de la UPO comienza este jueves con una actuaci\u00f3n de Marta Santamar\u00eda"},"content":{"rendered":"<p><a href=\"https:\/\/www.upo.es\/diario\/wp-content\/uploads\/2024\/03\/Marta-Santamaria_MusicaBrasil-1.jpg\"><img loading=\"lazy\" decoding=\"async\" class=\"aligncenter size-large wp-image-30881549\" src=\"https:\/\/www.upo.es\/diario\/wp-content\/uploads\/2024\/03\/Marta-Santamaria_MusicaBrasil-1-525x525.jpg\" alt=\"Cartel Marta Santamar\u00eda\" width=\"525\" height=\"525\" srcset=\"https:\/\/www.upo.es\/diario\/wp-content\/uploads\/2024\/03\/Marta-Santamaria_MusicaBrasil-1-525x525.jpg 525w, https:\/\/www.upo.es\/diario\/wp-content\/uploads\/2024\/03\/Marta-Santamaria_MusicaBrasil-1-420x420.jpg 420w, https:\/\/www.upo.es\/diario\/wp-content\/uploads\/2024\/03\/Marta-Santamaria_MusicaBrasil-1-300x300.jpg 300w, https:\/\/www.upo.es\/diario\/wp-content\/uploads\/2024\/03\/Marta-Santamaria_MusicaBrasil-1-768x768.jpg 768w, https:\/\/www.upo.es\/diario\/wp-content\/uploads\/2024\/03\/Marta-Santamaria_MusicaBrasil-1.jpg 1080w\" sizes=\"auto, (max-width: 525px) 100vw, 525px\" \/><\/a>La programaci\u00f3n cultural de la Universidad Pablo de Olavide para los meses de primavera dar\u00e1 comienzo este jueves con un recital de m\u00fasica brasile\u00f1a de Marta Santamar\u00eda. La entrada para ver a la artista sevillana, a las 19:30 horas en El Entramado, el espacio cultural de la UPO, y acompa\u00f1ada al piano por Rafael Arregui, es libre y gratuita hasta completar el aforo.<\/p>\n<p>Comienza as\u00ed una agenda cultural que incluye teatro, danza, performance y narraci\u00f3n oral, adem\u00e1s de actuaciones musicales de jazz, blues y flamenco, y que se desarrollar\u00e1 hasta el 28 de junio, tanto en el campus de la UPO como en la ciudad de Sevilla, en espacios como La Fundici\u00f3n o el CIRAE (Centro de Investigaci\u00f3n y Recursos de las Artes Esc\u00e9nicas de Andaluc\u00eda).<\/p>\n<p>La compa\u00f1\u00eda Danza Mobile ser\u00e1 la protagonista de la segunda cita de la Agenda Cultural de la UPO para esta primavera, con los espect\u00e1culos &#8216;Sara y Manuel (coreograf\u00eda sin t\u00edtulo)&#8217; y &#8216;TOC (Infograf\u00eda de lo nuestro)&#8217;. Ser\u00e1 el 4 de abril, tambi\u00e9n en El Entramado a las 19:30 horas y con entrada gratuita hasta completar el aforo.<\/p>\n<p>El narrador Momi Ogalla tomar\u00e1 el relevo el 25 de abril con &#8216;Maita Basa&#8217;, un espect\u00e1culo de relatos propios. De nuevo a las 19:30 horas en El Entramado.<\/p>\n<p>La Escalera Teatro, agrupaci\u00f3n teatral de la Universidad Pablo de Olavide que celebra este a\u00f1o su 25\u00ba aniversario, tendr\u00e1 especial protagonismo en esta programaci\u00f3n cultural. As\u00ed, los d\u00edas 8 y 10 de mayo presentar\u00e1n la performance &#8216;Tiempo&#8217;, y el 7 de junio la obra &#8216;Si solo me entendieras&#8217;.<\/p>\n<p>Unas propuestas art\u00edsticas y culturales organizadas por el Servicio de Extensi\u00f3n Cultural de la UPO, coordinado por el Vicerrectorado de Cultura y Pol\u00edticas Sociales, que tratan de completar la oferta cultural de Sevilla y de reflejar la diversidad creativa de los movimientos culturales que se producen en el entorno m\u00e1s pr\u00f3ximo.<\/p>\n<p>&nbsp;<\/p>\n<p><strong>AGENDA CULTURAL DE LA UPO PRIMAVERA 2024<\/strong><\/p>\n<ul>\n<li><strong>21 de marzo. Recital de m\u00fasica popular brasile\u00f1a.<br \/>\nMarta Santamar\u00eda y Rafael Arregui.<\/strong><br \/>\nEL ENTRAMADO-Campus UPO. 19:30 horas.<br \/>\nEntrada libre hasta el completar aforo.<\/li>\n<li><strong>4 de abril. Danza-Teatro.<br \/>\nC\u00eda. Danza Mobile. Espect\u00e1culos \u2018Sara y Manuel\u2019 y \u2018TOC (infograf\u00eda de lo nuestro)\u2019.<\/strong><br \/>\nEL ENTRAMADO-Campus UPO. 19:30 horas.<br \/>\nEntrada libre hasta el completar aforo.<\/li>\n<li><strong>25 de abril. Narraci\u00f3n oral.<br \/>\nMomi Ogalla: \u2018Maita Basa\u2019.<\/strong><br \/>\nEL ENTRAMADO-Campus UPO. 19:30 horas.<br \/>\nEntrada libre hasta el completar aforo.<\/li>\n<li><strong>8 y 10 de mayo. Performance.<br \/>\nLa Escalera Teatro. \u2018Tiempo\u2019.<\/strong><br \/>\nCIRAE- C\/ Sta. Luc\u00eda 10. A las 19:00 y a las 20:30 horas.<br \/>\nPrevia inscripci\u00f3n en <a href=\"http:\/\/www.upo.es\/upsc\/extension_cultural\/agenda\/\">upo.es\/upsc\/extension_cultural\/agenda\/<\/a><\/li>\n<li><strong>16 de mayo. Flamenco.<br \/>\nMaite Olivares al cante acompa\u00f1ada por Vahan Davtyan a la guitarra.<\/strong><br \/>\nEL ENTRAMADO-Campus UPO. 19:30 horas.<br \/>\nEntrada libre hasta el completar aforo.<\/li>\n<li><strong>23 de mayo. Teatro.<br \/>\nElena Mora \u2013 C\u00eda. La Ruda producciones \u2018Ojos. Un para\u00edso casi perdido\u2019.<\/strong><br \/>\nEL ENTRAMADO-Campus UPO. 19:30 horas.<br \/>\nEntrada libre hasta el completar aforo.<\/li>\n<li><strong>6 de junio. M\u00fasica, <em>motown<\/em> y Blues cl\u00e1sico y contempor\u00e1neo.<\/strong><br \/>\n\u2018Recital de Hartibles Acoustic Quartet.<br \/>\nEL ENTRAMADO-Campus UPO. 19:30 horas.<br \/>\nEntrada libre hasta el completar aforo.<\/li>\n<li><strong>7 de junio. Teatro.<br \/>\nLa Escalera Teatro. \u2018Si solo me entendieras\u2019.<\/strong><br \/>\nSala La Fundici\u00f3n de Sevilla. Entradas: <a href=\"https:\/\/fundiciondesevilla.es\/entradas\/\">https:\/\/fundiciondesevilla.es\/entradas\/<\/a><\/li>\n<li><strong>13 de junio. Teatro.<br \/>\nLa Zentralita Producciones. \u2018Las banderas no dan calor\u2019.<\/strong><br \/>\nEL ENTRAMADO-Campus UPO. 19:30 horas.<br \/>\nEntrada libre hasta el completar aforo.<\/li>\n<li><strong>19 de junio. Flamenco.<br \/>\nAula de Flamenco de la UPO. \u2018Flamenco UPO. Cante, Baile y Guitarra\u201d. <\/strong><br \/>\nSala La Fundici\u00f3n de Sevilla. Entradas: <a href=\"https:\/\/fundiciondesevilla.es\/entradas\/\">https:\/\/fundiciondesevilla.es\/entradas\/<\/a><\/li>\n<li><strong>27 de junio. Jazz.<br \/>\nTrevor Coleman y Manuel Calleja. \u2018No Words Conversations\u2019. <\/strong><br \/>\nEL ENTRAMADO-Campus UPO. 19:30 horas.<br \/>\nEntrada libre hasta el completar aforo.<\/li>\n<li><strong>28 de junio. M\u00fasica.<br \/>\nCoro de la Universidad Pablo de Olavide. \u2018The Beatles. Desde la psicodelia a la meditaci\u00f3n\u2019.<\/strong><br \/>\nSala La Fundici\u00f3n de Sevilla. Entradas: <a href=\"https:\/\/fundiciondesevilla.es\/entradas\/\">https:\/\/fundiciondesevilla.es\/entradas\/<\/a><\/li>\n<\/ul>\n<p>&nbsp;<\/p>\n<p>M\u00e1s informaci\u00f3n en <a href=\"https:\/\/www.upo.es\/upsc\/extension_cultural\/agenda\/\">https:\/\/www.upo.es\/upsc\/extension_cultural\/agenda\/<\/a> y en @CulturaUPO<\/p>\n","protected":false},"excerpt":{"rendered":"<p>La programaci\u00f3n cultural de la Universidad Pablo de Olavide para los meses de primavera dar\u00e1 comienzo este jueves con un recital de m\u00fasica brasile\u00f1a de Marta Santamar\u00eda. La entrada para ver a la artista sevillana, a las 19:30 horas en El Entramado, el espacio cultural de la UPO, y acompa\u00f1ada al piano por Rafael Arregui, es libre y gratuita hasta completar el aforo.<\/p>\n","protected":false},"author":2,"featured_media":30881549,"comment_status":"closed","ping_status":"open","sticky":false,"template":"","format":"standard","meta":{"_monsterinsights_skip_tracking":false,"_monsterinsights_sitenote_active":false,"_monsterinsights_sitenote_note":"","_monsterinsights_sitenote_category":0,"footnotes":""},"categories":[5843],"tags":[4733,71,5834,571,2470,93,2753,8753,8752,4050,8751,3545,95],"class_list":["post-30881548","post","type-post","status-publish","format-standard","has-post-thumbnail","hentry","category-cultura-social","tag-blues","tag-coro","tag-cultura","tag-danza","tag-escalera-teatro","tag-flamenco","tag-jazz","tag-musica-brasilena","tag-narracion","tag-performance","tag-primavera","tag-programacion","tag-teatro"],"_links":{"self":[{"href":"https:\/\/www.upo.es\/diario\/wp-json\/wp\/v2\/posts\/30881548","targetHints":{"allow":["GET"]}}],"collection":[{"href":"https:\/\/www.upo.es\/diario\/wp-json\/wp\/v2\/posts"}],"about":[{"href":"https:\/\/www.upo.es\/diario\/wp-json\/wp\/v2\/types\/post"}],"author":[{"embeddable":true,"href":"https:\/\/www.upo.es\/diario\/wp-json\/wp\/v2\/users\/2"}],"replies":[{"embeddable":true,"href":"https:\/\/www.upo.es\/diario\/wp-json\/wp\/v2\/comments?post=30881548"}],"version-history":[{"count":1,"href":"https:\/\/www.upo.es\/diario\/wp-json\/wp\/v2\/posts\/30881548\/revisions"}],"predecessor-version":[{"id":30881550,"href":"https:\/\/www.upo.es\/diario\/wp-json\/wp\/v2\/posts\/30881548\/revisions\/30881550"}],"wp:featuredmedia":[{"embeddable":true,"href":"https:\/\/www.upo.es\/diario\/wp-json\/wp\/v2\/media\/30881549"}],"wp:attachment":[{"href":"https:\/\/www.upo.es\/diario\/wp-json\/wp\/v2\/media?parent=30881548"}],"wp:term":[{"taxonomy":"category","embeddable":true,"href":"https:\/\/www.upo.es\/diario\/wp-json\/wp\/v2\/categories?post=30881548"},{"taxonomy":"post_tag","embeddable":true,"href":"https:\/\/www.upo.es\/diario\/wp-json\/wp\/v2\/tags?post=30881548"}],"curies":[{"name":"wp","href":"https:\/\/api.w.org\/{rel}","templated":true}]}}