{"id":30881555,"date":"2024-03-20T11:53:42","date_gmt":"2024-03-20T10:53:42","guid":{"rendered":"https:\/\/www.upo.es\/diario\/?p=30881555"},"modified":"2024-03-20T11:53:42","modified_gmt":"2024-03-20T10:53:42","slug":"la-diputacion-y-la-universidad-pablo-de-olavide-estrechan-lazos-de-futura-colaboracion","status":"publish","type":"post","link":"https:\/\/www.upo.es\/diario\/institucional\/2024\/03\/la-diputacion-y-la-universidad-pablo-de-olavide-estrechan-lazos-de-futura-colaboracion\/","title":{"rendered":"La Diputaci\u00f3n y la Universidad Pablo de Olavide estrechan lazos de futura colaboraci\u00f3n"},"content":{"rendered":"<figure id=\"attachment_30881534\" aria-describedby=\"caption-attachment-30881534\" style=\"width: 750px\" class=\"wp-caption aligncenter\"><a href=\"https:\/\/www.upo.es\/diario\/wp-content\/uploads\/2024\/03\/Javier-Fernandez_Francisco-Oliva-scaled.jpg\"><img loading=\"lazy\" decoding=\"async\" class=\"wp-image-30881534 size-large\" src=\"https:\/\/www.upo.es\/diario\/wp-content\/uploads\/2024\/03\/Javier-Fernandez_Francisco-Oliva-750x422.jpg\" alt=\"Javier Fern\u00e1ndez y Francisco Oliva en el Rectorado de la UPO\" width=\"750\" height=\"422\" srcset=\"https:\/\/www.upo.es\/diario\/wp-content\/uploads\/2024\/03\/Javier-Fernandez_Francisco-Oliva-750x422.jpg 750w, https:\/\/www.upo.es\/diario\/wp-content\/uploads\/2024\/03\/Javier-Fernandez_Francisco-Oliva-420x236.jpg 420w, https:\/\/www.upo.es\/diario\/wp-content\/uploads\/2024\/03\/Javier-Fernandez_Francisco-Oliva-768x432.jpg 768w, https:\/\/www.upo.es\/diario\/wp-content\/uploads\/2024\/03\/Javier-Fernandez_Francisco-Oliva-1536x864.jpg 1536w, https:\/\/www.upo.es\/diario\/wp-content\/uploads\/2024\/03\/Javier-Fernandez_Francisco-Oliva-2048x1152.jpg 2048w, https:\/\/www.upo.es\/diario\/wp-content\/uploads\/2024\/03\/Javier-Fernandez_Francisco-Oliva-1320x743.jpg 1320w\" sizes=\"auto, (max-width: 750px) 100vw, 750px\" \/><\/a><figcaption id=\"caption-attachment-30881534\" class=\"wp-caption-text\">Javier Fern\u00e1ndez y Francisco Oliva en el Rectorado de la UPO<\/figcaption><\/figure>\n<p>El presidente de la Diputaci\u00f3n de Sevilla,<strong> Javier Fern\u00e1ndez<\/strong>, y el rector de la Universidad Pablo de Olavide, <strong>Francisco Oliva<\/strong>, han mantenido esta ma\u00f1ana un encuentro en el que han abordado tanto la colaboraci\u00f3n existente en estos momentos entre ambas instituciones, as\u00ed como futuras colaboraciones.<\/p>\n<p>En este sentido, <strong>el presidente provincial ha expresado al m\u00e1ximo titular de la UPO \u2018el inter\u00e9s y deseo\u2019 de la Corporaci\u00f3n Provincial por que la Universidad forme parte del Consejo Econ\u00f3mico y Social de la Provincia de Sevilla<\/strong>. \u2018La mayor virtud de este Consejo es la variedad de voces y opiniones que desean sumar y arrimar el hombro a la provincia y la Universidad Pablo de Olavide es referente en todos nuestros pueblos\u2019, ha expresado Fern\u00e1ndez, quien ha reiterado que, entre las funciones del Consejo, destacan \u2018la responsabilidad en el avance econ\u00f3mico y social as\u00ed como la de promover jornadas, encuentros y conferencias\u2019.<\/p>\n<p>Asimismo, Fern\u00e1ndez y Oliva han abordado la necesidad y de qu\u00e9 manera se podr\u00eda\u00a0 <strong>ampliar el n\u00famero de plazas de residentes universitarios, principalmente los procedentes de la Sierra Morena de Sevilla, Sierra Sur y Campi\u00f1a<\/strong>.<\/p>\n<p>Hay que recordar que la Diputaci\u00f3n\u00a0 dispone de residencias de estudiantes en los complejos educativos gestionados a trav\u00e9s del \u00c1rea de Cultura y Ciudadan\u00eda. As\u00ed, desde el pasado d\u00eda 7 y hasta el pr\u00f3ximo 27 de este mes est\u00e1 abierto el plazo de presentaci\u00f3n de solicitudes para el ingreso en las residencias de estudiantes para el curso 2024\/2025.<\/p>\n<p>Por otra parte, el presidente Fern\u00e1ndez ha manifestado que <strong>la Diputaci\u00f3n continuar\u00e1 colaborando con la UPO tanto en los Cursos de Verano en Carmona como con los Premios Roma<\/strong>. Sobre los primeros ha expresado que \u2018m\u00e1s all\u00e1 de la formaci\u00f3n acad\u00e9mica, de su gran oferta de grados, la UPO a\u00f1ade valor cada periodo estival con una amplia diversidad de\u00a0 tem\u00e1ticas y una enorme apuesta por la renovaci\u00f3n y la actualizaci\u00f3n de los contenidos de sus seminarios y con ponentes de primera l\u00ednea desde todos los \u00e1mbitos\u2019.<\/p>\n<p>Con respecto a los Premios Roma, \u2018son reconocimientos que van a parar a mujeres inspiradoras en diferentes \u00e1mbitos como el empresarial, acad\u00e9mico, cient\u00edfico, social y cultural. Mujeres que con su trabajo dejan testimonio y una trayectoria a seguir. Y por estas razones y mucho m\u00e1s son merecedoras de estos premios y sin lugar a dudas, porque abren puertas y esperanza para las siguientes generaciones\u2019, ha subrayado Fern\u00e1ndez.<\/p>\n<p>El rector de la Universidad Pablo de Olavide ha agradecido a Javier Fern\u00e1ndez el compromiso de la Diputaci\u00f3n de Sevilla con los Cursos de Verano de la UPO en Carmona, y con los Premios Roma, y ha afirmado que \u00abformar parte del Consejo Econ\u00f3mico y Social de la provincia ser\u00eda un excelente modo de seguir contribuyendo al progreso social desde la Universidad, gracias a los expertos y las expertas universitarias con que contamos\u00bb.<\/p>\n<p>En cuanto a las plazas para estudiantes universitarios, <strong>Francisco Oliva ha valorado muy positivamente una ampliaci\u00f3n de las mismas ya que \u201cfacilitar el acceso a la Universidad es una pieza fundamental en una sociedad que presuma de igualdad de oportunidades\u201d<\/strong>.<\/p>\n<p>Fuente: Diputaci\u00f3n de Sevilla<\/p>\n","protected":false},"excerpt":{"rendered":"<p>El presidente de la Diputaci\u00f3n de Sevilla, Javier Fern\u00e1ndez, y el rector de la Universidad Pablo de Olavide, Francisco Oliva, han mantenido esta ma\u00f1ana un encuentro en el que han abordado tanto la colaboraci\u00f3n existente en estos momentos entre ambas instituciones, as\u00ed como futuras colaboraciones.<\/p>\n","protected":false},"author":6,"featured_media":30881534,"comment_status":"closed","ping_status":"open","sticky":false,"template":"","format":"standard","meta":{"_monsterinsights_skip_tracking":false,"_monsterinsights_sitenote_active":false,"_monsterinsights_sitenote_note":"","_monsterinsights_sitenote_category":0,"footnotes":""},"categories":[6],"tags":[22,3690,21,4021,6363,161],"class_list":["post-30881555","post","type-post","status-publish","format-standard","has-post-thumbnail","hentry","category-institucional","tag-cursos-de-verano","tag-diputacion-de-sevilla","tag-estudiantes","tag-francisco-oliva-blazquez","tag-premios-roma","tag-sevilla"],"_links":{"self":[{"href":"https:\/\/www.upo.es\/diario\/wp-json\/wp\/v2\/posts\/30881555","targetHints":{"allow":["GET"]}}],"collection":[{"href":"https:\/\/www.upo.es\/diario\/wp-json\/wp\/v2\/posts"}],"about":[{"href":"https:\/\/www.upo.es\/diario\/wp-json\/wp\/v2\/types\/post"}],"author":[{"embeddable":true,"href":"https:\/\/www.upo.es\/diario\/wp-json\/wp\/v2\/users\/6"}],"replies":[{"embeddable":true,"href":"https:\/\/www.upo.es\/diario\/wp-json\/wp\/v2\/comments?post=30881555"}],"version-history":[{"count":2,"href":"https:\/\/www.upo.es\/diario\/wp-json\/wp\/v2\/posts\/30881555\/revisions"}],"predecessor-version":[{"id":30881557,"href":"https:\/\/www.upo.es\/diario\/wp-json\/wp\/v2\/posts\/30881555\/revisions\/30881557"}],"wp:featuredmedia":[{"embeddable":true,"href":"https:\/\/www.upo.es\/diario\/wp-json\/wp\/v2\/media\/30881534"}],"wp:attachment":[{"href":"https:\/\/www.upo.es\/diario\/wp-json\/wp\/v2\/media?parent=30881555"}],"wp:term":[{"taxonomy":"category","embeddable":true,"href":"https:\/\/www.upo.es\/diario\/wp-json\/wp\/v2\/categories?post=30881555"},{"taxonomy":"post_tag","embeddable":true,"href":"https:\/\/www.upo.es\/diario\/wp-json\/wp\/v2\/tags?post=30881555"}],"curies":[{"name":"wp","href":"https:\/\/api.w.org\/{rel}","templated":true}]}}