{"id":30881633,"date":"2024-03-25T12:16:22","date_gmt":"2024-03-25T11:16:22","guid":{"rendered":"https:\/\/www.upo.es\/diario\/?p=30881633"},"modified":"2024-04-02T16:23:57","modified_gmt":"2024-04-02T14:23:57","slug":"aguas-subterraneas-parque-nacional-donana-protagonista-hidrogeodia-2024","status":"publish","type":"post","link":"https:\/\/www.upo.es\/diario\/docencia-formacion\/2024\/03\/aguas-subterraneas-parque-nacional-donana-protagonista-hidrogeodia-2024\/","title":{"rendered":"Las aguas subterr\u00e1neas del Parque Nacional de Do\u00f1ana, protagonista de Hidrogeod\u00eda 2024"},"content":{"rendered":"<figure id=\"attachment_30881634\" aria-describedby=\"caption-attachment-30881634\" style=\"width: 700px\" class=\"wp-caption aligncenter\"><a href=\"https:\/\/www.upo.es\/diario\/wp-content\/uploads\/2024\/03\/Hidrogeodia01.jpg\"><img loading=\"lazy\" decoding=\"async\" class=\"size-large wp-image-30881634\" src=\"https:\/\/www.upo.es\/diario\/wp-content\/uploads\/2024\/03\/Hidrogeodia01-700x525.jpg\" alt=\"Hidrogeod\u00eda 2024\" width=\"700\" height=\"525\" srcset=\"https:\/\/www.upo.es\/diario\/wp-content\/uploads\/2024\/03\/Hidrogeodia01-700x525.jpg 700w, https:\/\/www.upo.es\/diario\/wp-content\/uploads\/2024\/03\/Hidrogeodia01-420x315.jpg 420w, https:\/\/www.upo.es\/diario\/wp-content\/uploads\/2024\/03\/Hidrogeodia01-768x576.jpg 768w, https:\/\/www.upo.es\/diario\/wp-content\/uploads\/2024\/03\/Hidrogeodia01-1536x1152.jpg 1536w, https:\/\/www.upo.es\/diario\/wp-content\/uploads\/2024\/03\/Hidrogeodia01-1320x990.jpg 1320w, https:\/\/www.upo.es\/diario\/wp-content\/uploads\/2024\/03\/Hidrogeodia01.jpg 1600w\" sizes=\"auto, (max-width: 700px) 100vw, 700px\" \/><\/a><figcaption id=\"caption-attachment-30881634\" class=\"wp-caption-text\">El investigador de la UPO Miguel Rodr\u00edguez en un momento de su explicaci\u00f3n.<\/figcaption><\/figure>\n<p>M\u00e1s de 50 participantes pudieron conocer de primera mano el pasado s\u00e1bado 23 de marzo las particularidades hidrogeol\u00f3gicas del <strong>Parque Nacional de Do\u00f1ana,<\/strong> en un evento divulgativo celebrado en el marco de <a href=\"https:\/\/www.aih-ge.org\/hidrogeodia-2024\/\"><strong>\u2018Hidrogeod\u00eda 2024\u2019<\/strong><\/a>.<\/p>\n<figure id=\"attachment_30881635\" aria-describedby=\"caption-attachment-30881635\" style=\"width: 420px\" class=\"wp-caption alignright\"><a href=\"https:\/\/www.upo.es\/diario\/wp-content\/uploads\/2024\/03\/Hidrogeodia02.jpg\"><img loading=\"lazy\" decoding=\"async\" class=\"size-medium wp-image-30881635\" src=\"https:\/\/www.upo.es\/diario\/wp-content\/uploads\/2024\/03\/Hidrogeodia02-420x315.jpg\" alt=\"Hidrogeodia 2024\" width=\"420\" height=\"315\" srcset=\"https:\/\/www.upo.es\/diario\/wp-content\/uploads\/2024\/03\/Hidrogeodia02-420x315.jpg 420w, https:\/\/www.upo.es\/diario\/wp-content\/uploads\/2024\/03\/Hidrogeodia02-700x525.jpg 700w, https:\/\/www.upo.es\/diario\/wp-content\/uploads\/2024\/03\/Hidrogeodia02-768x576.jpg 768w, https:\/\/www.upo.es\/diario\/wp-content\/uploads\/2024\/03\/Hidrogeodia02-1536x1152.jpg 1536w, https:\/\/www.upo.es\/diario\/wp-content\/uploads\/2024\/03\/Hidrogeodia02-1320x990.jpg 1320w, https:\/\/www.upo.es\/diario\/wp-content\/uploads\/2024\/03\/Hidrogeodia02.jpg 1600w\" sizes=\"auto, (max-width: 420px) 100vw, 420px\" \/><\/a><figcaption id=\"caption-attachment-30881635\" class=\"wp-caption-text\">Participantes en Hidrogeod\u00eda 2024, en el Parque Nacional de Do\u00f1ana.<\/figcaption><\/figure>\n<p>Organizada por el <strong>\u00c1rea de Geodin\u00e1mica Externa de la Universidad Pablo de Olavide<\/strong> y el <strong>Instituto Geol\u00f3gico y Minero de Espa\u00f1a<\/strong> (oficina Sevilla), bajo la coordinaci\u00f3n del <strong>Grupo Espa\u00f1ol de la Asociaci\u00f3n Internacional de Hidroge\u00f3logos<\/strong> (AIH\u2010GE), la actividad se celebra con motivo del <strong>D\u00eda Mundial del Agua<\/strong> (22 de marzo) para dar a conocer en qu\u00e9 consiste la hidrogeolog\u00eda y la profesi\u00f3n del hidroge\u00f3logo.<\/p>\n<p>Guiados por los investigadores y profesores de la UPO <strong>Miguel Rodr\u00edguez Rodr\u00edguez<\/strong> y <strong>Jos\u00e9 Luis Yanes Conde Rodr\u00edguez<\/strong>, y por <strong>Claus Kohfahl<\/strong>, del IGME-CSIC, los participantes pudieron conocer el sistema h\u00eddrico del Parque Nacional de Do\u00f1ana, altamente dependiente del acu\u00edfero de Almonte.<\/p>\n<p>Durante el paseo hidrogeol\u00f3gico los visitantes conocieron el estado actual del agua subterr\u00e1nea \u00a0del lugar y a lo largo de la ruta realizaron principalmente dos paradas: la primera en el Observatorio Cient\u00edfico del CN Instituto Geol\u00f3gico y Minero de Espa\u00f1a y la segunda en la Laguna Santa Olalla, una de las lagunas peridunares de Do\u00f1ana.<\/p>\n","protected":false},"excerpt":{"rendered":"<p>M\u00e1s de 50 participantes pudieron conocer de primera mano el pasado s\u00e1bado 23 de marzo las particularidades hidrogeol\u00f3gicas del Parque Nacional de Do\u00f1ana, en un evento divulgativo celebrado en el marco de \u2018Hidrogeod\u00eda 2024\u2019.<\/p>\n","protected":false},"author":2,"featured_media":30881634,"comment_status":"closed","ping_status":"open","sticky":false,"template":"","format":"standard","meta":{"_monsterinsights_skip_tracking":false,"_monsterinsights_sitenote_active":false,"_monsterinsights_sitenote_note":"","_monsterinsights_sitenote_category":0,"footnotes":""},"categories":[2779],"tags":[4790,8759,8760,4787,4794,5879,8761],"class_list":["post-30881633","post","type-post","status-publish","format-standard","has-post-thumbnail","hentry","category-docencia-formacion","tag-area-de-geodinamica-externa","tag-dia-mundial-del-agua","tag-grupo-espanol-de-la-asociacion-internacional-de-hidrogeologos","tag-hidrogeodia","tag-hidrogeologia","tag-hidrogeologo","tag-parque-nacional-de-donana"],"_links":{"self":[{"href":"https:\/\/www.upo.es\/diario\/wp-json\/wp\/v2\/posts\/30881633","targetHints":{"allow":["GET"]}}],"collection":[{"href":"https:\/\/www.upo.es\/diario\/wp-json\/wp\/v2\/posts"}],"about":[{"href":"https:\/\/www.upo.es\/diario\/wp-json\/wp\/v2\/types\/post"}],"author":[{"embeddable":true,"href":"https:\/\/www.upo.es\/diario\/wp-json\/wp\/v2\/users\/2"}],"replies":[{"embeddable":true,"href":"https:\/\/www.upo.es\/diario\/wp-json\/wp\/v2\/comments?post=30881633"}],"version-history":[{"count":1,"href":"https:\/\/www.upo.es\/diario\/wp-json\/wp\/v2\/posts\/30881633\/revisions"}],"predecessor-version":[{"id":30881636,"href":"https:\/\/www.upo.es\/diario\/wp-json\/wp\/v2\/posts\/30881633\/revisions\/30881636"}],"wp:featuredmedia":[{"embeddable":true,"href":"https:\/\/www.upo.es\/diario\/wp-json\/wp\/v2\/media\/30881634"}],"wp:attachment":[{"href":"https:\/\/www.upo.es\/diario\/wp-json\/wp\/v2\/media?parent=30881633"}],"wp:term":[{"taxonomy":"category","embeddable":true,"href":"https:\/\/www.upo.es\/diario\/wp-json\/wp\/v2\/categories?post=30881633"},{"taxonomy":"post_tag","embeddable":true,"href":"https:\/\/www.upo.es\/diario\/wp-json\/wp\/v2\/tags?post=30881633"}],"curies":[{"name":"wp","href":"https:\/\/api.w.org\/{rel}","templated":true}]}}