{"id":30881637,"date":"2024-03-26T12:32:36","date_gmt":"2024-03-26T11:32:36","guid":{"rendered":"https:\/\/www.upo.es\/diario\/?p=30881637"},"modified":"2024-03-26T14:07:21","modified_gmt":"2024-03-26T13:07:21","slug":"olavide-neuron-stx-consolida-su-posicion-en-el-campo-de-nuevos-tratamientos-para-enfermedades-neurodegenerativas","status":"publish","type":"post","link":"https:\/\/www.upo.es\/diario\/docencia-formacion\/2024\/03\/olavide-neuron-stx-consolida-su-posicion-en-el-campo-de-nuevos-tratamientos-para-enfermedades-neurodegenerativas\/","title":{"rendered":"Olavide Neuron STX consolida su posici\u00f3n en el campo de nuevos tratamientos para enfermedades neurodegenerativas"},"content":{"rendered":"<figure id=\"attachment_30881638\" aria-describedby=\"caption-attachment-30881638\" style=\"width: 586px\" class=\"wp-caption aligncenter\"><a href=\"https:\/\/www.upo.es\/diario\/wp-content\/uploads\/2024\/03\/240319EquipoONSTX22.jpg\"><img loading=\"lazy\" decoding=\"async\" class=\"size-large wp-image-30881638\" src=\"https:\/\/www.upo.es\/diario\/wp-content\/uploads\/2024\/03\/240319EquipoONSTX22-586x525.jpg\" alt=\"Equipo ONESTX\" width=\"586\" height=\"525\" srcset=\"https:\/\/www.upo.es\/diario\/wp-content\/uploads\/2024\/03\/240319EquipoONSTX22-586x525.jpg 586w, https:\/\/www.upo.es\/diario\/wp-content\/uploads\/2024\/03\/240319EquipoONSTX22-420x376.jpg 420w, https:\/\/www.upo.es\/diario\/wp-content\/uploads\/2024\/03\/240319EquipoONSTX22-768x688.jpg 768w, https:\/\/www.upo.es\/diario\/wp-content\/uploads\/2024\/03\/240319EquipoONSTX22-1536x1375.jpg 1536w, https:\/\/www.upo.es\/diario\/wp-content\/uploads\/2024\/03\/240319EquipoONSTX22-2048x1834.jpg 2048w, https:\/\/www.upo.es\/diario\/wp-content\/uploads\/2024\/03\/240319EquipoONSTX22-1320x1182.jpg 1320w\" sizes=\"auto, (max-width: 586px) 100vw, 586px\" \/><\/a><figcaption id=\"caption-attachment-30881638\" class=\"wp-caption-text\">En pie, de izquierda a derecha, la directora de la OTRI de la UPO Rosario Jim\u00e9nez, \u00c1ngel M. Carri\u00f3n, Jorge Alemany, Mercedes M. P\u00e9rez y Jes\u00fas Bores. Sentados, de izquierda a derecha, Manuel J. Mu\u00f1oz; la vicerrectora de Investigaci\u00f3n, Transferencia y Doctorado de la UPO Antonia Jim\u00e9nez Rodr\u00edguez, y \u00c1ngel Cebolla.<\/figcaption><\/figure>\n<p>En un \u00e1mbito tan relevante como el de las enfermedades neurodegenerativas, <strong><a href=\"https:\/\/onestx.bio\/\">Olavide Neuron STX S.L.<\/a><\/strong> sigue creciendo y sumando capital, profesionales y patentes a un proyecto impulsado por el equipo que hay detr\u00e1s de esta empresa biotecnol\u00f3gica, nacida como <em>spin off<\/em> de la Universidad Pablo de Olavide.<\/p>\n<p>El s\u00f3lido liderazgo biotecnol\u00f3gico de <strong>\u00c1ngel Cebolla<\/strong> y el apoyo de los profesionales de <strong><a href=\"https:\/\/biomedal.com\/\">Biomedal, SL<\/a><\/strong> (<strong>Basilio S\u00e1ez<\/strong>, <strong>Andrea Rodr\u00edguez<\/strong>, <strong>Marta Herrera<\/strong>), socio empresarial, respaldado por el resto de los socios, <strong>Jorge Alemany<\/strong> y <strong>Luis Ruiz-\u00c1vila<\/strong> (Janus Development, SL) \u2013 reconocidos expertos en el sector Biotecnol\u00f3gico \u2013 y con el constante trabajo de los investigadores de la UPO y socios <strong>Manuel J. Mu\u00f1oz<\/strong> y la <strong>Mercedes M. P\u00e9rez Jim\u00e9nez<\/strong> (Departamento de Biolog\u00eda Molecular e Ingenier\u00eda Bioqu\u00edmica) y <strong>\u00c1ngel M. Carri\u00f3n<\/strong> (Departamento de Fisiolog\u00eda, Anatom\u00eda y Biolog\u00eda Celular), est\u00e1 posibilitando el desarrollo y la puesta en valor del conocimiento generado en la Universidad Pablo de Olavide, dando lugar a la consolidaci\u00f3n de Olavide Neuron STX, que se ha visto fortalecida con la incorporaci\u00f3n de la nueva directora cl\u00ednica, <strong>Vi\u00f1as Andr\u00e9s Sim\u00f3n<\/strong> y de la Project Manager, <strong>Sandra Gavald\u00e1<\/strong>.<\/p>\n<p><strong>Se inicia una nueva etapa en la que Biomedal aumenta su apuesta por Olavide Neuron STX (ONESTX) alcanzando el 40% de capitalizaci\u00f3n<\/strong> y se espera incorporar a importantes asesores de prestigio y nuevos inversores en una nueva ronda de inversi\u00f3n que ser\u00e1 esencial para financiar la entrada en fases cl\u00ednicas, y la puesta en el mercado de su prometedor f\u00e1rmaco con actividad antineurodegenerativa. Todo ello con el asesoramiento legal de <strong>Jes\u00fas Bores Lazo<\/strong> y BOLEO LEGAL.<\/p>\n<p>ONESTX refuerza sus activos con la <strong>obtenci\u00f3n de varias patentes europeas<\/strong> sobre el compuesto STX64 y hormonas sulfatadas para el tratamiento y prevenci\u00f3n de enfermedades de agregaci\u00f3n proteica, que confirman la fortaleza de estas patentes. <strong>El f\u00e1rmaco tratar\u00e1 las graves consecuencias que se derivan de las enfermedades neurodegenerativas como Alzheimer y Corea de Huntington<\/strong>, ha superado ya, de forma muy prometedora, la fase precl\u00ednica en varios modelos animales mejorando indicadores claves de estas enfermedades. Adem\u00e1s, este f\u00e1rmaco ha demostrado ser seguro en su administraci\u00f3n a pacientes de otras indicaciones, lo que <strong>permitir\u00e1 ir directamente a ensayos cl\u00ednicos de fase II<\/strong>, acortando as\u00ed en gran medida el riesgo y el tiempo de acceso al mercado.<\/p>\n","protected":false},"excerpt":{"rendered":"<p>En un \u00e1mbito tan relevante como el de las enfermedades neurodegenerativas, Olavide Neuron STX S.L. sigue creciendo y sumando capital, profesionales y patentes a un proyecto impulsado por el equipo que hay detr\u00e1s de esta empresa biotecnol\u00f3gica, nacida como spin off de la Universidad Pablo de Olavide.<\/p>\n","protected":false},"author":2,"featured_media":30881638,"comment_status":"closed","ping_status":"open","sticky":false,"template":"","format":"standard","meta":{"_monsterinsights_skip_tracking":false,"_monsterinsights_sitenote_active":false,"_monsterinsights_sitenote_note":"","_monsterinsights_sitenote_category":0,"footnotes":""},"categories":[2779],"tags":[272,8702,8703,2198,6849,4402,6459,6845,6844,8701,168],"class_list":["post-30881637","post","type-post","status-publish","format-standard","has-post-thumbnail","hentry","category-docencia-formacion","tag-alzheimer","tag-angel-carrion","tag-biomedal-s-l","tag-caenorhabditis-elegans","tag-empresa-de-base-tecnologica","tag-enfermedades-neurodegenerativas","tag-farmaco","tag-manuel-j-munoz","tag-olavide-neuron-stx-s-l","tag-onestx-1","tag-spin-off"],"_links":{"self":[{"href":"https:\/\/www.upo.es\/diario\/wp-json\/wp\/v2\/posts\/30881637","targetHints":{"allow":["GET"]}}],"collection":[{"href":"https:\/\/www.upo.es\/diario\/wp-json\/wp\/v2\/posts"}],"about":[{"href":"https:\/\/www.upo.es\/diario\/wp-json\/wp\/v2\/types\/post"}],"author":[{"embeddable":true,"href":"https:\/\/www.upo.es\/diario\/wp-json\/wp\/v2\/users\/2"}],"replies":[{"embeddable":true,"href":"https:\/\/www.upo.es\/diario\/wp-json\/wp\/v2\/comments?post=30881637"}],"version-history":[{"count":1,"href":"https:\/\/www.upo.es\/diario\/wp-json\/wp\/v2\/posts\/30881637\/revisions"}],"predecessor-version":[{"id":30881639,"href":"https:\/\/www.upo.es\/diario\/wp-json\/wp\/v2\/posts\/30881637\/revisions\/30881639"}],"wp:featuredmedia":[{"embeddable":true,"href":"https:\/\/www.upo.es\/diario\/wp-json\/wp\/v2\/media\/30881638"}],"wp:attachment":[{"href":"https:\/\/www.upo.es\/diario\/wp-json\/wp\/v2\/media?parent=30881637"}],"wp:term":[{"taxonomy":"category","embeddable":true,"href":"https:\/\/www.upo.es\/diario\/wp-json\/wp\/v2\/categories?post=30881637"},{"taxonomy":"post_tag","embeddable":true,"href":"https:\/\/www.upo.es\/diario\/wp-json\/wp\/v2\/tags?post=30881637"}],"curies":[{"name":"wp","href":"https:\/\/api.w.org\/{rel}","templated":true}]}}