{"id":30881661,"date":"2024-04-01T14:50:27","date_gmt":"2024-04-01T12:50:27","guid":{"rendered":"https:\/\/www.upo.es\/diario\/?p=30881661"},"modified":"2024-04-01T14:53:19","modified_gmt":"2024-04-01T12:53:19","slug":"hasta-el-12-de-abril-estara-abierto-el-plazo-para-presentar-propuestas-de-divulgacion-cientifica-para-participar-en-la-22a-feria-de-la-ciencia-de-sevilla","status":"publish","type":"post","link":"https:\/\/www.upo.es\/diario\/docencia-formacion\/2024\/04\/hasta-el-12-de-abril-estara-abierto-el-plazo-para-presentar-propuestas-de-divulgacion-cientifica-para-participar-en-la-22a-feria-de-la-ciencia-de-sevilla\/","title":{"rendered":"Hasta el 12 de abril estar\u00e1 abierto el plazo para presentar propuestas de divulgaci\u00f3n cient\u00edfica para participar en la 22\u00aa Feria de la Ciencia de Sevilla"},"content":{"rendered":"<p><a href=\"https:\/\/www.upo.es\/diario\/wp-content\/uploads\/2024\/04\/feriacc_2023.jpg\"><img loading=\"lazy\" decoding=\"async\" class=\"alignright size-medium wp-image-30881663\" src=\"https:\/\/www.upo.es\/diario\/wp-content\/uploads\/2024\/04\/feriacc_2023-420x420.jpg\" alt=\"Feria Ciencia\" width=\"420\" height=\"420\" srcset=\"https:\/\/www.upo.es\/diario\/wp-content\/uploads\/2024\/04\/feriacc_2023-420x420.jpg 420w, https:\/\/www.upo.es\/diario\/wp-content\/uploads\/2024\/04\/feriacc_2023-525x525.jpg 525w, https:\/\/www.upo.es\/diario\/wp-content\/uploads\/2024\/04\/feriacc_2023-300x300.jpg 300w, https:\/\/www.upo.es\/diario\/wp-content\/uploads\/2024\/04\/feriacc_2023-768x768.jpg 768w, https:\/\/www.upo.es\/diario\/wp-content\/uploads\/2024\/04\/feriacc_2023.jpg 800w\" sizes=\"auto, (max-width: 420px) 100vw, 420px\" \/><\/a>La comunidad investigadora tendr\u00e1 de plazo <u>hasta el 12 de abril inclusive<\/u> para presentar propuestas de actividades de divulgaci\u00f3n tales como talleres, experimentos cient\u00edficos, o visualizaci\u00f3n de muestras, para participar en la <strong><a href=\"https:\/\/feriadelaciencia.org\/01_FERIACIENCIA\/\">22\u00aa FERIA de la CIENCIA<\/a><\/strong>, que tendr\u00e1 lugar los d\u00edas <u>8, 9 y 10 de mayo de 2024 en el Palacio de Exposiciones y Congresos (FIBES), de Sevilla<\/u>.<\/p>\n<p>El Vicerrectorado de Investigaci\u00f3n, Transferencia y Doctorado, a trav\u00e9s de la <a href=\"https:\/\/www.upo.es\/otri\/\">Oficina de Transferencia de Resultados de Investigaci\u00f3n<\/a> (OTRI), vuelve a coordinar la participaci\u00f3n de la Universidad Pablo de Olavide en esta Feria, que se ha consolidado como un <strong>espacio de encuentro y referencia de la divulgaci\u00f3n cient\u00edfica en nuestra comunidad<\/strong>.<\/p>\n<p>As\u00ed, la UPO contar\u00e1 con un <strong>stand propio, de aproximadamente 30 m2<\/strong>, donde se llevar\u00e1n a cabo las actividades de divulgaci\u00f3n seleccionadas de entre las presentadas. Ser\u00e1 un espacio en el que el personal investigador de la Universidad podr\u00e1 mostrar la ciencia de una forma atractiva para todos los p\u00fablicos. En <a href=\"https:\/\/www.flickr.com\/photos\/pablodeolavide\/albums\/72177720308215141\/\">flickr<\/a> se pueden ver fotos de la pasada edici\u00f3n.<\/p>\n<p>La Feria de la Ciencia est\u00e1 organizada por la Sociedad Andaluza para la Divulgaci\u00f3n de la Ciencia y la Fundaci\u00f3n Descubre, y est\u00e1 abierta a <strong>actividades de divulgaci\u00f3n de cualquier disciplina cient\u00edfica<\/strong>. No obstante, cada a\u00f1o predominan \u00e1reas tem\u00e1ticas concretas y en 2024 ser\u00e1n las siguientes:<\/p>\n<ul>\n<li>Cambio clim\u00e1tico. Ciencia para conservar la biodiversidad y frenar el cambio clim\u00e1tico.<\/li>\n<li>Ciencias del Espacio. Proyectos que tenga que ver con la ciencia espacial.<\/li>\n<li>Conmemoraci\u00f3n del A\u00f1o Internacional de los Cam\u00e9lidos. Importancia del aporte econ\u00f3mico y cultural de los cam\u00e9lidos.<\/li>\n<li>Espacio STEAM. Proyectos relacionados con la tecnolog\u00eda, la ingenier\u00eda, las matem\u00e1ticas, el arte, las ciencias sociales o la formaci\u00f3n profesional.<\/li>\n<\/ul>\n<p>Las propuestas de actividades deben ser enviadas a <a href=\"mailto:otri@upo.es\"><strong>otri@upo.es<\/strong><\/a> cumplimentando el siguiente \u00a0<strong><a href=\"https:\/\/www.upo.es\/cms3\/export\/sites\/otri-cms3\/otri\/cultura-cientifica\/.galleries\/DOCUMENTOS-Historico-CULTURA-CIENTIFICA\/Formulario_FeriaCiencia-2024.doc\">FORMULARIO<\/a><\/strong><strong>.<\/strong> Fecha l\u00edmite 12 DE ABRIL DE 2024 (inclusive).<\/p>\n<p>&nbsp;<\/p>\n<p>Fuente: <a href=\"https:\/\/www.upo.es\/otri\/\">Oficina de Transferencia de Resultados de Investigaci\u00f3n<\/a> de la UPO.<\/p>\n","protected":false},"excerpt":{"rendered":"<p>La comunidad investigadora tendr\u00e1 de plazo hasta el 12 de abril inclusive para presentar propuestas de actividades de divulgaci\u00f3n tales como talleres, experimentos cient\u00edficos, o visualizaci\u00f3n de muestras, para participar en la 22\u00aa FERIA de la CIENCIA, que tendr\u00e1 lugar los d\u00edas 8, 9 y 10 de mayo de 2024 en el Palacio de Exposiciones y Congresos (FIBES), de Sevilla.<\/p>\n","protected":false},"author":2,"featured_media":30881663,"comment_status":"closed","ping_status":"open","sticky":false,"template":"","format":"standard","meta":{"_monsterinsights_skip_tracking":false,"_monsterinsights_sitenote_active":false,"_monsterinsights_sitenote_note":"","_monsterinsights_sitenote_category":0,"footnotes":""},"categories":[2779],"tags":[2645,5019,5020,56,83,7331],"class_list":["post-30881661","post","type-post","status-publish","format-standard","has-post-thumbnail","hentry","category-docencia-formacion","tag-divulgacion-cientifica","tag-feria-de-la-ciencia","tag-fibes","tag-investigacion","tag-otri","tag-vicerrectorado-de-investigacion"],"_links":{"self":[{"href":"https:\/\/www.upo.es\/diario\/wp-json\/wp\/v2\/posts\/30881661","targetHints":{"allow":["GET"]}}],"collection":[{"href":"https:\/\/www.upo.es\/diario\/wp-json\/wp\/v2\/posts"}],"about":[{"href":"https:\/\/www.upo.es\/diario\/wp-json\/wp\/v2\/types\/post"}],"author":[{"embeddable":true,"href":"https:\/\/www.upo.es\/diario\/wp-json\/wp\/v2\/users\/2"}],"replies":[{"embeddable":true,"href":"https:\/\/www.upo.es\/diario\/wp-json\/wp\/v2\/comments?post=30881661"}],"version-history":[{"count":4,"href":"https:\/\/www.upo.es\/diario\/wp-json\/wp\/v2\/posts\/30881661\/revisions"}],"predecessor-version":[{"id":30881666,"href":"https:\/\/www.upo.es\/diario\/wp-json\/wp\/v2\/posts\/30881661\/revisions\/30881666"}],"wp:featuredmedia":[{"embeddable":true,"href":"https:\/\/www.upo.es\/diario\/wp-json\/wp\/v2\/media\/30881663"}],"wp:attachment":[{"href":"https:\/\/www.upo.es\/diario\/wp-json\/wp\/v2\/media?parent=30881661"}],"wp:term":[{"taxonomy":"category","embeddable":true,"href":"https:\/\/www.upo.es\/diario\/wp-json\/wp\/v2\/categories?post=30881661"},{"taxonomy":"post_tag","embeddable":true,"href":"https:\/\/www.upo.es\/diario\/wp-json\/wp\/v2\/tags?post=30881661"}],"curies":[{"name":"wp","href":"https:\/\/api.w.org\/{rel}","templated":true}]}}