{"id":30881697,"date":"2024-04-03T10:48:24","date_gmt":"2024-04-03T08:48:24","guid":{"rendered":"https:\/\/www.upo.es\/diario\/?p=30881697"},"modified":"2024-04-04T15:56:03","modified_gmt":"2024-04-04T13:56:03","slug":"upo-lidera-proyecto-fomenta-etica-profesional-cuidados-servicios-sociales-andaluces","status":"publish","type":"post","link":"https:\/\/www.upo.es\/diario\/ciencia\/2024\/04\/upo-lidera-proyecto-fomenta-etica-profesional-cuidados-servicios-sociales-andaluces\/","title":{"rendered":"La UPO lidera un proyecto que fomenta la \u00e9tica profesional y de los cuidados en los servicios sociales andaluces"},"content":{"rendered":"<figure id=\"attachment_30881696\" aria-describedby=\"caption-attachment-30881696\" style=\"width: 750px\" class=\"wp-caption aligncenter\"><a href=\"https:\/\/www.upo.es\/diario\/wp-content\/uploads\/2024\/04\/inves_etica_ss-scaled.jpg\"><img loading=\"lazy\" decoding=\"async\" class=\"wp-image-30881696 size-large\" src=\"https:\/\/www.upo.es\/diario\/wp-content\/uploads\/2024\/04\/inves_etica_ss-750x500.jpg\" alt=\"De izquierda a derecha, Ra\u00fal \u00c1lvarez P\u00e9rez, Manuel Flores S\u00e1nchez y Nuria Cordero Ramos.\" width=\"750\" height=\"500\" srcset=\"https:\/\/www.upo.es\/diario\/wp-content\/uploads\/2024\/04\/inves_etica_ss-750x500.jpg 750w, https:\/\/www.upo.es\/diario\/wp-content\/uploads\/2024\/04\/inves_etica_ss-420x280.jpg 420w, https:\/\/www.upo.es\/diario\/wp-content\/uploads\/2024\/04\/inves_etica_ss-768x512.jpg 768w, https:\/\/www.upo.es\/diario\/wp-content\/uploads\/2024\/04\/inves_etica_ss-1536x1024.jpg 1536w, https:\/\/www.upo.es\/diario\/wp-content\/uploads\/2024\/04\/inves_etica_ss-2048x1365.jpg 2048w, https:\/\/www.upo.es\/diario\/wp-content\/uploads\/2024\/04\/inves_etica_ss-165x109.jpg 165w, https:\/\/www.upo.es\/diario\/wp-content\/uploads\/2024\/04\/inves_etica_ss-1320x880.jpg 1320w\" sizes=\"auto, (max-width: 750px) 100vw, 750px\" \/><\/a><figcaption id=\"caption-attachment-30881696\" class=\"wp-caption-text\">De izquierda a derecha, Ra\u00fal \u00c1lvarez P\u00e9rez, Manuel Flores S\u00e1nchez y Nuria Cordero Ramos.<\/figcaption><\/figure>\n<p>En un contexto en el que se hace imprescindible reforzar una cultura de la \u00e9tica en el marco de Servicios Sociales Comunitarios de Andaluc\u00eda, acorde a los cambios sociales del momento y en l\u00ednea con las aspiraciones profesionales y las ciudadanas, un equipo de investigaci\u00f3n de la Universidad Pablo de Olavide acaba de iniciar el <strong>proyecto de investigaci\u00f3n e innovaci\u00f3n social \u2018Hacia una cultura \u00e9tica en los servicios sociales de Andaluc\u00eda: \u00e9tica de los cuidados y dilemas \u00e9ticos\u2019<\/strong>.<\/p>\n<p>El estudio, que ser\u00e1 desarrollado por los profesores del Departamento de Trabajo Social y Servicios Sociales de la UPO <strong>Ra\u00fal \u00c1lvarez P\u00e9rez<\/strong>, <strong>Nuria Cordero Ramos<\/strong> y <strong>Manuel Flores S\u00e1nchez<\/strong>, aprobado en r\u00e9gimen de Concurrencia Competitiva por la Consejer\u00eda de Inclusi\u00f3n Social, Juventud, Familias e Igualdad de la Junta de Andaluc\u00eda, persigue dos objetivos generales.<\/p>\n<p>Por un lado, seg\u00fan su investigador responsable, Ra\u00fal \u00c1lvarez, \u201ccon este proyecto se pretende que la <strong>\u00e9tica profesional,<\/strong> basada en <strong>valores como el respeto a la autonom\u00eda de la persona y a los derechos humanos, tenga mayor visibilidad y presencia<\/strong> en los Servicios Sociales Comunitarios de Andaluc\u00eda, tal y como queda establecido en la Estrategia \u00c9tica de los Servicios Sociales de la comunidad aut\u00f3noma\u201d.<\/p>\n<p>Por otro lado<strong>, impulsar la \u00e9tica de los cuidados<\/strong> en dichos Servicios Sociales Comunitarios es otro de los objetivos de este proyecto. Seg\u00fan Ra\u00fal \u00c1lvarez \u201cel contexto de los servicios sociales debe ser un contexto profesional donde los <strong>cuidados a las personas con las que se trabaja y a los propios profesionales que desarrollan las intervenciones sean centrales<\/strong>\u201d. Para el investigador responsable \u201cresulta necesario normalizar como pr\u00e1ctica cotidiana el hecho de <strong>cuidar y ser cuidados<\/strong>\u201d.<\/p>\n<p>De entre las <strong>acciones contempladas<\/strong> cabe destacar el desarrollo de una <strong>investigaci\u00f3n aplicada sobre \u2018Dilemas \u00c9ticos y Estrategias de Resoluci\u00f3n\u2019<\/strong> que permitir\u00e1 identificar factores internos y externos que favorecen y dificultan la reflexi\u00f3n \u00e9tica y la mejora de los procesos de toma de decisiones. \u201cEl volumen de trabajo que habitualmente se gestiona desde los Servicios Sociales Comunitarios impide en muchas ocasiones sopesar con calma los pros y contras de las distintas opciones de respuesta. Esta falta de reflexi\u00f3n \u00e9tica a veces nos lleva a tener que decidir entre lo peor y lo menos malo\u201d, explica el investigador de la UPO.<\/p>\n<p>A su vez, y con car\u00e1cter de <strong>innovaci\u00f3n social<\/strong>, se pondr\u00e1n en marcha de forma experimental cuatro <strong>\u201cTalleres de Autocuidados\u201d para sus profesionales<\/strong>, que servir\u00e1n para el desarrollo de procesos de autoconocimiento y cuidados que permitan a los y las profesionales incorporar en su d\u00eda a d\u00eda t\u00e9cnicas \u00fatiles para una mejor gesti\u00f3n emocional de situaciones altamente complejas.<\/p>\n<p>Para el desarrollo del proyecto de investigaci\u00f3n e innovaci\u00f3n social se han seleccionado <strong>cuatro zonas de trabajo social<\/strong> siguiendo los criterios establecidos por la propia Junta de Andaluc\u00eda. Gracias a la aplicaci\u00f3n de estos criterios el proyecto se desarrollar\u00e1 en territorios tan dispares en cuanto a n\u00famero de poblaci\u00f3n y tipo de territorio como la <strong>Sierra de Aracena<\/strong> (ZTS Sierra Este-Huelva), <strong>campi\u00f1a sevillana<\/strong> (ZTS Arahal-Sevilla), <strong>campi\u00f1a cordobesa<\/strong> (ZTS Montilla-C\u00f3rdoba) y una ciudad como <strong>M\u00e1laga <\/strong>(ZTS M\u00e1laga Centro-Trinidad-Perchel).<\/p>\n<p>Finalmente, Ra\u00fal \u00c1lvarez destaca el compromiso adoptado con la Junta de Andaluc\u00eda de apostar por una transferencia clara del conocimiento generado durante todo el proceso de investigaci\u00f3n e innovaci\u00f3n social. \u201cEs importante que este tipo de proyectos de marcado car\u00e1cter aplicado generen productos \u00fatiles para las y los profesionales de los servicios sociales. Por esta raz\u00f3n, al finalizar el proyecto se editar\u00e1n <strong>dos gu\u00edas pr\u00e1cticas<\/strong> pensadas para el conjunto de profesionales de los servicios sociales comunitarios de Andaluc\u00eda. La gu\u00eda pr\u00e1ctica sobre <strong>\u201cDilemas \u00e9ticos y estrategias de resoluci\u00f3n en el contexto de los servicios sociales de Andaluc\u00eda\u201d<\/strong> y la gu\u00eda sobre <strong>\u201cCuidados y Autocuidados en los servicios sociales de Andaluc\u00eda\u201d<\/strong>.<\/p>\n","protected":false},"excerpt":{"rendered":"<p>En un contexto en el que se hace imprescindible reforzar una cultura de la \u00e9tica en el marco de Servicios Sociales Comunitarios de Andaluc\u00eda, acorde a los cambios sociales del momento y en l\u00ednea con las aspiraciones profesionales y las ciudadanas, un equipo de investigaci\u00f3n de la Universidad Pablo de Olavide acaba de iniciar el proyecto de investigaci\u00f3n e innovaci\u00f3n social \u2018Hacia una cultura \u00e9tica en los servicios sociales de Andaluc\u00eda: \u00e9tica de los cuidados y dilemas \u00e9ticos\u2019.<\/p>\n","protected":false},"author":2,"featured_media":30881696,"comment_status":"closed","ping_status":"open","sticky":false,"template":"","format":"standard","meta":{"_monsterinsights_skip_tracking":false,"_monsterinsights_sitenote_active":false,"_monsterinsights_sitenote_note":"","_monsterinsights_sitenote_category":0,"footnotes":""},"categories":[3],"tags":[8763,8123,8048,92,8764,554,457,1046],"class_list":["post-30881697","post","type-post","status-publish","format-standard","has-post-thumbnail","hentry","category-ciencia","tag-autocuidados","tag-consejeria-de-inclusion-social","tag-cuidados","tag-derechos-humanos","tag-familias-e-igualdad","tag-innovacion","tag-juventud","tag-servicios-sociales"],"_links":{"self":[{"href":"https:\/\/www.upo.es\/diario\/wp-json\/wp\/v2\/posts\/30881697","targetHints":{"allow":["GET"]}}],"collection":[{"href":"https:\/\/www.upo.es\/diario\/wp-json\/wp\/v2\/posts"}],"about":[{"href":"https:\/\/www.upo.es\/diario\/wp-json\/wp\/v2\/types\/post"}],"author":[{"embeddable":true,"href":"https:\/\/www.upo.es\/diario\/wp-json\/wp\/v2\/users\/2"}],"replies":[{"embeddable":true,"href":"https:\/\/www.upo.es\/diario\/wp-json\/wp\/v2\/comments?post=30881697"}],"version-history":[{"count":1,"href":"https:\/\/www.upo.es\/diario\/wp-json\/wp\/v2\/posts\/30881697\/revisions"}],"predecessor-version":[{"id":30881698,"href":"https:\/\/www.upo.es\/diario\/wp-json\/wp\/v2\/posts\/30881697\/revisions\/30881698"}],"wp:featuredmedia":[{"embeddable":true,"href":"https:\/\/www.upo.es\/diario\/wp-json\/wp\/v2\/media\/30881696"}],"wp:attachment":[{"href":"https:\/\/www.upo.es\/diario\/wp-json\/wp\/v2\/media?parent=30881697"}],"wp:term":[{"taxonomy":"category","embeddable":true,"href":"https:\/\/www.upo.es\/diario\/wp-json\/wp\/v2\/categories?post=30881697"},{"taxonomy":"post_tag","embeddable":true,"href":"https:\/\/www.upo.es\/diario\/wp-json\/wp\/v2\/tags?post=30881697"}],"curies":[{"name":"wp","href":"https:\/\/api.w.org\/{rel}","templated":true}]}}