{"id":30881702,"date":"2024-04-03T11:08:24","date_gmt":"2024-04-03T09:08:24","guid":{"rendered":"https:\/\/www.upo.es\/diario\/?p=30881702"},"modified":"2024-04-04T15:55:34","modified_gmt":"2024-04-04T13:55:34","slug":"jornadas-de-nutricion-deportiva-y-conferencia-de-paloma-del-rio-para-conmemorar-el-dia-internacional-del-deporte-y-el-dia-mundial-de-la-salud","status":"publish","type":"post","link":"https:\/\/www.upo.es\/diario\/docencia-formacion\/2024\/04\/jornadas-de-nutricion-deportiva-y-conferencia-de-paloma-del-rio-para-conmemorar-el-dia-internacional-del-deporte-y-el-dia-mundial-de-la-salud\/","title":{"rendered":"Jornadas de Nutrici\u00f3n Deportiva y conferencia de Paloma del R\u00edo para conmemorar el D\u00eda Internacional del Deporte y el D\u00eda Mundial de la Salud"},"content":{"rendered":"<p><a href=\"https:\/\/www.upo.es\/diario\/wp-content\/uploads\/2024\/04\/Cartel-Jornadas-1.png\"><img loading=\"lazy\" decoding=\"async\" class=\"alignright size-medium wp-image-30881703\" src=\"https:\/\/www.upo.es\/diario\/wp-content\/uploads\/2024\/04\/Cartel-Jornadas-1-297x420.png\" alt=\"\" width=\"297\" height=\"420\" srcset=\"https:\/\/www.upo.es\/diario\/wp-content\/uploads\/2024\/04\/Cartel-Jornadas-1-297x420.png 297w, https:\/\/www.upo.es\/diario\/wp-content\/uploads\/2024\/04\/Cartel-Jornadas-1-371x525.png 371w, https:\/\/www.upo.es\/diario\/wp-content\/uploads\/2024\/04\/Cartel-Jornadas-1-768x1086.png 768w, https:\/\/www.upo.es\/diario\/wp-content\/uploads\/2024\/04\/Cartel-Jornadas-1-1086x1536.png 1086w, https:\/\/www.upo.es\/diario\/wp-content\/uploads\/2024\/04\/Cartel-Jornadas-1-1448x2048.png 1448w, https:\/\/www.upo.es\/diario\/wp-content\/uploads\/2024\/04\/Cartel-Jornadas-1-1320x1867.png 1320w, https:\/\/www.upo.es\/diario\/wp-content\/uploads\/2024\/04\/Cartel-Jornadas-1.png 1587w\" sizes=\"auto, (max-width: 297px) 100vw, 297px\" \/><\/a>Con motivo del <strong>D\u00eda Internacional del Deporte para el Desarrollo y la Paz<\/strong>, que se conmemora el 6 de abril, y el <strong>D\u00eda Mundial de la Salud<\/strong>, que se celebra el 7 de abril, la Universidad Pablo de Olavide acoger\u00e1 en su campus las <strong>I Jornadas de Nutrici\u00f3n Deportiva <\/strong>y una conferencia de la periodista deportiva <strong>Paloma del R\u00edo<\/strong>.<\/p>\n<p>Organizadas por la <strong>Asociaci\u00f3n de Dietistas \u2013 Nutricionistas Universitarios (ADINU) Sevilla<\/strong> con la colaboraci\u00f3n de <strong>Vicerrectorado de Campus Saludable y Deporte<\/strong> y la <strong>Facultad de Ciencias Experimentales <\/strong>de la Universidad Pablo de Olavide, las <strong>I Jornadas de Nutrici\u00f3n Deportiva<\/strong> se celebrar\u00e1n en la tarde de <u>hoy mi\u00e9rcoles 3 de abril<\/u>. Comenzar\u00e1n a <u>las 16:00 horas en la sala de grados del edificio 7<\/u> con la presentaci\u00f3n del evento a cargo del Vicerrector de Campus Saludable y Deporte, Antonio Fern\u00e1ndez Mart\u00ednez y de la presidenta de ADINU Sevilla, <strong>G\u00e9nesis Mayddeline P\u00e9rez Arreaga<\/strong>, y la coordinadora del Grado en Nutrici\u00f3n Humana y Diet\u00e9tica <strong>Soledad Fern\u00e1ndez Pach\u00f3n<\/strong>.<\/p>\n<p>Estas jornadas tienen como objetivo fomentar la integraci\u00f3n y el di\u00e1logo entre la comunidad universitaria adem\u00e1s de la promoci\u00f3n de la vida saludable y la importancia de la interdisciplinariedad, en este caso, entre deportistas, entrenadores y dietistas-nutricionistas. As\u00ed, contar\u00e1 con las intervenciones del profesor de la UPO <strong>Luis Mor\u00e1n<\/strong>, presidente del Consejo General de Colegios Oficiales de Dietistas-Nutricionistas y de Asociaci\u00f3n de Diplomados Universitarios en Nutrici\u00f3n Humana y Diet\u00e9tica de Andaluc\u00eda, quien hablar\u00e1 de <strong>\u2018Suplementaci\u00f3n deportiva\u2019<\/strong>; la dietista-nutricionista <strong>Ana Victoria Espinos<\/strong>a, quien abordar\u00e1 <strong>\u2018Nutrici\u00f3n CrossFit: todo lo que necesitas saber\u2019<\/strong>; F\u00e1tima Jap\u00f3n, dietista \u2013 nutricionista del equipo femenino del Sevilla F.C., cuya intervenci\u00f3n versar\u00e1 sobre <strong>\u2018Nutrici\u00f3n en el f\u00fatbol femenino\u2019<\/strong>; los estudiantes del Grado en Nutrici\u00f3n Humana y Diet\u00e9tica de la UPO <strong>Adri\u00e1n Hidalgo y David Medina<\/strong>, quienes hablar\u00e1n sobre <strong>\u2018Promoci\u00f3n de buenos h\u00e1bitos a trav\u00e9s de la nutrici\u00f3n y la actividad f\u00edsica a los estudiantes de la UPO\u2019<\/strong>; el dietista \u2013 nutricionista y profesor de la UPO <strong>Javier Garc\u00eda Pereda<\/strong>, que abordar\u00e1 los <strong>\u2018Pilares de la alimentaci\u00f3n deportiva\u2019<\/strong>; y <strong>Antonio Jos\u00e9 Cabrera Perza<\/strong>, dietista \u2013 nutricionista y M\u00e1ster en Entrenamiento y Nutrici\u00f3n Deportiva, que hablar\u00e1 sobre <strong>\u2018C\u00f3mo es empezar una consulta de asesor\u00eda deportiva\u2019<\/strong>.<\/p>\n<p><a href=\"https:\/\/www.upo.es\/diario\/wp-content\/uploads\/2024\/04\/palomadelrio.jpg\"><img loading=\"lazy\" decoding=\"async\" class=\"alignleft size-medium wp-image-30881704\" src=\"https:\/\/www.upo.es\/diario\/wp-content\/uploads\/2024\/04\/palomadelrio-359x420.jpg\" alt=\"\" width=\"359\" height=\"420\" srcset=\"https:\/\/www.upo.es\/diario\/wp-content\/uploads\/2024\/04\/palomadelrio-359x420.jpg 359w, https:\/\/www.upo.es\/diario\/wp-content\/uploads\/2024\/04\/palomadelrio-449x525.jpg 449w, https:\/\/www.upo.es\/diario\/wp-content\/uploads\/2024\/04\/palomadelrio.jpg 718w\" sizes=\"auto, (max-width: 359px) 100vw, 359px\" \/><\/a>Por otro lado, <u>el pr\u00f3ximo lunes 8 de abril, a las 12:00 horas en la sala de grados del edificio 7 de la Universidad Pablo de Olavide<\/u>, la periodista deportiva <strong>Paloma del R\u00edo<\/strong> ofrecer\u00e1 su conferencia <strong>\u2018Historia del Deporte femenino y su invisibilidad: pasado, presente y futuro\u2019<\/strong>.<\/p>\n<p>El <strong>D\u00eda Internacional del Deporte para el Desarrollo y la Paz<\/strong> se celebra anualmente el 6 de abril con el objetivo de reconocer el papel positivo del deporte y la actividad f\u00edsica en las comunidades y en la vida de las personas de todo el mundo. El tema central de este a\u00f1o es \u2018El deporte como instrumento para promover sociedades pac\u00edficas e inclusivas\u2019.<\/p>\n<p>Por su parte, el d\u00eda 7 de abril se conmemora el <strong>D\u00eda Mundial de la Salud<\/strong> para concienciar a la poblaci\u00f3n mundial sobre la importancia de la salud y promover medidas para mejorarla, que este a\u00f1o se celebra bajo el lema \u2018Mi salud, mi derecho\u2019.<\/p>\n","protected":false},"excerpt":{"rendered":"<p>Con motivo del D\u00eda Internacional del Deporte para el Desarrollo y la Paz, que se conmemora el 6 de abril, y el D\u00eda Mundial de la Salud, que se celebra el 7 de abril, la Universidad Pablo de Olavide acoger\u00e1 en su campus las I Jornadas de Nutrici\u00f3n Deportiva y una conferencia de la periodista deportiva Paloma del R\u00edo.<\/p>\n","protected":false},"author":2,"featured_media":30881703,"comment_status":"closed","ping_status":"open","sticky":false,"template":"","format":"standard","meta":{"_monsterinsights_skip_tracking":false,"_monsterinsights_sitenote_active":false,"_monsterinsights_sitenote_note":"","_monsterinsights_sitenote_category":0,"footnotes":""},"categories":[2779],"tags":[],"class_list":["post-30881702","post","type-post","status-publish","format-standard","has-post-thumbnail","hentry","category-docencia-formacion"],"_links":{"self":[{"href":"https:\/\/www.upo.es\/diario\/wp-json\/wp\/v2\/posts\/30881702","targetHints":{"allow":["GET"]}}],"collection":[{"href":"https:\/\/www.upo.es\/diario\/wp-json\/wp\/v2\/posts"}],"about":[{"href":"https:\/\/www.upo.es\/diario\/wp-json\/wp\/v2\/types\/post"}],"author":[{"embeddable":true,"href":"https:\/\/www.upo.es\/diario\/wp-json\/wp\/v2\/users\/2"}],"replies":[{"embeddable":true,"href":"https:\/\/www.upo.es\/diario\/wp-json\/wp\/v2\/comments?post=30881702"}],"version-history":[{"count":1,"href":"https:\/\/www.upo.es\/diario\/wp-json\/wp\/v2\/posts\/30881702\/revisions"}],"predecessor-version":[{"id":30881705,"href":"https:\/\/www.upo.es\/diario\/wp-json\/wp\/v2\/posts\/30881702\/revisions\/30881705"}],"wp:featuredmedia":[{"embeddable":true,"href":"https:\/\/www.upo.es\/diario\/wp-json\/wp\/v2\/media\/30881703"}],"wp:attachment":[{"href":"https:\/\/www.upo.es\/diario\/wp-json\/wp\/v2\/media?parent=30881702"}],"wp:term":[{"taxonomy":"category","embeddable":true,"href":"https:\/\/www.upo.es\/diario\/wp-json\/wp\/v2\/categories?post=30881702"},{"taxonomy":"post_tag","embeddable":true,"href":"https:\/\/www.upo.es\/diario\/wp-json\/wp\/v2\/tags?post=30881702"}],"curies":[{"name":"wp","href":"https:\/\/api.w.org\/{rel}","templated":true}]}}