{"id":30881804,"date":"2024-04-10T12:33:53","date_gmt":"2024-04-10T10:33:53","guid":{"rendered":"https:\/\/www.upo.es\/diario\/?p=30881804"},"modified":"2024-04-11T09:07:22","modified_gmt":"2024-04-11T07:07:22","slug":"estudiantes-del-ies-almudeyne-y-del-ies-juan-ciudad-duarte-i-premio-con-ciencia-social","status":"publish","type":"post","link":"https:\/\/www.upo.es\/diario\/docencia-formacion\/2024\/04\/estudiantes-del-ies-almudeyne-y-del-ies-juan-ciudad-duarte-i-premio-con-ciencia-social\/","title":{"rendered":"Estudiantes del IES Almudeyne y del IES Juan Ciudad Duarte, I Premio Con-Ciencia Social"},"content":{"rendered":"<p><a href=\"https:\/\/www.upo.es\/diario\/wp-content\/uploads\/2024\/04\/premio_con_ciencia_social01.jpg\"><img loading=\"lazy\" decoding=\"async\" class=\"aligncenter size-large wp-image-30881806\" src=\"https:\/\/www.upo.es\/diario\/wp-content\/uploads\/2024\/04\/premio_con_ciencia_social01-750x436.jpg\" alt=\"Entrega Premio Con Ciencia Social\" width=\"750\" height=\"436\" srcset=\"https:\/\/www.upo.es\/diario\/wp-content\/uploads\/2024\/04\/premio_con_ciencia_social01-750x436.jpg 750w, https:\/\/www.upo.es\/diario\/wp-content\/uploads\/2024\/04\/premio_con_ciencia_social01-420x244.jpg 420w, https:\/\/www.upo.es\/diario\/wp-content\/uploads\/2024\/04\/premio_con_ciencia_social01-768x446.jpg 768w, https:\/\/www.upo.es\/diario\/wp-content\/uploads\/2024\/04\/premio_con_ciencia_social01.jpg 1291w\" sizes=\"auto, (max-width: 750px) 100vw, 750px\" \/><\/a><\/p>\n<p>Estudiantes del <strong>IES Almudeyne<\/strong> de Los Palacios y del <strong>IES Juan Ciudad Duarte<\/strong> de Bormujos han recibido el I <strong>Premio Con-Ciencia Social, <\/strong>un galard\u00f3n otorgado por la <strong>Facultad de Ciencias Sociales<\/strong>, en colaboraci\u00f3n con el <strong>Vicerrectorado de Estudiantes<\/strong> de la Universidad Pablo de Olavide, que destaca los dos mejores v\u00eddeos originales presentados con la intenci\u00f3n de concienciar y lograr sensibilizaci\u00f3n sobre una tem\u00e1tica concreta de inter\u00e9s social elegida por parte del estudiantado.<\/p>\n<p>As\u00ed, respecto al <strong>IES Almudeyne de Los Palacios<\/strong>, el v\u00eddeo premiado ha sido <strong>\u2018Lo que mam\u00e1 y pap\u00e1 piensan\u2019<\/strong>, realizado por Miriam Moguer Fern\u00e1ndez, Myriam Cano Parejo, Fernando Barco Rivas y Jes\u00fas Garc\u00eda Arriaza, coordinados por la profesora del Noelia Pineda Garc\u00eda.<\/p>\n<p>Por otro lado, las estudiantes del <strong>IES Juan Ciudad Duarte de Bormujos<\/strong> Erika Leal G\u00f3mez, Cristina Ram\u00edrez Bonilla y Julia Sant\u00edn Herreros, coordinadas por la profesora Isabel de Codina Carneros, han sido premiadas por su v\u00eddeo \u2018<strong>La soledad\u2019<\/strong>.<\/p>\n<p>El acto de entrega del I Premio se celebr\u00f3 ayer martes 9 de abril presidido por la vicerrectora de Estudiantes <strong>Mari\u00e1n Mor\u00f3n Mart\u00edn<\/strong>, el decano de la Facultad de Ciencias Sociales <strong>Juan Miguel G\u00f3mez Espino<\/strong>, y la secretaria acad\u00e9mica de la Facultad <strong>Roc\u00edo C\u00e1rdenas Rodr\u00edguez<\/strong>.<\/p>\n<p>En esta I Edici\u00f3n del Premio Con-Ciencia Social se han recibido 15 propuestas, de las cuales se ha resuelto, adem\u00e1s de los dos primeros premios, tres reconocimientos:<\/p>\n<ul>\n<li><strong>\u2018La M\u00e1scara\u2019<\/strong>. <strong>IES Las Salinas<\/strong>, San Fernando, C\u00e1diz. Realizado por: Desire Romero Ortega; Daniel S\u00e1nchez Romera; Noelia Vera Gonz\u00e1lez; Paula Segundo Alarc\u00f3n. Coordinado por la Profesora del IES: Estefan\u00eda Esteban Bueno.<\/li>\n<\/ul>\n<ul>\n<li><strong>\u2018Arrugas en las Arrugas\u2019<\/strong>. <strong>Centro CADIS<\/strong>. Realizado por: Erika Pazos Carmona; Encarni Leal Quesada; Jes\u00fas Garc\u00eda Ramos; Juan Alfonso Ramos. Coordinador por la profesora del Centro CADIS: Carmen Carmona.<\/li>\n<\/ul>\n<ul>\n<li><strong>\u2018Prejuicios\u2019<\/strong>. <strong>IES Pol\u00edgono Sur<\/strong>. Realizado por: Daniel Gatinois; Lidia Morcillo; Ana Coronil; Reyes Ponce. Coordinado por la profesora del IES: Marta Real Jim\u00e9nez.<\/li>\n<\/ul>\n<p>Este Premio est\u00e1 dirigido a estudiantes de bachillerato y\/o ciclos formativos de Grado Superior de la Comunidad Aut\u00f3noma Andaluza.<\/p>\n","protected":false},"excerpt":{"rendered":"<p>Estudiantes del IES Almudeyne de Los Palacios y del IES Juan Ciudad Duarte de Bormujos han recibido el I Premio Con-Ciencia Social, un galard\u00f3n otorgado por la Facultad de Ciencias Sociales, en colaboraci\u00f3n con el Vicerrectorado de Estudiantes de la Universidad Pablo de Olavide, que destaca los dos mejores v\u00eddeos originales presentados con la intenci\u00f3n de concienciar y lograr sensibilizaci\u00f3n sobre una tem\u00e1tica concreta de inter\u00e9s social elegida por parte del estudiantado.<\/p>\n","protected":false},"author":2,"featured_media":30881806,"comment_status":"closed","ping_status":"open","sticky":false,"template":"","format":"standard","meta":{"_monsterinsights_skip_tracking":false,"_monsterinsights_sitenote_active":false,"_monsterinsights_sitenote_note":"","_monsterinsights_sitenote_category":0,"footnotes":""},"categories":[2779],"tags":[8771,487,58,8770,2114,5554],"class_list":["post-30881804","post","type-post","status-publish","format-standard","has-post-thumbnail","hentry","category-docencia-formacion","tag-centros-de-secundaria","tag-facultad-ciencias-sociales","tag-premio","tag-premio-con-ciencia-social","tag-vicerrectorado-de-estudiantes","tag-video"],"_links":{"self":[{"href":"https:\/\/www.upo.es\/diario\/wp-json\/wp\/v2\/posts\/30881804","targetHints":{"allow":["GET"]}}],"collection":[{"href":"https:\/\/www.upo.es\/diario\/wp-json\/wp\/v2\/posts"}],"about":[{"href":"https:\/\/www.upo.es\/diario\/wp-json\/wp\/v2\/types\/post"}],"author":[{"embeddable":true,"href":"https:\/\/www.upo.es\/diario\/wp-json\/wp\/v2\/users\/2"}],"replies":[{"embeddable":true,"href":"https:\/\/www.upo.es\/diario\/wp-json\/wp\/v2\/comments?post=30881804"}],"version-history":[{"count":3,"href":"https:\/\/www.upo.es\/diario\/wp-json\/wp\/v2\/posts\/30881804\/revisions"}],"predecessor-version":[{"id":30881809,"href":"https:\/\/www.upo.es\/diario\/wp-json\/wp\/v2\/posts\/30881804\/revisions\/30881809"}],"wp:featuredmedia":[{"embeddable":true,"href":"https:\/\/www.upo.es\/diario\/wp-json\/wp\/v2\/media\/30881806"}],"wp:attachment":[{"href":"https:\/\/www.upo.es\/diario\/wp-json\/wp\/v2\/media?parent=30881804"}],"wp:term":[{"taxonomy":"category","embeddable":true,"href":"https:\/\/www.upo.es\/diario\/wp-json\/wp\/v2\/categories?post=30881804"},{"taxonomy":"post_tag","embeddable":true,"href":"https:\/\/www.upo.es\/diario\/wp-json\/wp\/v2\/tags?post=30881804"}],"curies":[{"name":"wp","href":"https:\/\/api.w.org\/{rel}","templated":true}]}}