{"id":30881831,"date":"2024-04-12T11:49:48","date_gmt":"2024-04-12T09:49:48","guid":{"rendered":"https:\/\/www.upo.es\/diario\/?p=30881831"},"modified":"2024-04-12T11:49:48","modified_gmt":"2024-04-12T09:49:48","slug":"la-universidad-pablo-de-olavide-celebra-su-encuentro-anual-de-voluntariado-universitario","status":"publish","type":"post","link":"https:\/\/www.upo.es\/diario\/comunidad\/2024\/04\/la-universidad-pablo-de-olavide-celebra-su-encuentro-anual-de-voluntariado-universitario\/","title":{"rendered":"La Universidad Pablo de Olavide celebra su encuentro anual de voluntariado universitario"},"content":{"rendered":"<figure id=\"attachment_30881833\" aria-describedby=\"caption-attachment-30881833\" style=\"width: 750px\" class=\"wp-caption aligncenter\"><a href=\"https:\/\/www.upo.es\/diario\/wp-content\/uploads\/2024\/04\/IMG_4644-Mejorado-NR-scaled.jpg\"><img loading=\"lazy\" decoding=\"async\" class=\"size-large wp-image-30881833\" src=\"https:\/\/www.upo.es\/diario\/wp-content\/uploads\/2024\/04\/IMG_4644-Mejorado-NR-750x500.jpg\" alt=\"Voluntarias de la Universidad Pablo de Olavide durante el Encuentro\" width=\"750\" height=\"500\" srcset=\"https:\/\/www.upo.es\/diario\/wp-content\/uploads\/2024\/04\/IMG_4644-Mejorado-NR-750x500.jpg 750w, https:\/\/www.upo.es\/diario\/wp-content\/uploads\/2024\/04\/IMG_4644-Mejorado-NR-420x280.jpg 420w, https:\/\/www.upo.es\/diario\/wp-content\/uploads\/2024\/04\/IMG_4644-Mejorado-NR-768x512.jpg 768w, https:\/\/www.upo.es\/diario\/wp-content\/uploads\/2024\/04\/IMG_4644-Mejorado-NR-1536x1024.jpg 1536w, https:\/\/www.upo.es\/diario\/wp-content\/uploads\/2024\/04\/IMG_4644-Mejorado-NR-2048x1365.jpg 2048w, https:\/\/www.upo.es\/diario\/wp-content\/uploads\/2024\/04\/IMG_4644-Mejorado-NR-165x109.jpg 165w, https:\/\/www.upo.es\/diario\/wp-content\/uploads\/2024\/04\/IMG_4644-Mejorado-NR-1320x880.jpg 1320w\" sizes=\"auto, (max-width: 750px) 100vw, 750px\" \/><\/a><figcaption id=\"caption-attachment-30881833\" class=\"wp-caption-text\">Voluntarias de la Universidad Pablo de Olavide durante el Encuentro<\/figcaption><\/figure>\n<p>El Vicerrectorado de Cultura y Pol\u00edticas Sociales de la Universidad Pablo de Olavide, a trav\u00e9s de la Oficina de Voluntariado y Compromiso Social, ha celebrado este jueves la \u2018Jornada de Seguimiento y Evaluaci\u00f3n. Encuentro de voluntarios\/as\u2019 donde se han dado cita <strong>estudiantes y miembros de la comunidad UPO que durante el curso acad\u00e9mico 2023\/2024 han participado en las distintas actividades, programas y proyectos de voluntariado<\/strong>.<\/p>\n<p>Una jornada presidida por la directora general de Inclusi\u00f3n y Pol\u00edticas Socioculturales de la UPO, <strong>Mar\u00eda Jos\u00e9 Parejo, que ha destacado durante el encuentro la importancia del voluntariado universitario y el papel de la Universidad Pablo de Olavide en la dinamizaci\u00f3n de las diferentes acciones de voluntariado<\/strong> que realizan tambi\u00e9n el resto de universidades p\u00fablicas andaluzas gracias al convenio firmado con la Junta de Andaluc\u00eda. Adem\u00e1s, ha animado a los voluntarios y voluntarias que han asistido a las jornadas a seguir en su compromiso porque \u201cel voluntariado no solo est\u00e1 en las universidades, cuando acab\u00e9is aqu\u00ed hay muchas formas de hacer voluntariado y aqu\u00ed hab\u00e9is puesto el germen\u201d.<\/p>\n<figure id=\"attachment_30881835\" aria-describedby=\"caption-attachment-30881835\" style=\"width: 420px\" class=\"wp-caption alignright\"><a href=\"https:\/\/www.upo.es\/diario\/wp-content\/uploads\/2024\/04\/IMG_4618-Mejorado-NR-scaled.jpg\"><img loading=\"lazy\" decoding=\"async\" class=\"wp-image-30881835 size-medium\" src=\"https:\/\/www.upo.es\/diario\/wp-content\/uploads\/2024\/04\/IMG_4618-Mejorado-NR-420x280.jpg\" alt=\"Encuentro de Voluntariado en la UPO\" width=\"420\" height=\"280\" srcset=\"https:\/\/www.upo.es\/diario\/wp-content\/uploads\/2024\/04\/IMG_4618-Mejorado-NR-420x280.jpg 420w, https:\/\/www.upo.es\/diario\/wp-content\/uploads\/2024\/04\/IMG_4618-Mejorado-NR-750x500.jpg 750w, https:\/\/www.upo.es\/diario\/wp-content\/uploads\/2024\/04\/IMG_4618-Mejorado-NR-768x512.jpg 768w, https:\/\/www.upo.es\/diario\/wp-content\/uploads\/2024\/04\/IMG_4618-Mejorado-NR-1536x1024.jpg 1536w, https:\/\/www.upo.es\/diario\/wp-content\/uploads\/2024\/04\/IMG_4618-Mejorado-NR-2048x1365.jpg 2048w\" sizes=\"auto, (max-width: 420px) 100vw, 420px\" \/><\/a><figcaption id=\"caption-attachment-30881835\" class=\"wp-caption-text\">Mar\u00eda Jos\u00e9 Parejo se dirige a las voluntarias durante el Encuentro<\/figcaption><\/figure>\n<p>Esta jornada es la segunda acci\u00f3n formativa del curso para las personas voluntarias y se encuentra enmarcada en el \u2018Programa de Voluntariado Universitario\u2019, cuyo objetivo es crear un espacio de intercambio de experiencias y puesta en com\u00fan entre personas voluntarias que colaboran en actividades de este \u00e1mbito. La jornada, en la que tambi\u00e9n han estado presentes miembros del equipo t\u00e9cnico de la Oficina de Voluntariado ha contado con la dinamizaci\u00f3n de Luc\u00eda Mu\u00f1oz Garc\u00eda, profesora del departamento de Trabajo Social y Servicios Sociales y t\u00e9cnica de la ONG SED.<\/p>\n<p>Durante el actual curso acad\u00e9mico han participado en acciones de voluntariado un total de 300 miembros de la comunidad universitaria, de los cuales 150 han sido de nueva incorporaci\u00f3n. Cada a\u00f1o son m\u00e1s los estudiantes, PDI y PTGAS que muestran inter\u00e9s en la realizaci\u00f3n de actividades solidarias, gracias a todas estas personas m\u00e1s de 100 entidades y asociaciones han contado con la colaboraci\u00f3n de estas personas a trav\u00e9s de la Oficina de Voluntariado de la UPO.<\/p>\n<p>Las personas voluntarias que durante el curso acad\u00e9mico hayan participado en el Programa de Voluntariado de la UPO podr\u00e1 solicitar el <strong>reconocimiento de cr\u00e9ditos ECTS de libre disposici\u00f3n que ser\u00e1n incorporados a su expediente acad\u00e9mico<\/strong>.<\/p>\n<p>La Oficina de Voluntariado y Compromiso Social es un punto de encuentro entre las asociaciones y la comunidad universitaria para la promoci\u00f3n y difusi\u00f3n de programas de intervenci\u00f3n, actividades solidarias y todo lo relacionado con la acci\u00f3n voluntaria. La Universidad Pablo de Olavide contin\u00faa, de esta manera, afianzando su compromiso con el voluntariado y el compromiso social, en su apuesta por una universidad con alma.<\/p>\n<p>M\u00e1s informaci\u00f3n: <a href=\"https:\/\/www.upo.es\/upsc\/voluntariado\/programa-voluntariado\/\">Programa de Voluntariado UPO<\/a><\/p>\n<p>Fuente: Fundaci\u00f3n Universidad Pablo de Olavide<\/p>\n","protected":false},"excerpt":{"rendered":"<p>M\u00e1s de 50 miembros de la comunidad UPO han compartido sus experiencias y puesto en com\u00fan una visi\u00f3n general sobre el Programa de Voluntariado Universitario.<\/p>\n","protected":false},"author":6,"featured_media":30881833,"comment_status":"closed","ping_status":"open","sticky":false,"template":"","format":"standard","meta":{"_monsterinsights_skip_tracking":false,"_monsterinsights_sitenote_active":false,"_monsterinsights_sitenote_note":"","_monsterinsights_sitenote_category":0,"footnotes":""},"categories":[5842],"tags":[7718,1168,7194,86],"class_list":["post-30881831","post","type-post","status-publish","format-standard","has-post-thumbnail","hentry","category-comunidad","tag-maria-jose-parejo-guzman","tag-oficina-de-voluntariado-y-solidaridad","tag-vicerrectorado-de-cultura-y-politicas-sociales","tag-voluntariado"],"_links":{"self":[{"href":"https:\/\/www.upo.es\/diario\/wp-json\/wp\/v2\/posts\/30881831","targetHints":{"allow":["GET"]}}],"collection":[{"href":"https:\/\/www.upo.es\/diario\/wp-json\/wp\/v2\/posts"}],"about":[{"href":"https:\/\/www.upo.es\/diario\/wp-json\/wp\/v2\/types\/post"}],"author":[{"embeddable":true,"href":"https:\/\/www.upo.es\/diario\/wp-json\/wp\/v2\/users\/6"}],"replies":[{"embeddable":true,"href":"https:\/\/www.upo.es\/diario\/wp-json\/wp\/v2\/comments?post=30881831"}],"version-history":[{"count":4,"href":"https:\/\/www.upo.es\/diario\/wp-json\/wp\/v2\/posts\/30881831\/revisions"}],"predecessor-version":[{"id":30881837,"href":"https:\/\/www.upo.es\/diario\/wp-json\/wp\/v2\/posts\/30881831\/revisions\/30881837"}],"wp:featuredmedia":[{"embeddable":true,"href":"https:\/\/www.upo.es\/diario\/wp-json\/wp\/v2\/media\/30881833"}],"wp:attachment":[{"href":"https:\/\/www.upo.es\/diario\/wp-json\/wp\/v2\/media?parent=30881831"}],"wp:term":[{"taxonomy":"category","embeddable":true,"href":"https:\/\/www.upo.es\/diario\/wp-json\/wp\/v2\/categories?post=30881831"},{"taxonomy":"post_tag","embeddable":true,"href":"https:\/\/www.upo.es\/diario\/wp-json\/wp\/v2\/tags?post=30881831"}],"curies":[{"name":"wp","href":"https:\/\/api.w.org\/{rel}","templated":true}]}}