{"id":30881839,"date":"2024-04-12T13:54:05","date_gmt":"2024-04-12T11:54:05","guid":{"rendered":"https:\/\/www.upo.es\/diario\/?p=30881839"},"modified":"2024-04-12T14:09:31","modified_gmt":"2024-04-12T12:09:31","slug":"mas-de-80-estudiantes-de-los-grados-en-analisis-economico-y-en-ade-en-ingles-y-del-doble-grado-ade-en-ingles-y-derecho-celebran-su-acto-de-graduacion","status":"publish","type":"post","link":"https:\/\/www.upo.es\/diario\/comunidad\/2024\/04\/mas-de-80-estudiantes-de-los-grados-en-analisis-economico-y-en-ade-en-ingles-y-del-doble-grado-ade-en-ingles-y-derecho-celebran-su-acto-de-graduacion\/","title":{"rendered":"El economista Juan Ram\u00f3n Rall\u00f3 apadrina al alumnado egresado en An\u00e1lisis Econ\u00f3mico y ADE en ingl\u00e9s y en el Doble Grado en ADE en ingl\u00e9s y Derecho"},"content":{"rendered":"<p><a href=\"https:\/\/www.upo.es\/diario\/wp-content\/uploads\/2024\/04\/grupo.jpg\"><img loading=\"lazy\" decoding=\"async\" class=\"aligncenter size-large wp-image-30881840\" src=\"https:\/\/www.upo.es\/diario\/wp-content\/uploads\/2024\/04\/grupo-750x500.jpg\" alt=\"\" width=\"750\" height=\"500\" srcset=\"https:\/\/www.upo.es\/diario\/wp-content\/uploads\/2024\/04\/grupo-750x500.jpg 750w, https:\/\/www.upo.es\/diario\/wp-content\/uploads\/2024\/04\/grupo-420x280.jpg 420w, https:\/\/www.upo.es\/diario\/wp-content\/uploads\/2024\/04\/grupo-768x512.jpg 768w, https:\/\/www.upo.es\/diario\/wp-content\/uploads\/2024\/04\/grupo-1536x1024.jpg 1536w, https:\/\/www.upo.es\/diario\/wp-content\/uploads\/2024\/04\/grupo-165x109.jpg 165w, https:\/\/www.upo.es\/diario\/wp-content\/uploads\/2024\/04\/grupo-1320x880.jpg 1320w, https:\/\/www.upo.es\/diario\/wp-content\/uploads\/2024\/04\/grupo.jpg 1800w\" sizes=\"auto, (max-width: 750px) 100vw, 750px\" \/><\/a><\/p>\n<p>Un total de 89 egresados y egresadas de la <strong>promoci\u00f3n <\/strong><strong>2019\/24 del Doble Grado en Administraci\u00f3n y Direcci\u00f3n de Empresas en ingl\u00e9s y Derecho<\/strong> y <strong>la promoci\u00f3n 2020\/2024 de los Grados en An\u00e1lisis Econ\u00f3mico y en Administraci\u00f3n y Direcci\u00f3n de Empresas en ingl\u00e9s<\/strong> celebr\u00f3 su ceremonia de graduaci\u00f3n ayer jueves en el Paraninfo de la Universidad Pablo de Olavide. El acto fue presidido por los decanos C\u00e9sar Hornero M\u00e9ndez de la Facultad de Derecho, y \u00c1lvaro L\u00f3pez Cabrales, de la Facultad de Derecho.<\/p>\n<figure id=\"attachment_30881841\" aria-describedby=\"caption-attachment-30881841\" style=\"width: 420px\" class=\"wp-caption alignright\"><a href=\"https:\/\/www.upo.es\/diario\/wp-content\/uploads\/2024\/04\/WhatsApp-Image-2024-04-12-at-11.06.08.jpeg\"><img loading=\"lazy\" decoding=\"async\" class=\"wp-image-30881841 size-medium\" src=\"https:\/\/www.upo.es\/diario\/wp-content\/uploads\/2024\/04\/WhatsApp-Image-2024-04-12-at-11.06.08-420x236.jpeg\" alt=\"\" width=\"420\" height=\"236\" srcset=\"https:\/\/www.upo.es\/diario\/wp-content\/uploads\/2024\/04\/WhatsApp-Image-2024-04-12-at-11.06.08-420x236.jpeg 420w, https:\/\/www.upo.es\/diario\/wp-content\/uploads\/2024\/04\/WhatsApp-Image-2024-04-12-at-11.06.08-750x422.jpeg 750w, https:\/\/www.upo.es\/diario\/wp-content\/uploads\/2024\/04\/WhatsApp-Image-2024-04-12-at-11.06.08-768x432.jpeg 768w, https:\/\/www.upo.es\/diario\/wp-content\/uploads\/2024\/04\/WhatsApp-Image-2024-04-12-at-11.06.08-1536x865.jpeg 1536w, https:\/\/www.upo.es\/diario\/wp-content\/uploads\/2024\/04\/WhatsApp-Image-2024-04-12-at-11.06.08-1320x743.jpeg 1320w, https:\/\/www.upo.es\/diario\/wp-content\/uploads\/2024\/04\/WhatsApp-Image-2024-04-12-at-11.06.08.jpeg 2048w\" sizes=\"auto, (max-width: 420px) 100vw, 420px\" \/><\/a><figcaption id=\"caption-attachment-30881841\" class=\"wp-caption-text\">El economista Juan Ram\u00f3n Rall\u00f3 ha sido el padrino de las promociones<\/figcaption><\/figure>\n<p>El padrino de las promociones ha sido <strong>Juan Ram\u00f3n Rall\u00f3 Juli\u00e1n, economista y profesor de Universidad<\/strong>. A la ceremonia tambi\u00e9n han asistido Gloria Fern\u00e1ndez Arribas, vicedecana de Relaciones Internacionales y Movilidad de la Facultad de Derecho y Guadalupe Valera Blanes, vicedecana de Ordenaci\u00f3n Acad\u00e9mica de la Facultad de Ciencias Empresariales y el secretario del mismo centro, Jes\u00fas Dami\u00e1n L\u00f3pez Manj\u00f3n.<\/p>\n<p>En representaci\u00f3n del alumnado egresado, pronunciaron los discursos Manuel Mancha Gonz\u00e1lez y Daniel Botello Salvado del Grado en An\u00e1lisis Econ\u00f3mico; Manuel de los Reyes Garc\u00eda Nieto del Grado en Administraci\u00f3n y Direcci\u00f3n de Empresas en ingl\u00e9s; y Javier Dom\u00ednguez Palomares e In\u00e9s de Le\u00f3n Mac\u00edas del Doble Grado en Administraci\u00f3n y Direcci\u00f3n de Empresas en ingl\u00e9s y Derecho. M\u00e1s de 80 egresados y egresadas han asistido, junto a sus familiares, a este acto con el que la Universidad Pablo de Olavide recupera una antigua tradici\u00f3n de las universidades europeas.<\/p>\n","protected":false},"excerpt":{"rendered":"<p>Un total de 89 egresados y egresadas de la promoci\u00f3n 2019\/24 del Doble Grado en Administraci\u00f3n y Direcci\u00f3n de Empresas en ingl\u00e9s y Derecho y la promoci\u00f3n 2020\/2024 de los Grados en An\u00e1lisis Econ\u00f3mico y en Administraci\u00f3n y Direcci\u00f3n de Empresas en ingl\u00e9s celebr\u00f3 su ceremonia de graduaci\u00f3n en el Paraninfo de la Universidad Pablo de Olavide. El acto fue presidido por los decanos C\u00e9sar Hornero M\u00e9ndez de la Facultad de Derecho, y \u00c1lvaro L\u00f3pez Cabrales, de la Facultad de Derecho.<\/p>\n","protected":false},"author":4,"featured_media":30881847,"comment_status":"closed","ping_status":"open","sticky":false,"template":"","format":"standard","meta":{"_monsterinsights_skip_tracking":false,"_monsterinsights_sitenote_active":false,"_monsterinsights_sitenote_note":"","_monsterinsights_sitenote_category":0,"footnotes":""},"categories":[5842],"tags":[581,5083,360,81,5075,2719,5042],"class_list":["post-30881839","post","type-post","status-publish","format-standard","has-post-thumbnail","hentry","category-comunidad","tag-ceremonia-de-egresados","tag-doble-grado-en-ade-en-ingles-y-derecho","tag-facultad-de-ciencias-empresariales","tag-facultad-de-derecho","tag-grado-en-administracion-y-direccion-de-empresas-en-ingles","tag-grado-en-analisis-economico","tag-graduacion"],"_links":{"self":[{"href":"https:\/\/www.upo.es\/diario\/wp-json\/wp\/v2\/posts\/30881839","targetHints":{"allow":["GET"]}}],"collection":[{"href":"https:\/\/www.upo.es\/diario\/wp-json\/wp\/v2\/posts"}],"about":[{"href":"https:\/\/www.upo.es\/diario\/wp-json\/wp\/v2\/types\/post"}],"author":[{"embeddable":true,"href":"https:\/\/www.upo.es\/diario\/wp-json\/wp\/v2\/users\/4"}],"replies":[{"embeddable":true,"href":"https:\/\/www.upo.es\/diario\/wp-json\/wp\/v2\/comments?post=30881839"}],"version-history":[{"count":5,"href":"https:\/\/www.upo.es\/diario\/wp-json\/wp\/v2\/posts\/30881839\/revisions"}],"predecessor-version":[{"id":30881848,"href":"https:\/\/www.upo.es\/diario\/wp-json\/wp\/v2\/posts\/30881839\/revisions\/30881848"}],"wp:featuredmedia":[{"embeddable":true,"href":"https:\/\/www.upo.es\/diario\/wp-json\/wp\/v2\/media\/30881847"}],"wp:attachment":[{"href":"https:\/\/www.upo.es\/diario\/wp-json\/wp\/v2\/media?parent=30881839"}],"wp:term":[{"taxonomy":"category","embeddable":true,"href":"https:\/\/www.upo.es\/diario\/wp-json\/wp\/v2\/categories?post=30881839"},{"taxonomy":"post_tag","embeddable":true,"href":"https:\/\/www.upo.es\/diario\/wp-json\/wp\/v2\/tags?post=30881839"}],"curies":[{"name":"wp","href":"https:\/\/api.w.org\/{rel}","templated":true}]}}