{"id":30881859,"date":"2024-04-18T19:39:11","date_gmt":"2024-04-18T17:39:11","guid":{"rendered":"https:\/\/www.upo.es\/diario\/?p=30881859"},"modified":"2024-04-19T09:46:55","modified_gmt":"2024-04-19T07:46:55","slug":"concierto-homenaje-a-federico-garcia-lorca-por-el-125-aniversario-de-su-nacimiento","status":"publish","type":"post","link":"https:\/\/www.upo.es\/diario\/podcast\/2024\/04\/concierto-homenaje-a-federico-garcia-lorca-por-el-125-aniversario-de-su-nacimiento\/","title":{"rendered":"Concierto homenaje a Federico Garc\u00eda Lorca por el 125 aniversario de su nacimiento"},"content":{"rendered":"<p><iframe loading=\"lazy\" id=\"pumukitiframe\" src=\"https:\/\/upotv.upo.es\/iframe\/6613dfc8abe3c6e4528b4567\" width=\"560\" height=\"315\" frameborder=\"0\" allowfullscreen=\"allowfullscreen\"><\/iframe><br \/>\nEl programa <strong>&#8216;Las m\u00fasicas de Olavide&#8217;<\/strong> recupera el concierto del Coro de la UPO con motivo del 125 aniversario del nacimiento del poeta Federico Garc\u00eda Lorca, realizado en junio del a\u00f1o pasado, a trav\u00e9s de los comentarios especializados de Jorge Rodr\u00edguez Morata y Miguel Rodr\u00edguez Rodr\u00edguez, director musical y director art\u00edstico respectivamente. Bajo el t\u00edtulo de <strong>&#8216;Cancionero Lorca&#8217;, una producci\u00f3n propia muy original, donde la poes\u00eda fue la estrella aunque con un enfoque sonoro \u00fanico, ya que se uni\u00f3 a Jos\u00e9 Antonio Garc\u00eda, de 091, para dar vida a los textos del poeta de una manera nueva, con m\u00fasica rock<\/strong>.<\/p>\n<p>Se unen al elenco el guitarrista Nico Hern\u00e1ndez, el piano de Chano Robles, y la percusi\u00f3n de David Ruiz en un espect\u00e1culo que fluct\u00faa del intimismo, a lo conmovedor, y de ah\u00ed a lo divertido y rockero. Dicho concierto fue realizado en la Sala la Fundici\u00f3n, gracias a la coordinaci\u00f3n del Vicerrectorado de Cultura y Pol\u00edticas Sociales de la UPO, a trav\u00e9s del Servicio de Extensi\u00f3n Cultural.<\/p>\n<figure id=\"attachment_30881861\" aria-describedby=\"caption-attachment-30881861\" style=\"width: 304px\" class=\"wp-caption alignleft\"><a href=\"https:\/\/www.upo.es\/diario\/wp-content\/uploads\/2024\/04\/640px-Federico_Garcia_Lorca._Huerta_de_San_Vicente_Granada.jpg\"><img loading=\"lazy\" decoding=\"async\" class=\" wp-image-30881861\" src=\"https:\/\/www.upo.es\/diario\/wp-content\/uploads\/2024\/04\/640px-Federico_Garcia_Lorca._Huerta_de_San_Vicente_Granada-420x525.jpg\" alt=\"Federico Garc\u00eda Lorca\" width=\"304\" height=\"380\" srcset=\"https:\/\/www.upo.es\/diario\/wp-content\/uploads\/2024\/04\/640px-Federico_Garcia_Lorca._Huerta_de_San_Vicente_Granada-420x525.jpg 420w, https:\/\/www.upo.es\/diario\/wp-content\/uploads\/2024\/04\/640px-Federico_Garcia_Lorca._Huerta_de_San_Vicente_Granada-336x420.jpg 336w, https:\/\/www.upo.es\/diario\/wp-content\/uploads\/2024\/04\/640px-Federico_Garcia_Lorca._Huerta_de_San_Vicente_Granada.jpg 640w\" sizes=\"auto, (max-width: 304px) 100vw, 304px\" \/><\/a><figcaption id=\"caption-attachment-30881861\" class=\"wp-caption-text\">Wikimedia Commons<\/figcaption><\/figure>\n<p>Locuci\u00f3n, realizaci\u00f3n y edici\u00f3n: <strong>Jorge Rodr\u00edguez Morata y Miguel Rodr\u00edguez Rodr\u00edguez<\/strong>.<\/p>\n<p>&nbsp;<\/p>\n<p>&nbsp;<\/p>\n<p>&nbsp;<\/p>\n<p>&nbsp;<\/p>\n<p>&nbsp;<\/p>\n<p>&nbsp;<\/p>\n<p>&nbsp;<\/p>\n<h3>M\u00e1s estrenos de RadiOlavide:<\/h3>\n<p><strong>Onda Olimpo &#8211; Entregando el mensaje_ Cupido y Psique (dramatizaci\u00f3n Orfeo):<br \/>\n<\/strong><a href=\"https:\/\/upotv.upo.es\/video\/6617f05dabe3c611938b4569\">https:\/\/upotv.upo.es\/video\/6617f05dabe3c611938b4569<\/a><\/p>\n<p><strong>Mundo Sostenible:<br \/>\n<\/strong><a href=\"https:\/\/upotv.upo.es\/video\/66153501abe3c6dcb98b456b\">https:\/\/upotv.upo.es\/video\/66153501abe3c6dcb98b456b<\/a><\/p>\n<p><strong>Sociolog\u00eda para el d\u00eda a d\u00eda. De la academia a la pr\u00e1ctica cotidiana &#8216;Agenda setting: Veracidad Vigilante&#8217;:<br \/>\n<\/strong><a href=\"https:\/\/upotv.upo.es\/video\/6613e155abe3c6fe528b456c\">https:\/\/upotv.upo.es\/video\/6613e155abe3c6fe528b456c<\/a><\/p>\n","protected":false},"excerpt":{"rendered":"<p>El programa &#8216;Las m\u00fasicas de Olavide&#8217; recupera el concierto del Coro de la UPO con motivo del 125 aniversario del nacimiento del poeta Federico Garc\u00eda Lorca, realizado en junio del a\u00f1o pasado, a trav\u00e9s de los comentarios especializados de Jorge Rodr\u00edguez Morata y Miguel Rodr\u00edguez Rodr\u00edguez, director musical y director art\u00edstico respectivamente. Bajo el t\u00edtulo de &#8216;Cancionero Lorca&#8217;, una producci\u00f3n propia muy original, donde la poes\u00eda fue la estrella aunque con un enfoque sonoro \u00fanico, ya que se uni\u00f3 a Jos\u00e9 Antonio Garc\u00eda, de 091, para dar vida a los textos del poeta de una manera nueva, con m\u00fasica rock.<\/p>\n","protected":false},"author":6,"featured_media":30881861,"comment_status":"closed","ping_status":"open","sticky":false,"template":"","format":"standard","meta":{"_monsterinsights_skip_tracking":false,"_monsterinsights_sitenote_active":false,"_monsterinsights_sitenote_note":"","_monsterinsights_sitenote_category":0,"footnotes":""},"categories":[8145],"tags":[6931,401,402,1739,3784],"class_list":["post-30881859","post","type-post","status-publish","format-standard","has-post-thumbnail","hentry","category-podcast","tag-federico-garcia-lorca","tag-literatura","tag-musica","tag-poesia","tag-radiolavide"],"_links":{"self":[{"href":"https:\/\/www.upo.es\/diario\/wp-json\/wp\/v2\/posts\/30881859","targetHints":{"allow":["GET"]}}],"collection":[{"href":"https:\/\/www.upo.es\/diario\/wp-json\/wp\/v2\/posts"}],"about":[{"href":"https:\/\/www.upo.es\/diario\/wp-json\/wp\/v2\/types\/post"}],"author":[{"embeddable":true,"href":"https:\/\/www.upo.es\/diario\/wp-json\/wp\/v2\/users\/6"}],"replies":[{"embeddable":true,"href":"https:\/\/www.upo.es\/diario\/wp-json\/wp\/v2\/comments?post=30881859"}],"version-history":[{"count":7,"href":"https:\/\/www.upo.es\/diario\/wp-json\/wp\/v2\/posts\/30881859\/revisions"}],"predecessor-version":[{"id":30881867,"href":"https:\/\/www.upo.es\/diario\/wp-json\/wp\/v2\/posts\/30881859\/revisions\/30881867"}],"wp:featuredmedia":[{"embeddable":true,"href":"https:\/\/www.upo.es\/diario\/wp-json\/wp\/v2\/media\/30881861"}],"wp:attachment":[{"href":"https:\/\/www.upo.es\/diario\/wp-json\/wp\/v2\/media?parent=30881859"}],"wp:term":[{"taxonomy":"category","embeddable":true,"href":"https:\/\/www.upo.es\/diario\/wp-json\/wp\/v2\/categories?post=30881859"},{"taxonomy":"post_tag","embeddable":true,"href":"https:\/\/www.upo.es\/diario\/wp-json\/wp\/v2\/tags?post=30881859"}],"curies":[{"name":"wp","href":"https:\/\/api.w.org\/{rel}","templated":true}]}}