{"id":30881884,"date":"2024-04-22T12:59:30","date_gmt":"2024-04-22T10:59:30","guid":{"rendered":"https:\/\/www.upo.es\/diario\/?p=30881884"},"modified":"2024-04-25T09:49:40","modified_gmt":"2024-04-25T07:49:40","slug":"fin-plazo-inscripcion-carrera-popular","status":"publish","type":"post","link":"https:\/\/www.upo.es\/diario\/comunidad\/2024\/04\/fin-plazo-inscripcion-carrera-popular\/","title":{"rendered":"Este mi\u00e9rcoles finaliza el plazo de inscripci\u00f3n a la VIII Carrera Popular de la Universidad Pablo de Olavide"},"content":{"rendered":"<p><a href=\"https:\/\/www.upo.es\/diario\/wp-content\/uploads\/2024\/04\/Carrera-Popular-UPO.jpg\"><img loading=\"lazy\" decoding=\"async\" class=\"aligncenter size-large wp-image-30881885\" src=\"https:\/\/www.upo.es\/diario\/wp-content\/uploads\/2024\/04\/Carrera-Popular-UPO-750x500.jpg\" alt=\"Participantes en la Carrera Popular de la UPO de 2023\" width=\"750\" height=\"500\" srcset=\"https:\/\/www.upo.es\/diario\/wp-content\/uploads\/2024\/04\/Carrera-Popular-UPO-750x500.jpg 750w, https:\/\/www.upo.es\/diario\/wp-content\/uploads\/2024\/04\/Carrera-Popular-UPO-420x280.jpg 420w, https:\/\/www.upo.es\/diario\/wp-content\/uploads\/2024\/04\/Carrera-Popular-UPO-768x512.jpg 768w, https:\/\/www.upo.es\/diario\/wp-content\/uploads\/2024\/04\/Carrera-Popular-UPO-1536x1024.jpg 1536w, https:\/\/www.upo.es\/diario\/wp-content\/uploads\/2024\/04\/Carrera-Popular-UPO-2048x1365.jpg 2048w, https:\/\/www.upo.es\/diario\/wp-content\/uploads\/2024\/04\/Carrera-Popular-UPO-165x109.jpg 165w, https:\/\/www.upo.es\/diario\/wp-content\/uploads\/2024\/04\/Carrera-Popular-UPO-1320x880.jpg 1320w\" sizes=\"auto, (max-width: 750px) 100vw, 750px\" \/><\/a>La Universidad Pablo de Olavide celebra el pr\u00f3ximo s\u00e1bado 27 de abril a las 11:00 horas una nueva edici\u00f3n de su carrera popular, cuyo <strong>plazo de inscripci\u00f3n permanecer\u00e1 abierto hasta las 15:00 horas este mi\u00e9rcoles 24 de abril<\/strong>. Todas las personas interesadas en participar en esta octava edici\u00f3n pueden inscribirse a trav\u00e9s de la web <a href=\"http:\/\/www.upo.es\/sdupo\/carrerapopular\/\">www.upo.es\/sdupo\/carrerapopular\/<\/a> o en <a href=\"https:\/\/sportmaniacs.com\/c\/viii-carrera-popular-de-la-universidad-pablo-de-olavide\">https:\/\/sportmaniacs.com\/c\/viii-carrera-popular-de-la-universidad-pablo-de-olavide<\/a>.<\/p>\n<p>La <a href=\"https:\/\/www.upo.es\/sdupo\/carrerapopular\/\">VIII Carrera Popular de la UPO<\/a>, que se correr\u00e1 a beneficio de la <strong>Fundaci\u00f3n Psicopediatr\u00eda de Sevilla<\/strong>, cuenta con un recorrido de 8 kil\u00f3metros (dos vueltas de 4 kil\u00f3metros) que transcurren \u00edntegramente por las instalaciones de la universidad, teniendo su salida y meta en la Plaza de Am\u00e9rica.<\/p>\n<p><strong>La participaci\u00f3n en la carrera tiene un coste de seis euros<\/strong>. Con la inscripci\u00f3n, a cada participante se le har\u00e1 entrega de una bolsa del corredor que incluye: camiseta t\u00e9cnica, bolsa reutilizable y dorsal con chip. <strong>Un euro de cada inscripci\u00f3n se destinar\u00e1 a la Fundaci\u00f3n Psicopediatr\u00eda de Sevilla<\/strong>. Asimismo, para aquellas personas que por alguna raz\u00f3n no pueden correr la carrera, se ha habilitado el <strong>Dorsal 0<\/strong>, mediante el cual podr\u00e1n hacer su donaci\u00f3n para la causa.<\/p>\n<p>Las categor\u00edas en las que competir\u00e1n las personas participantes, tanto en modalidad masculina como femenina, ser\u00e1n las siguientes: <strong>general<\/strong>, <strong>estudiantes UPO<\/strong> y <strong>personal trabajador de la UPO<\/strong>. Adem\u00e1s, como novedad este a\u00f1o, los interesados podr\u00e1n participar en la categor\u00eda <strong>comunidad UPO en relevos<\/strong> femenina, masculina y mixta.<\/p>\n<p>Podr\u00e1n participar todas las personas que lo deseen<strong>, nacidas en el a\u00f1o 2007 o anteriores<\/strong>, sin distinci\u00f3n de sexo o nacionalidad, est\u00e9n o no federados, con la indumentaria deportiva acorde a este tipo de pruebas.<\/p>\n<h3><strong>Recogida de dorsales<\/strong><\/h3>\n<p><a href=\"https:\/\/www.upo.es\/diario\/wp-content\/uploads\/2024\/03\/A2cartel_carrera-1-scaled.jpg\"><img loading=\"lazy\" decoding=\"async\" class=\"alignright size-medium wp-image-30881699\" src=\"https:\/\/www.upo.es\/diario\/wp-content\/uploads\/2024\/03\/A2cartel_carrera-1-298x420.jpg\" alt=\"\" width=\"298\" height=\"420\" srcset=\"https:\/\/www.upo.es\/diario\/wp-content\/uploads\/2024\/03\/A2cartel_carrera-1-298x420.jpg 298w, https:\/\/www.upo.es\/diario\/wp-content\/uploads\/2024\/03\/A2cartel_carrera-1-372x525.jpg 372w, https:\/\/www.upo.es\/diario\/wp-content\/uploads\/2024\/03\/A2cartel_carrera-1-768x1083.jpg 768w, https:\/\/www.upo.es\/diario\/wp-content\/uploads\/2024\/03\/A2cartel_carrera-1-1089x1536.jpg 1089w, https:\/\/www.upo.es\/diario\/wp-content\/uploads\/2024\/03\/A2cartel_carrera-1-1452x2048.jpg 1452w, https:\/\/www.upo.es\/diario\/wp-content\/uploads\/2024\/03\/A2cartel_carrera-1-1320x1862.jpg 1320w, https:\/\/www.upo.es\/diario\/wp-content\/uploads\/2024\/03\/A2cartel_carrera-1-scaled.jpg 1815w\" sizes=\"auto, (max-width: 298px) 100vw, 298px\" \/><\/a>La <strong>recogida de los dorsales con chip y la camiseta<\/strong> podr\u00e1 realizarse <u>desde hoy lunes 22 al viernes 26 de abril de 10:00 a 13:00 horas <\/u>en la sala multiusos del Rectorado, situada en la planta baja.<\/p>\n<p>Para la recogida del dorsal es necesario <strong>presentar el DNI y ense\u00f1ar el email de confirmaci\u00f3n de la inscripci\u00f3n<\/strong>. En caso de no poder recogerlo personalmente, la persona encargada de ello deber\u00e1 aportar autorizaci\u00f3n, mail de confirmaci\u00f3n de la inscripci\u00f3n y fotocopia del DNI del participante.<\/p>\n<p>Solo en casos excepcionales, se autorizar\u00e1 la recogida del dorsal el mismo d\u00eda de la prueba hasta media hora antes del inicio de la carrera.<\/p>\n<p>La carrera, organizada por el Vicerrectorado de Campus Saludable y Deporte cuenta con el patrocinio del Ayuntamiento de Dos Hermanas y la colaboraci\u00f3n del Consejo Social de la Universidad Pablo de Olavide, Metro de Sevilla, Mercasevilla, El Corte Ingl\u00e9s, Cruzcampo, Maracan\u00e1, Globalvia, Serenissima, C\u00edrculo del Porvenir C.D. y Bio.Dis Pharma Laboratorios.<\/p>\n<p>&nbsp;<\/p>\n","protected":false},"excerpt":{"rendered":"<p>La Universidad Pablo de Olavide celebra el pr\u00f3ximo s\u00e1bado 27 de abril a las 11:00 horas una nueva edici\u00f3n de su carrera popular, cuyo plazo de inscripci\u00f3n permanecer\u00e1 abierto hasta las 15:00 horas este mi\u00e9rcoles 24 de abril. Todas las personas interesadas en participar en esta octava edici\u00f3n pueden inscribirse a trav\u00e9s de la web www.upo.es\/sdupo\/carrerapopular\/ o en https:\/\/sportmaniacs.com\/c\/viii-carrera-popular-de-la-universidad-pablo-de-olavide.<\/p>\n","protected":false},"author":6,"featured_media":30881885,"comment_status":"closed","ping_status":"open","sticky":false,"template":"","format":"standard","meta":{"_monsterinsights_skip_tracking":false,"_monsterinsights_sitenote_active":false,"_monsterinsights_sitenote_note":"","_monsterinsights_sitenote_category":0,"footnotes":""},"categories":[5842],"tags":[2238,8588,541,7253],"class_list":["post-30881884","post","type-post","status-publish","format-standard","has-post-thumbnail","hentry","category-comunidad","tag-carrera-popular","tag-carrera-solidaria","tag-deporte","tag-vicerrectorado-de-campus-saludable-y-deporte"],"_links":{"self":[{"href":"https:\/\/www.upo.es\/diario\/wp-json\/wp\/v2\/posts\/30881884","targetHints":{"allow":["GET"]}}],"collection":[{"href":"https:\/\/www.upo.es\/diario\/wp-json\/wp\/v2\/posts"}],"about":[{"href":"https:\/\/www.upo.es\/diario\/wp-json\/wp\/v2\/types\/post"}],"author":[{"embeddable":true,"href":"https:\/\/www.upo.es\/diario\/wp-json\/wp\/v2\/users\/6"}],"replies":[{"embeddable":true,"href":"https:\/\/www.upo.es\/diario\/wp-json\/wp\/v2\/comments?post=30881884"}],"version-history":[{"count":2,"href":"https:\/\/www.upo.es\/diario\/wp-json\/wp\/v2\/posts\/30881884\/revisions"}],"predecessor-version":[{"id":30881887,"href":"https:\/\/www.upo.es\/diario\/wp-json\/wp\/v2\/posts\/30881884\/revisions\/30881887"}],"wp:featuredmedia":[{"embeddable":true,"href":"https:\/\/www.upo.es\/diario\/wp-json\/wp\/v2\/media\/30881885"}],"wp:attachment":[{"href":"https:\/\/www.upo.es\/diario\/wp-json\/wp\/v2\/media?parent=30881884"}],"wp:term":[{"taxonomy":"category","embeddable":true,"href":"https:\/\/www.upo.es\/diario\/wp-json\/wp\/v2\/categories?post=30881884"},{"taxonomy":"post_tag","embeddable":true,"href":"https:\/\/www.upo.es\/diario\/wp-json\/wp\/v2\/tags?post=30881884"}],"curies":[{"name":"wp","href":"https:\/\/api.w.org\/{rel}","templated":true}]}}