{"id":30881918,"date":"2024-04-24T11:45:08","date_gmt":"2024-04-24T09:45:08","guid":{"rendered":"https:\/\/www.upo.es\/diario\/?p=30881918"},"modified":"2024-05-06T11:57:08","modified_gmt":"2024-05-06T09:57:08","slug":"congreso-eucapa-sevilla-2024","status":"publish","type":"post","link":"https:\/\/www.upo.es\/diario\/docencia-formacion\/2024\/04\/congreso-eucapa-sevilla-2024\/","title":{"rendered":"El Congreso Europeo de Actividad F\u00edsica Adaptada tendr\u00e1 lugar en la UPO del 11 al 14 de junio"},"content":{"rendered":"<figure id=\"attachment_30881920\" aria-describedby=\"caption-attachment-30881920\" style=\"width: 700px\" class=\"wp-caption aligncenter\"><a href=\"https:\/\/www.upo.es\/diario\/wp-content\/uploads\/2024\/04\/EUCAPA-2024_presentacion-2670-scaled.jpg\"><img loading=\"lazy\" decoding=\"async\" class=\"size-large wp-image-30881920\" src=\"https:\/\/www.upo.es\/diario\/wp-content\/uploads\/2024\/04\/EUCAPA-2024_presentacion-2670-700x525.jpg\" alt=\"Javier P\u00e9rez, Antonio Fern\u00e1ndez, Jos\u00e9 Antonio Gonz\u00e1lez y Gerardo Bielons en la presentaci\u00f3n de EUCAPA 2024\" width=\"700\" height=\"525\" srcset=\"https:\/\/www.upo.es\/diario\/wp-content\/uploads\/2024\/04\/EUCAPA-2024_presentacion-2670-700x525.jpg 700w, https:\/\/www.upo.es\/diario\/wp-content\/uploads\/2024\/04\/EUCAPA-2024_presentacion-2670-420x315.jpg 420w, https:\/\/www.upo.es\/diario\/wp-content\/uploads\/2024\/04\/EUCAPA-2024_presentacion-2670-768x576.jpg 768w, https:\/\/www.upo.es\/diario\/wp-content\/uploads\/2024\/04\/EUCAPA-2024_presentacion-2670-1536x1152.jpg 1536w, https:\/\/www.upo.es\/diario\/wp-content\/uploads\/2024\/04\/EUCAPA-2024_presentacion-2670-2048x1536.jpg 2048w\" sizes=\"auto, (max-width: 700px) 100vw, 700px\" \/><\/a><figcaption id=\"caption-attachment-30881920\" class=\"wp-caption-text\">Javier P\u00e9rez, Antonio Fern\u00e1ndez, Jos\u00e9 Antonio Gonz\u00e1lez y Gerardo Bielons en la presentaci\u00f3n de EUCAPA 2024<\/figcaption><\/figure>\n<p>La 17\u00aa edici\u00f3n del <a href=\"https:\/\/eucapa2024.com\/\"><em>European Congress of Adapted Physical Activity<\/em><\/a> (EUCAPA) se celebrar\u00e1 en el campus de la Universidad Pablo de Olavide entre el 11 y el 14 de junio de 2024. En este Congreso, organizado por la Federaci\u00f3n Europea de Actividad F\u00edsica Adaptada (EUFAPA), ser\u00e1n presentadas m\u00e1s de 170 ponencias y contar\u00e1 con expertos y expertas internacionales sobre los \u00faltimos hallazgos y evidencias en el \u00e1mbito de la actividad f\u00edsica y del deporte de personas con discapacidad, con los Juegos Paral\u00edmpicos de Par\u00eds 2024 como horizonte y tema central.<\/p>\n<p>As\u00ed, el presidente del Comit\u00e9 Paral\u00edmpico Internacional, <strong>Andrew Parsons<\/strong> ser\u00e1 uno de los principales invitados en un simposio que reunir\u00e1 durante cuatro d\u00edas en Sevilla a especialistas de universidades y entidades de todo el mundo que trabajan en el campo de la actividad f\u00edsica adaptada, como <strong>Hayley Fitzgerald<\/strong>, de la Leeds Beckett University; <strong>Kirstie Simpson<\/strong>, de la University of Chester; o <strong>Adolfo Cangas<\/strong>, de la Universidad de Almer\u00eda.<\/p>\n<p>Los trabajos presentados durante el Congreso estar\u00e1n centrados en cuatro temas: Par\u00eds 2024: alto rendimiento y deporte paral\u00edmpico; educaci\u00f3n f\u00edsica y deporte inclusivo; ejercicio para la salud y para la rehabilitaci\u00f3n f\u00edsica; y ocio y valores en la actividad f\u00edsica para personas con discapacidad. EUCAPA 2024 ha sido presentado en el campus de la UPO en un acto presidido por <strong>Antonio Fern\u00e1ndez Mart\u00ednez<\/strong>, vicerrector de Campus Saludable y Deporte de la Olavide; <strong>Javier P\u00e9rez Tejero<\/strong>, presidente electo de EUFAPA; y <strong>Jos\u00e9 Antonio Gonz\u00e1lez<\/strong>, decano de la Facultad de Ciencias del Deporte.<\/p>\n<p>Javier P\u00e9rez Tejero ha agradecido a la Universidad Pablo de Olavide y a su Facultad de Ciencias del Deporte hacer posible que EUCAPA 2024 se celebre en Sevilla y ha destacado del 17\u00ba Congreso la calidad y el n\u00famero de las ponencias presentadas. Asimismo, ha recalcado su car\u00e1cter pr\u00e1ctico y el hecho de que servir\u00e1 de punto de encuentro e incentivo para las asociaciones y entidades de deportistas con discapacidad de la ciudad y su entorno.<\/p>\n<p>Para el vicerrector de Campus Saludable y Deporte de la UPO \u201cel panel de ponentes y cient\u00edficos del Deporte y el n\u00famero de comunicaciones garantizan que el Congreso sea un \u00e9xito\u201d. Antonio Fern\u00e1ndez Mart\u00ednez ha recordado que la inclusi\u00f3n a trav\u00e9s del Deporte es una de las l\u00edneas estrat\u00e9gicas de la Universidad y que el pr\u00f3ximo a\u00f1o el campus de la UPO organizar\u00e1 el Seminario Nacional de Deporte Inclusivo.<\/p>\n<p>EUCAPA 2024 tendr\u00e1 lugar en el campus de la Universidad Pablo de Olavide del 11 al 14 de junio, con la colaboraci\u00f3n del Comit\u00e9 Paral\u00edmpico Espa\u00f1ol, la C\u00e1tedra Fundaci\u00f3n Sanitas de Estudios sobre Deporte Inclusivo, <em>Sevilla Congress and Convention Bureau<\/em>, y la organizaci\u00f3n de Events GB.<\/p>\n<p>M\u00e1s informaci\u00f3n en <a href=\"https:\/\/eucapa2024.com\/\">eucapa2024.com<\/a> y en <a href=\"mailto:info@eucapa2024.com\">info@eucapa2024.com<\/a><\/p>\n<p>&nbsp;<\/p>\n","protected":false},"excerpt":{"rendered":"<p>Sevilla acoger\u00e1 EUCAPA 2024, un simposio que reunir\u00e1 a ponentes y expertos de todo el mundo bajo el lema \u2018Participation and Inclusion in Sport for Quality of Life: Paris 2024\u2019.<\/p>\n","protected":false},"author":6,"featured_media":30881920,"comment_status":"closed","ping_status":"open","sticky":false,"template":"","format":"standard","meta":{"_monsterinsights_skip_tracking":false,"_monsterinsights_sitenote_active":false,"_monsterinsights_sitenote_note":"","_monsterinsights_sitenote_category":0,"footnotes":""},"categories":[2779],"tags":[7428,354,2786,3342,3456,8068,161],"class_list":["post-30881918","post","type-post","status-publish","format-standard","has-post-thumbnail","hentry","category-docencia-formacion","tag-antonio-fernandez-martinez","tag-congreso","tag-deporte-paralimpico","tag-facultad-de-ciencias-del-deporte","tag-inclusion","tag-personas-con-discapacidad","tag-sevilla"],"_links":{"self":[{"href":"https:\/\/www.upo.es\/diario\/wp-json\/wp\/v2\/posts\/30881918","targetHints":{"allow":["GET"]}}],"collection":[{"href":"https:\/\/www.upo.es\/diario\/wp-json\/wp\/v2\/posts"}],"about":[{"href":"https:\/\/www.upo.es\/diario\/wp-json\/wp\/v2\/types\/post"}],"author":[{"embeddable":true,"href":"https:\/\/www.upo.es\/diario\/wp-json\/wp\/v2\/users\/6"}],"replies":[{"embeddable":true,"href":"https:\/\/www.upo.es\/diario\/wp-json\/wp\/v2\/comments?post=30881918"}],"version-history":[{"count":2,"href":"https:\/\/www.upo.es\/diario\/wp-json\/wp\/v2\/posts\/30881918\/revisions"}],"predecessor-version":[{"id":30881921,"href":"https:\/\/www.upo.es\/diario\/wp-json\/wp\/v2\/posts\/30881918\/revisions\/30881921"}],"wp:featuredmedia":[{"embeddable":true,"href":"https:\/\/www.upo.es\/diario\/wp-json\/wp\/v2\/media\/30881920"}],"wp:attachment":[{"href":"https:\/\/www.upo.es\/diario\/wp-json\/wp\/v2\/media?parent=30881918"}],"wp:term":[{"taxonomy":"category","embeddable":true,"href":"https:\/\/www.upo.es\/diario\/wp-json\/wp\/v2\/categories?post=30881918"},{"taxonomy":"post_tag","embeddable":true,"href":"https:\/\/www.upo.es\/diario\/wp-json\/wp\/v2\/tags?post=30881918"}],"curies":[{"name":"wp","href":"https:\/\/api.w.org\/{rel}","templated":true}]}}