{"id":30881972,"date":"2024-04-26T19:48:45","date_gmt":"2024-04-26T17:48:45","guid":{"rendered":"https:\/\/www.upo.es\/diario\/?p=30881972"},"modified":"2024-05-06T11:57:03","modified_gmt":"2024-05-06T09:57:03","slug":"el-rector-destaca-la-aprobacion-de-las-nuevas-titulaciones-de-la-upo-segun-lo-acordado-en-consejo-de-gobierno","status":"publish","type":"post","link":"https:\/\/www.upo.es\/diario\/institucional\/2024\/04\/el-rector-destaca-la-aprobacion-de-las-nuevas-titulaciones-de-la-upo-segun-lo-acordado-en-consejo-de-gobierno\/","title":{"rendered":"El rector destaca la aprobaci\u00f3n de las nuevas titulaciones de la UPO seg\u00fan lo acordado en Consejo de Gobierno"},"content":{"rendered":"<figure id=\"attachment_30881969\" aria-describedby=\"caption-attachment-30881969\" style=\"width: 750px\" class=\"wp-caption aligncenter\"><a href=\"https:\/\/www.upo.es\/diario\/wp-content\/uploads\/2024\/04\/CG_20240426-2848-scaled.jpg\"><img loading=\"lazy\" decoding=\"async\" class=\"size-large wp-image-30881969\" src=\"https:\/\/www.upo.es\/diario\/wp-content\/uploads\/2024\/04\/CG_20240426-2848-750x337.jpg\" alt=\"Sesi\u00f3n del Consejo de Gobierno de este viernes\" width=\"750\" height=\"337\" srcset=\"https:\/\/www.upo.es\/diario\/wp-content\/uploads\/2024\/04\/CG_20240426-2848-750x337.jpg 750w, https:\/\/www.upo.es\/diario\/wp-content\/uploads\/2024\/04\/CG_20240426-2848-420x189.jpg 420w, https:\/\/www.upo.es\/diario\/wp-content\/uploads\/2024\/04\/CG_20240426-2848-768x346.jpg 768w, https:\/\/www.upo.es\/diario\/wp-content\/uploads\/2024\/04\/CG_20240426-2848-1536x691.jpg 1536w, https:\/\/www.upo.es\/diario\/wp-content\/uploads\/2024\/04\/CG_20240426-2848-2048x921.jpg 2048w, https:\/\/www.upo.es\/diario\/wp-content\/uploads\/2024\/04\/CG_20240426-2848-1320x594.jpg 1320w\" sizes=\"auto, (max-width: 750px) 100vw, 750px\" \/><\/a><figcaption id=\"caption-attachment-30881969\" class=\"wp-caption-text\">Francisco Oliva preside la sesi\u00f3n del Consejo de Gobierno de este viernes<\/figcaption><\/figure>\n<p>El rector de la Universidad Pablo de Olavide, Francisco Oliva, ha informado hoy en Consejo de Gobierno de la <a href=\"https:\/\/www.upo.es\/diario\/institucional\/2024\/04\/comunicado-sobre-el-nuevo-mapa-de-titulaciones-2025-2029\/\">aprobaci\u00f3n del nuevo mapa de titulaciones de Andaluc\u00eda para el per\u00edodo 2025-2029 por parte del Consejo Andaluz de Universidades<\/a>, que en lo que a la Olavide se refiere, da luz verde a los t\u00edtulos tal y como fueron aprobados por este \u00f3rgano de Gobierno de la Universidad, con <strong>siete grados y diez m\u00e1steres nuevos<\/strong>.<\/p>\n<p>Sobre el Consejo de Universidades celebrado el pasado 15 de abril, Francisco Oliva ha trasladado las \u00faltimas novedades sobre el <a href=\"https:\/\/www.upo.es\/diario\/institucional\/2024\/03\/francisco-oliva-crue-gobierno-profesorado-ayudante-doctor\/\">Plan para la incorporaci\u00f3n de profesorado ayudante doctor en las universidades espa\u00f1olas<\/a> que, con una inversi\u00f3n de 150 millones de euros, permitir\u00e1 el rejuvenecimiento de las plantillas docentes. Las negociaciones entre el Ministerio, que sufragar\u00e1 el 81% de estas plazas, y las comunidades aut\u00f3nomas contin\u00faan para el desarrollo de esta medida contemplada en la LOSU. El rector ha informado asimismo de que, en representaci\u00f3n de CRUE y como miembro de su Comisi\u00f3n Permanente, participa en la elaboraci\u00f3n de un decreto sobre los requisitos que deben cumplir las propuestas de nuevas universidades privadas.<\/p>\n<p><a href=\"https:\/\/www.upo.es\/diario\/wp-content\/uploads\/2024\/04\/CG_20240426-2864.jpg\"><img loading=\"lazy\" decoding=\"async\" class=\"alignleft size-medium wp-image-30881968\" src=\"https:\/\/www.upo.es\/diario\/wp-content\/uploads\/2024\/04\/CG_20240426-2864-420x280.jpg\" alt=\"Francisco Oliva\" width=\"420\" height=\"280\" srcset=\"https:\/\/www.upo.es\/diario\/wp-content\/uploads\/2024\/04\/CG_20240426-2864-420x280.jpg 420w, https:\/\/www.upo.es\/diario\/wp-content\/uploads\/2024\/04\/CG_20240426-2864-750x500.jpg 750w, https:\/\/www.upo.es\/diario\/wp-content\/uploads\/2024\/04\/CG_20240426-2864-768x512.jpg 768w, https:\/\/www.upo.es\/diario\/wp-content\/uploads\/2024\/04\/CG_20240426-2864-1512x1011.jpg 1512w, https:\/\/www.upo.es\/diario\/wp-content\/uploads\/2024\/04\/CG_20240426-2864-165x109.jpg 165w, https:\/\/www.upo.es\/diario\/wp-content\/uploads\/2024\/04\/CG_20240426-2864-1320x880.jpg 1320w, https:\/\/www.upo.es\/diario\/wp-content\/uploads\/2024\/04\/CG_20240426-2864.jpg 1517w\" sizes=\"auto, (max-width: 420px) 100vw, 420px\" \/><\/a>Ya centrado en la Universidad Pablo de Olavide, Francisco Oliva se ha referido a la constituci\u00f3n del <strong>Claustro Universitario<\/strong>, en sesi\u00f3n celebrada el pasado 12 de marzo. El rector ha recalcado la importancia del trabajo que deber\u00e1 afrontar la Comisi\u00f3n de reforma estatutaria, y ha recordado que, una vez aprobados los nuevos Estatutos, el Claustro deber\u00e1 constituirse nuevamente.<\/p>\n<p>Sobre la obtenci\u00f3n del <strong>sello de calidad HRS4R<\/strong> (<em>Human Resources Strategy for Researchers<\/em>), Oliva ha informado que la solicitud ha pasado positivamente la primera evaluaci\u00f3n, y que la Universidad cuenta con los requisitos que permitir\u00e1n avanzar en las condiciones que permitan atraer talento investigador.<\/p>\n<p>Respecto al campus, el rector ha anunciado que ya se ha licitado el proyecto b\u00e1sico para sombrear el camino que va desde la parte central del campus hasta la estaci\u00f3n de Metro. En cuanto a los problemas localizados en los sanitarios del edificio 10, est\u00e1n tambi\u00e9n en v\u00edas de soluci\u00f3n definitiva.<\/p>\n<p>&nbsp;<\/p>\n","protected":false},"excerpt":{"rendered":"<p>Francisco Oliva informa asimismo sobre las negociaciones entre Ministerio y comunidades aut\u00f3nomas para la incorporaci\u00f3n de profesorado ayudante doctor.<\/p>\n","protected":false},"author":6,"featured_media":30881968,"comment_status":"closed","ping_status":"open","sticky":false,"template":"","format":"standard","meta":{"_monsterinsights_skip_tracking":false,"_monsterinsights_sitenote_active":false,"_monsterinsights_sitenote_note":"","_monsterinsights_sitenote_category":0,"footnotes":""},"categories":[6],"tags":[102,4021,266,8040,1563,199],"class_list":["post-30881972","post","type-post","status-publish","format-standard","has-post-thumbnail","hentry","category-institucional","tag-consejo-de-gobierno","tag-francisco-oliva-blazquez","tag-grados","tag-losu","tag-masteres-universitarios","tag-profesorado"],"_links":{"self":[{"href":"https:\/\/www.upo.es\/diario\/wp-json\/wp\/v2\/posts\/30881972","targetHints":{"allow":["GET"]}}],"collection":[{"href":"https:\/\/www.upo.es\/diario\/wp-json\/wp\/v2\/posts"}],"about":[{"href":"https:\/\/www.upo.es\/diario\/wp-json\/wp\/v2\/types\/post"}],"author":[{"embeddable":true,"href":"https:\/\/www.upo.es\/diario\/wp-json\/wp\/v2\/users\/6"}],"replies":[{"embeddable":true,"href":"https:\/\/www.upo.es\/diario\/wp-json\/wp\/v2\/comments?post=30881972"}],"version-history":[{"count":3,"href":"https:\/\/www.upo.es\/diario\/wp-json\/wp\/v2\/posts\/30881972\/revisions"}],"predecessor-version":[{"id":30881977,"href":"https:\/\/www.upo.es\/diario\/wp-json\/wp\/v2\/posts\/30881972\/revisions\/30881977"}],"wp:featuredmedia":[{"embeddable":true,"href":"https:\/\/www.upo.es\/diario\/wp-json\/wp\/v2\/media\/30881968"}],"wp:attachment":[{"href":"https:\/\/www.upo.es\/diario\/wp-json\/wp\/v2\/media?parent=30881972"}],"wp:term":[{"taxonomy":"category","embeddable":true,"href":"https:\/\/www.upo.es\/diario\/wp-json\/wp\/v2\/categories?post=30881972"},{"taxonomy":"post_tag","embeddable":true,"href":"https:\/\/www.upo.es\/diario\/wp-json\/wp\/v2\/tags?post=30881972"}],"curies":[{"name":"wp","href":"https:\/\/api.w.org\/{rel}","templated":true}]}}