{"id":30881978,"date":"2024-04-27T14:48:17","date_gmt":"2024-04-27T12:48:17","guid":{"rendered":"https:\/\/www.upo.es\/diario\/?p=30881978"},"modified":"2024-05-02T17:43:32","modified_gmt":"2024-05-02T15:43:32","slug":"belen-infantes-y-joao-fernandes-ganadores-en-la-viii-carrera-popular-de-la-universidad-pablo-de-olavide","status":"publish","type":"post","link":"https:\/\/www.upo.es\/diario\/comunidad\/2024\/04\/belen-infantes-y-joao-fernandes-ganadores-en-la-viii-carrera-popular-de-la-universidad-pablo-de-olavide\/","title":{"rendered":"Bel\u00e9n Infantes y Jo\u00e3o Fernandes, ganadores de la VIII Carrera Popular de la Universidad Pablo de Olavide"},"content":{"rendered":"<figure id=\"attachment_30881980\" aria-describedby=\"caption-attachment-30881980\" style=\"width: 750px\" class=\"wp-caption aligncenter\"><a href=\"https:\/\/www.upo.es\/diario\/wp-content\/uploads\/2024\/04\/Carrera-Popular_20240427-6298-scaled.jpg\"><img loading=\"lazy\" decoding=\"async\" class=\"size-large wp-image-30881980\" src=\"https:\/\/www.upo.es\/diario\/wp-content\/uploads\/2024\/04\/Carrera-Popular_20240427-6298-750x422.jpg\" alt=\"Podio con los mejores clasificados en la categor\u00eda general\" width=\"750\" height=\"422\" srcset=\"https:\/\/www.upo.es\/diario\/wp-content\/uploads\/2024\/04\/Carrera-Popular_20240427-6298-750x422.jpg 750w, https:\/\/www.upo.es\/diario\/wp-content\/uploads\/2024\/04\/Carrera-Popular_20240427-6298-420x236.jpg 420w, https:\/\/www.upo.es\/diario\/wp-content\/uploads\/2024\/04\/Carrera-Popular_20240427-6298-768x432.jpg 768w, https:\/\/www.upo.es\/diario\/wp-content\/uploads\/2024\/04\/Carrera-Popular_20240427-6298-1536x864.jpg 1536w, https:\/\/www.upo.es\/diario\/wp-content\/uploads\/2024\/04\/Carrera-Popular_20240427-6298-2048x1152.jpg 2048w, https:\/\/www.upo.es\/diario\/wp-content\/uploads\/2024\/04\/Carrera-Popular_20240427-6298-1320x742.jpg 1320w\" sizes=\"auto, (max-width: 750px) 100vw, 750px\" \/><\/a><figcaption id=\"caption-attachment-30881980\" class=\"wp-caption-text\">Podio con los mejores clasificados en la categor\u00eda general, masculina y femenina<\/figcaption><\/figure>\n<p>Estudiantes, profesorado, trabajadores de la Universidad y aficionados a las carreras y al deporte, han participado esta ma\u00f1ana en la VIII Carrera Popular de la Universidad Pablo de Olavide que, en la clasificaci\u00f3n general masculina y femenina, han ganado <strong>Jo\u00e3o Fernandes,<\/strong> de la Associa\u00e7\u00e3o Acad\u00e9mica Bela Vista, y <strong>Bel\u00e9n Infantes<\/strong>, del Club de Atletismo Guadalhorce\u2013Alora, con un tiempo de 00:24:05 y 00:27:50 respectivamente.<\/p>\n<figure id=\"attachment_30881982\" aria-describedby=\"caption-attachment-30881982\" style=\"width: 420px\" class=\"wp-caption alignleft\"><a href=\"https:\/\/www.upo.es\/diario\/wp-content\/uploads\/2024\/04\/Carrera-Popular_20240427-6159-scaled.jpg\"><img loading=\"lazy\" decoding=\"async\" class=\"size-medium wp-image-30881982\" src=\"https:\/\/www.upo.es\/diario\/wp-content\/uploads\/2024\/04\/Carrera-Popular_20240427-6159-420x280.jpg\" alt=\"\" width=\"420\" height=\"280\" srcset=\"https:\/\/www.upo.es\/diario\/wp-content\/uploads\/2024\/04\/Carrera-Popular_20240427-6159-420x280.jpg 420w, https:\/\/www.upo.es\/diario\/wp-content\/uploads\/2024\/04\/Carrera-Popular_20240427-6159-750x500.jpg 750w, https:\/\/www.upo.es\/diario\/wp-content\/uploads\/2024\/04\/Carrera-Popular_20240427-6159-768x512.jpg 768w, https:\/\/www.upo.es\/diario\/wp-content\/uploads\/2024\/04\/Carrera-Popular_20240427-6159-1536x1024.jpg 1536w, https:\/\/www.upo.es\/diario\/wp-content\/uploads\/2024\/04\/Carrera-Popular_20240427-6159-2048x1365.jpg 2048w, https:\/\/www.upo.es\/diario\/wp-content\/uploads\/2024\/04\/Carrera-Popular_20240427-6159-165x109.jpg 165w, https:\/\/www.upo.es\/diario\/wp-content\/uploads\/2024\/04\/Carrera-Popular_20240427-6159-1320x880.jpg 1320w\" sizes=\"auto, (max-width: 420px) 100vw, 420px\" \/><\/a><figcaption id=\"caption-attachment-30881982\" class=\"wp-caption-text\">El rector de la UPO y Elena Blasco, gerente de la Fundaci\u00f3n Psicopediatr\u00eda de Sevilla<\/figcaption><\/figure>\n<p>La VIII Carrera Popular, con un recorrido de 8 km en un circuito que ha transcurrido \u00edntegramente por el campus de la Universidad, en un ambiente festivo y con el objetivo de disfrutar de una ma\u00f1ana de deporte al aire libre, ha contado con casi 400 personas inscritas, en <strong>una jornada tambi\u00e9n solidaria en beneficio de la Fundaci\u00f3n Psicopediatr\u00eda de Sevilla<\/strong>, coincidiendo con la celebraci\u00f3n del 50 aniversario de esta entidad social y educativa.<\/p>\n<p><strong>General, estudiantes UPO y personal trabajador de la UPO<\/strong> han sido las categor\u00edas en las que han participado corredores y corredoras. Como novedad este a\u00f1o la Carrera Popular ha contado con la categor\u00eda <strong>Comunidad UPO en relevos<\/strong> femenina, masculina y mixta. Francisco Oliva, que ha participado en la Carrera, ha entregado los premios, acompa\u00f1ado de representantes de las empresas y entidades colaboradoras en la VIII edici\u00f3n de la Carrera Popular de la UPO.<\/p>\n<p><strong>Jo\u00e3o Fernandes, Said Elbouchikhi y Claudio Jos\u00e9 Pica<\/strong> han obtenido los mejores tiempos en la categor\u00eda general masculina. Y las atletas<strong> Bel\u00e9n Infantes, Laura Rivera y Julia Garc\u00eda<\/strong> han sido quienes han subido al podio en categor\u00eda femenina. En la categor\u00eda de Estudiantes UPO Masculina, <strong>Guillermo Flores, Rub\u00e9n Espejo y Carlos Mu\u00f1oz<\/strong> han sido los primeros en cruzar la meta. En la categor\u00eda Personal Trabajador UPO han llegado en primer lugar <strong>Christiane Limbach, Marisa Fern\u00e1ndez y Elisa de la Calle<\/strong> en la categor\u00eda Femenina; y <strong>Javier Brazo Sayavera, Alejandro Gonz\u00e1lez y Felipe Camacho<\/strong> en la Masculina.<\/p>\n<p>En cuanto a los clubes de atletismo participantes, han obtenido las mejores medias los atletas del <strong>Club Orippo<\/strong> en categor\u00eda masculina (00:37:55) y <strong>CCRD Ferroviario<\/strong> en la Femenina (00:39:10).<\/p>\n<p>La VIII edici\u00f3n de la Carrera, organizada por el Vicerrectorado de Campus Saludable y Deporte, ha contado con el patrocinio del <strong>Ayuntamiento de Dos Hermanas<\/strong>, y con la colaboraci\u00f3n del <strong>Consejo Social de la Universidad Pablo de Olavide, Metro de Sevilla, Mercasevilla, El Corte Ingl\u00e9s, Cruzcampo, Maracan\u00e1, Globalvia, Serenissima, C\u00edrculo del Porvenir C.D. y Bio.Dis Pharma Laboratorios<\/strong>.<\/p>\n<div id='gallery-1' class='gallery galleryid-30881978 gallery-columns-2 gallery-size-medium'><figure class='gallery-item'>\n\t\t\t<div class='gallery-icon landscape'>\n\t\t\t\t<a href='https:\/\/www.upo.es\/diario\/wp-content\/uploads\/2024\/04\/Carrera-Popular_20240427-4056-scaled.jpg'><img loading=\"lazy\" decoding=\"async\" width=\"420\" height=\"280\" src=\"https:\/\/www.upo.es\/diario\/wp-content\/uploads\/2024\/04\/Carrera-Popular_20240427-4056-420x280.jpg\" class=\"attachment-medium size-medium\" alt=\"\" srcset=\"https:\/\/www.upo.es\/diario\/wp-content\/uploads\/2024\/04\/Carrera-Popular_20240427-4056-420x280.jpg 420w, https:\/\/www.upo.es\/diario\/wp-content\/uploads\/2024\/04\/Carrera-Popular_20240427-4056-750x500.jpg 750w, https:\/\/www.upo.es\/diario\/wp-content\/uploads\/2024\/04\/Carrera-Popular_20240427-4056-768x512.jpg 768w, https:\/\/www.upo.es\/diario\/wp-content\/uploads\/2024\/04\/Carrera-Popular_20240427-4056-1536x1024.jpg 1536w, https:\/\/www.upo.es\/diario\/wp-content\/uploads\/2024\/04\/Carrera-Popular_20240427-4056-2048x1365.jpg 2048w\" sizes=\"auto, (max-width: 420px) 100vw, 420px\" \/><\/a>\n\t\t\t<\/div><\/figure><figure class='gallery-item'>\n\t\t\t<div class='gallery-icon landscape'>\n\t\t\t\t<a href='https:\/\/www.upo.es\/diario\/wp-content\/uploads\/2024\/04\/Carrera-Popular_20240427-4246-scaled.jpg'><img loading=\"lazy\" decoding=\"async\" width=\"420\" height=\"280\" src=\"https:\/\/www.upo.es\/diario\/wp-content\/uploads\/2024\/04\/Carrera-Popular_20240427-4246-420x280.jpg\" class=\"attachment-medium size-medium\" alt=\"\" srcset=\"https:\/\/www.upo.es\/diario\/wp-content\/uploads\/2024\/04\/Carrera-Popular_20240427-4246-420x280.jpg 420w, https:\/\/www.upo.es\/diario\/wp-content\/uploads\/2024\/04\/Carrera-Popular_20240427-4246-750x500.jpg 750w, https:\/\/www.upo.es\/diario\/wp-content\/uploads\/2024\/04\/Carrera-Popular_20240427-4246-768x512.jpg 768w, https:\/\/www.upo.es\/diario\/wp-content\/uploads\/2024\/04\/Carrera-Popular_20240427-4246-1536x1024.jpg 1536w, https:\/\/www.upo.es\/diario\/wp-content\/uploads\/2024\/04\/Carrera-Popular_20240427-4246-2048x1365.jpg 2048w\" sizes=\"auto, (max-width: 420px) 100vw, 420px\" \/><\/a>\n\t\t\t<\/div><\/figure><figure class='gallery-item'>\n\t\t\t<div class='gallery-icon landscape'>\n\t\t\t\t<a href='https:\/\/www.upo.es\/diario\/wp-content\/uploads\/2024\/04\/Carrera-Popular_20240427-4411-scaled.jpg'><img loading=\"lazy\" decoding=\"async\" width=\"420\" height=\"280\" src=\"https:\/\/www.upo.es\/diario\/wp-content\/uploads\/2024\/04\/Carrera-Popular_20240427-4411-420x280.jpg\" class=\"attachment-medium size-medium\" alt=\"\" srcset=\"https:\/\/www.upo.es\/diario\/wp-content\/uploads\/2024\/04\/Carrera-Popular_20240427-4411-420x280.jpg 420w, https:\/\/www.upo.es\/diario\/wp-content\/uploads\/2024\/04\/Carrera-Popular_20240427-4411-750x500.jpg 750w, https:\/\/www.upo.es\/diario\/wp-content\/uploads\/2024\/04\/Carrera-Popular_20240427-4411-768x512.jpg 768w, https:\/\/www.upo.es\/diario\/wp-content\/uploads\/2024\/04\/Carrera-Popular_20240427-4411-1536x1024.jpg 1536w, https:\/\/www.upo.es\/diario\/wp-content\/uploads\/2024\/04\/Carrera-Popular_20240427-4411-2048x1365.jpg 2048w, https:\/\/www.upo.es\/diario\/wp-content\/uploads\/2024\/04\/Carrera-Popular_20240427-4411-165x109.jpg 165w, https:\/\/www.upo.es\/diario\/wp-content\/uploads\/2024\/04\/Carrera-Popular_20240427-4411-1320x880.jpg 1320w\" sizes=\"auto, (max-width: 420px) 100vw, 420px\" \/><\/a>\n\t\t\t<\/div><\/figure><figure class='gallery-item'>\n\t\t\t<div class='gallery-icon landscape'>\n\t\t\t\t<a href='https:\/\/www.upo.es\/diario\/wp-content\/uploads\/2024\/04\/Carrera-Popular_20240427-4090-scaled.jpg'><img loading=\"lazy\" decoding=\"async\" width=\"420\" height=\"280\" src=\"https:\/\/www.upo.es\/diario\/wp-content\/uploads\/2024\/04\/Carrera-Popular_20240427-4090-420x280.jpg\" class=\"attachment-medium size-medium\" alt=\"\" srcset=\"https:\/\/www.upo.es\/diario\/wp-content\/uploads\/2024\/04\/Carrera-Popular_20240427-4090-420x280.jpg 420w, https:\/\/www.upo.es\/diario\/wp-content\/uploads\/2024\/04\/Carrera-Popular_20240427-4090-750x500.jpg 750w, https:\/\/www.upo.es\/diario\/wp-content\/uploads\/2024\/04\/Carrera-Popular_20240427-4090-768x512.jpg 768w, https:\/\/www.upo.es\/diario\/wp-content\/uploads\/2024\/04\/Carrera-Popular_20240427-4090-1536x1024.jpg 1536w, https:\/\/www.upo.es\/diario\/wp-content\/uploads\/2024\/04\/Carrera-Popular_20240427-4090-2048x1365.jpg 2048w\" sizes=\"auto, (max-width: 420px) 100vw, 420px\" \/><\/a>\n\t\t\t<\/div><\/figure><figure class='gallery-item'>\n\t\t\t<div class='gallery-icon landscape'>\n\t\t\t\t<a href='https:\/\/www.upo.es\/diario\/wp-content\/uploads\/2024\/04\/Carrera-Popular_20240427-4293-scaled.jpg'><img loading=\"lazy\" decoding=\"async\" width=\"420\" height=\"280\" src=\"https:\/\/www.upo.es\/diario\/wp-content\/uploads\/2024\/04\/Carrera-Popular_20240427-4293-420x280.jpg\" class=\"attachment-medium size-medium\" alt=\"\" srcset=\"https:\/\/www.upo.es\/diario\/wp-content\/uploads\/2024\/04\/Carrera-Popular_20240427-4293-420x280.jpg 420w, https:\/\/www.upo.es\/diario\/wp-content\/uploads\/2024\/04\/Carrera-Popular_20240427-4293-750x500.jpg 750w, https:\/\/www.upo.es\/diario\/wp-content\/uploads\/2024\/04\/Carrera-Popular_20240427-4293-768x512.jpg 768w, https:\/\/www.upo.es\/diario\/wp-content\/uploads\/2024\/04\/Carrera-Popular_20240427-4293-1536x1024.jpg 1536w, https:\/\/www.upo.es\/diario\/wp-content\/uploads\/2024\/04\/Carrera-Popular_20240427-4293-2048x1365.jpg 2048w\" sizes=\"auto, (max-width: 420px) 100vw, 420px\" \/><\/a>\n\t\t\t<\/div><\/figure><figure class='gallery-item'>\n\t\t\t<div class='gallery-icon landscape'>\n\t\t\t\t<a href='https:\/\/www.upo.es\/diario\/wp-content\/uploads\/2024\/04\/Carrera-Popular_20240427-6426-scaled.jpg'><img loading=\"lazy\" decoding=\"async\" width=\"420\" height=\"280\" src=\"https:\/\/www.upo.es\/diario\/wp-content\/uploads\/2024\/04\/Carrera-Popular_20240427-6426-420x280.jpg\" class=\"attachment-medium size-medium\" alt=\"\" srcset=\"https:\/\/www.upo.es\/diario\/wp-content\/uploads\/2024\/04\/Carrera-Popular_20240427-6426-420x280.jpg 420w, https:\/\/www.upo.es\/diario\/wp-content\/uploads\/2024\/04\/Carrera-Popular_20240427-6426-750x500.jpg 750w, https:\/\/www.upo.es\/diario\/wp-content\/uploads\/2024\/04\/Carrera-Popular_20240427-6426-768x512.jpg 768w, https:\/\/www.upo.es\/diario\/wp-content\/uploads\/2024\/04\/Carrera-Popular_20240427-6426-1536x1024.jpg 1536w, https:\/\/www.upo.es\/diario\/wp-content\/uploads\/2024\/04\/Carrera-Popular_20240427-6426-2048x1365.jpg 2048w, https:\/\/www.upo.es\/diario\/wp-content\/uploads\/2024\/04\/Carrera-Popular_20240427-6426-165x109.jpg 165w, https:\/\/www.upo.es\/diario\/wp-content\/uploads\/2024\/04\/Carrera-Popular_20240427-6426-1320x880.jpg 1320w\" sizes=\"auto, (max-width: 420px) 100vw, 420px\" \/><\/a>\n\t\t\t<\/div><\/figure><figure class='gallery-item'>\n\t\t\t<div class='gallery-icon landscape'>\n\t\t\t\t<a href='https:\/\/www.upo.es\/diario\/wp-content\/uploads\/2024\/04\/Carrera-Popular_20240427-6380-scaled.jpg'><img loading=\"lazy\" decoding=\"async\" width=\"420\" height=\"280\" src=\"https:\/\/www.upo.es\/diario\/wp-content\/uploads\/2024\/04\/Carrera-Popular_20240427-6380-420x280.jpg\" class=\"attachment-medium size-medium\" alt=\"\" srcset=\"https:\/\/www.upo.es\/diario\/wp-content\/uploads\/2024\/04\/Carrera-Popular_20240427-6380-420x280.jpg 420w, https:\/\/www.upo.es\/diario\/wp-content\/uploads\/2024\/04\/Carrera-Popular_20240427-6380-750x500.jpg 750w, https:\/\/www.upo.es\/diario\/wp-content\/uploads\/2024\/04\/Carrera-Popular_20240427-6380-768x512.jpg 768w, https:\/\/www.upo.es\/diario\/wp-content\/uploads\/2024\/04\/Carrera-Popular_20240427-6380-1536x1024.jpg 1536w, https:\/\/www.upo.es\/diario\/wp-content\/uploads\/2024\/04\/Carrera-Popular_20240427-6380-2048x1365.jpg 2048w\" sizes=\"auto, (max-width: 420px) 100vw, 420px\" \/><\/a>\n\t\t\t<\/div><\/figure><figure class='gallery-item'>\n\t\t\t<div class='gallery-icon landscape'>\n\t\t\t\t<a href='https:\/\/www.upo.es\/diario\/wp-content\/uploads\/2024\/04\/Carrera-Popular_20240427-6342-scaled.jpg'><img loading=\"lazy\" decoding=\"async\" width=\"420\" height=\"280\" src=\"https:\/\/www.upo.es\/diario\/wp-content\/uploads\/2024\/04\/Carrera-Popular_20240427-6342-420x280.jpg\" class=\"attachment-medium size-medium\" alt=\"\" srcset=\"https:\/\/www.upo.es\/diario\/wp-content\/uploads\/2024\/04\/Carrera-Popular_20240427-6342-420x280.jpg 420w, https:\/\/www.upo.es\/diario\/wp-content\/uploads\/2024\/04\/Carrera-Popular_20240427-6342-750x500.jpg 750w, https:\/\/www.upo.es\/diario\/wp-content\/uploads\/2024\/04\/Carrera-Popular_20240427-6342-768x512.jpg 768w, https:\/\/www.upo.es\/diario\/wp-content\/uploads\/2024\/04\/Carrera-Popular_20240427-6342-1536x1024.jpg 1536w, https:\/\/www.upo.es\/diario\/wp-content\/uploads\/2024\/04\/Carrera-Popular_20240427-6342-2048x1365.jpg 2048w, https:\/\/www.upo.es\/diario\/wp-content\/uploads\/2024\/04\/Carrera-Popular_20240427-6342-165x109.jpg 165w, https:\/\/www.upo.es\/diario\/wp-content\/uploads\/2024\/04\/Carrera-Popular_20240427-6342-1320x880.jpg 1320w\" sizes=\"auto, (max-width: 420px) 100vw, 420px\" \/><\/a>\n\t\t\t<\/div><\/figure>\n\t\t<\/div>\n\n<p><a title=\"VIII Carrera Popular UPO\" href=\"https:\/\/www.flickr.com\/photos\/pablodeolavide\/albums\/72177720316571190\" data-flickr-embed=\"true\"><img loading=\"lazy\" decoding=\"async\" src=\"https:\/\/live.staticflickr.com\/65535\/53687308159_1c039c50ec_z.jpg\" alt=\"VIII Carrera Popular UPO\" width=\"640\" height=\"480\" \/><\/a><script async src=\"\/\/embedr.flickr.com\/assets\/client-code.js\" charset=\"utf-8\"><\/script><\/p>\n","protected":false},"excerpt":{"rendered":"<p>Estudiantes, profesorado, trabajadores de la Universidad y aficionados a las carreras y al deporte, han participado esta ma\u00f1ana en la VIII Carrera Popular de la Universidad Pablo de Olavide que, en la clasificaci\u00f3n general masculina y femenina, han ganado Jo\u00e3o Fernandes, de la Associa\u00e7\u00e3o Acad\u00e9mica BELA VISTA, y Bel\u00e9n Infantes, del Club de Atletismo Guadalhorce\u2013Alora, con un tiempo de 00:24:05 y 00:27:50 respectivamente.<\/p>\n","protected":false},"author":6,"featured_media":30881980,"comment_status":"closed","ping_status":"open","sticky":false,"template":"","format":"standard","meta":{"_monsterinsights_skip_tracking":false,"_monsterinsights_sitenote_active":false,"_monsterinsights_sitenote_note":"","_monsterinsights_sitenote_category":0,"footnotes":""},"categories":[5842],"tags":[],"class_list":["post-30881978","post","type-post","status-publish","format-standard","has-post-thumbnail","hentry","category-comunidad"],"_links":{"self":[{"href":"https:\/\/www.upo.es\/diario\/wp-json\/wp\/v2\/posts\/30881978","targetHints":{"allow":["GET"]}}],"collection":[{"href":"https:\/\/www.upo.es\/diario\/wp-json\/wp\/v2\/posts"}],"about":[{"href":"https:\/\/www.upo.es\/diario\/wp-json\/wp\/v2\/types\/post"}],"author":[{"embeddable":true,"href":"https:\/\/www.upo.es\/diario\/wp-json\/wp\/v2\/users\/6"}],"replies":[{"embeddable":true,"href":"https:\/\/www.upo.es\/diario\/wp-json\/wp\/v2\/comments?post=30881978"}],"version-history":[{"count":11,"href":"https:\/\/www.upo.es\/diario\/wp-json\/wp\/v2\/posts\/30881978\/revisions"}],"predecessor-version":[{"id":30882022,"href":"https:\/\/www.upo.es\/diario\/wp-json\/wp\/v2\/posts\/30881978\/revisions\/30882022"}],"wp:featuredmedia":[{"embeddable":true,"href":"https:\/\/www.upo.es\/diario\/wp-json\/wp\/v2\/media\/30881980"}],"wp:attachment":[{"href":"https:\/\/www.upo.es\/diario\/wp-json\/wp\/v2\/media?parent=30881978"}],"wp:term":[{"taxonomy":"category","embeddable":true,"href":"https:\/\/www.upo.es\/diario\/wp-json\/wp\/v2\/categories?post=30881978"},{"taxonomy":"post_tag","embeddable":true,"href":"https:\/\/www.upo.es\/diario\/wp-json\/wp\/v2\/tags?post=30881978"}],"curies":[{"name":"wp","href":"https:\/\/api.w.org\/{rel}","templated":true}]}}