{"id":30882023,"date":"2024-04-29T09:39:43","date_gmt":"2024-04-29T07:39:43","guid":{"rendered":"https:\/\/www.upo.es\/diario\/?p=30882023"},"modified":"2024-04-30T09:57:09","modified_gmt":"2024-04-30T07:57:09","slug":"ceremonia-de-fin-de-grado-del-estudiantado-de-relaciones-laborales-y-recursos-humanos-y-del-doble-grado-con-derecho-2","status":"publish","type":"post","link":"https:\/\/www.upo.es\/diario\/comunidad\/2024\/04\/ceremonia-de-fin-de-grado-del-estudiantado-de-relaciones-laborales-y-recursos-humanos-y-del-doble-grado-con-derecho-2\/","title":{"rendered":"Ceremonia de Fin de Grado del estudiantado de Relaciones Laborales y Recursos Humanos y del Doble Grado con Derecho"},"content":{"rendered":"<figure id=\"attachment_30882025\" aria-describedby=\"caption-attachment-30882025\" style=\"width: 2048px\" class=\"wp-caption aligncenter\"><a href=\"https:\/\/www.upo.es\/diario\/wp-content\/uploads\/2024\/04\/37.jpg\"><img loading=\"lazy\" decoding=\"async\" class=\"size-full wp-image-30882025\" src=\"https:\/\/www.upo.es\/diario\/wp-content\/uploads\/2024\/04\/37.jpg\" alt=\"\" width=\"2048\" height=\"1153\" srcset=\"https:\/\/www.upo.es\/diario\/wp-content\/uploads\/2024\/04\/37.jpg 2048w, https:\/\/www.upo.es\/diario\/wp-content\/uploads\/2024\/04\/37-420x236.jpg 420w, https:\/\/www.upo.es\/diario\/wp-content\/uploads\/2024\/04\/37-750x422.jpg 750w, https:\/\/www.upo.es\/diario\/wp-content\/uploads\/2024\/04\/37-768x432.jpg 768w, https:\/\/www.upo.es\/diario\/wp-content\/uploads\/2024\/04\/37-1536x865.jpg 1536w, https:\/\/www.upo.es\/diario\/wp-content\/uploads\/2024\/04\/37-1320x743.jpg 1320w\" sizes=\"auto, (max-width: 2048px) 100vw, 2048px\" \/><\/a><figcaption id=\"caption-attachment-30882025\" class=\"wp-caption-text\">Promoci\u00f3n 2019\/24 Doble Grado en Derecho y Criminolog\u00eda<\/figcaption><\/figure>\n<p>La ceremonia de fin de grado de la <strong>promoci\u00f3n 2020\/2024 de Relaciones Laborales y Recursos Humanos y de la promoci\u00f3n 2019\/2024 del Doble Grado en Derecho y Relaciones Laborales y Recursos Humanos<\/strong> se celebr\u00f3 el pasado viernes en el Paraninfo de la Universidad Pablo de Olavide. El acto fue presidido por el decano de la Facultad de Derecho, C\u00e9sar Hornero M\u00e9ndez.<\/p>\n<p><strong>El padrino de las promociones ha sido Jos\u00e9 Manuel G\u00f3mez Mu\u00f1oz, presidente del Consejo Andaluz de Relaciones Laborales de la Junta de Andaluc\u00eda<\/strong>. A la ceremonia tambi\u00e9n han asistido Juan Manuel Moreno D\u00edaz, vicedecano de Pr\u00e1cticas y Empleabilidad de la Facultad de Derecho; Rosa P\u00e9rez Anaya, responsable de Calidad del Grado en Relaciones Laborales y Recursos Humanos, y Manuel Garc\u00eda Mu\u00f1oz, coordinador del M\u00e1ster en Consultor\u00eda y Auditor\u00eda Laboral de la UPO.<\/p>\n<p>En representaci\u00f3n del alumnado egresado, pronunciaron los discursos Juan Miguel Molina Delgado y Manuel Serrano Fern\u00e1ndez del Grado en Relaciones Laborales y Recursos Humanos, y Mar\u00eda Garc\u00eda Mej\u00edas del Doble Grado en Derecho y Relaciones Laborales y Recursos Humanos. Un total de 65 egresados y egresadas asistieron, junto a sus familiares, a este acto con el que la Universidad Pablo de Olavide recupera una antigua tradici\u00f3n de las universidades europeas.<\/p>\n<figure id=\"attachment_30882026\" aria-describedby=\"caption-attachment-30882026\" style=\"width: 2048px\" class=\"wp-caption aligncenter\"><a href=\"https:\/\/www.upo.es\/diario\/wp-content\/uploads\/2024\/04\/41.jpg\"><img loading=\"lazy\" decoding=\"async\" class=\"size-full wp-image-30882026\" src=\"https:\/\/www.upo.es\/diario\/wp-content\/uploads\/2024\/04\/41.jpg\" alt=\"\" width=\"2048\" height=\"1153\" srcset=\"https:\/\/www.upo.es\/diario\/wp-content\/uploads\/2024\/04\/41.jpg 2048w, https:\/\/www.upo.es\/diario\/wp-content\/uploads\/2024\/04\/41-420x236.jpg 420w, https:\/\/www.upo.es\/diario\/wp-content\/uploads\/2024\/04\/41-750x422.jpg 750w, https:\/\/www.upo.es\/diario\/wp-content\/uploads\/2024\/04\/41-768x432.jpg 768w, https:\/\/www.upo.es\/diario\/wp-content\/uploads\/2024\/04\/41-1536x865.jpg 1536w, https:\/\/www.upo.es\/diario\/wp-content\/uploads\/2024\/04\/41-1320x743.jpg 1320w\" sizes=\"auto, (max-width: 2048px) 100vw, 2048px\" \/><\/a><figcaption id=\"caption-attachment-30882026\" class=\"wp-caption-text\">Promoci\u00f3n 2020\/24 del Grado en Relaciones Laborales y Recursos Humanos<\/figcaption><\/figure>\n","protected":false},"excerpt":{"rendered":"<p>La ceremonia de fin de grado de la promoci\u00f3n 2020\/2024 de Relaciones Laborales y Recursos Humanos y de la promoci\u00f3n 2019\/2024 del Doble Grado en Derecho y Relaciones Laborales y Recursos Humanos se celebr\u00f3 en el Paraninfo de la Universidad Pablo de Olavide. El acto fue presidido por el decano de la Facultad de Derecho, C\u00e9sar Hornero M\u00e9ndez.<\/p>\n","protected":false},"author":4,"featured_media":30882025,"comment_status":"closed","ping_status":"open","sticky":false,"template":"","format":"standard","meta":{"_monsterinsights_skip_tracking":false,"_monsterinsights_sitenote_active":false,"_monsterinsights_sitenote_note":"","_monsterinsights_sitenote_category":0,"footnotes":""},"categories":[5842],"tags":[581,5073,81,1390],"class_list":["post-30882023","post","type-post","status-publish","format-standard","has-post-thumbnail","hentry","category-comunidad","tag-ceremonia-de-egresados","tag-doble-grado-en-derecho-y-relaciones-laborales-y-recursos-humanos","tag-facultad-de-derecho","tag-grado-en-relaciones-laborales-y-recursos-humanos"],"_links":{"self":[{"href":"https:\/\/www.upo.es\/diario\/wp-json\/wp\/v2\/posts\/30882023","targetHints":{"allow":["GET"]}}],"collection":[{"href":"https:\/\/www.upo.es\/diario\/wp-json\/wp\/v2\/posts"}],"about":[{"href":"https:\/\/www.upo.es\/diario\/wp-json\/wp\/v2\/types\/post"}],"author":[{"embeddable":true,"href":"https:\/\/www.upo.es\/diario\/wp-json\/wp\/v2\/users\/4"}],"replies":[{"embeddable":true,"href":"https:\/\/www.upo.es\/diario\/wp-json\/wp\/v2\/comments?post=30882023"}],"version-history":[{"count":2,"href":"https:\/\/www.upo.es\/diario\/wp-json\/wp\/v2\/posts\/30882023\/revisions"}],"predecessor-version":[{"id":30882028,"href":"https:\/\/www.upo.es\/diario\/wp-json\/wp\/v2\/posts\/30882023\/revisions\/30882028"}],"wp:featuredmedia":[{"embeddable":true,"href":"https:\/\/www.upo.es\/diario\/wp-json\/wp\/v2\/media\/30882025"}],"wp:attachment":[{"href":"https:\/\/www.upo.es\/diario\/wp-json\/wp\/v2\/media?parent=30882023"}],"wp:term":[{"taxonomy":"category","embeddable":true,"href":"https:\/\/www.upo.es\/diario\/wp-json\/wp\/v2\/categories?post=30882023"},{"taxonomy":"post_tag","embeddable":true,"href":"https:\/\/www.upo.es\/diario\/wp-json\/wp\/v2\/tags?post=30882023"}],"curies":[{"name":"wp","href":"https:\/\/api.w.org\/{rel}","templated":true}]}}