{"id":30882039,"date":"2024-05-02T10:55:28","date_gmt":"2024-05-02T08:55:28","guid":{"rendered":"https:\/\/www.upo.es\/diario\/?p=30882039"},"modified":"2024-05-02T15:08:40","modified_gmt":"2024-05-02T13:08:40","slug":"cybercrime-sevilla-una-cita-para-conocer-como-defendernos-de-la-ciberdelincuencia","status":"publish","type":"post","link":"https:\/\/www.upo.es\/diario\/docencia-formacion\/2024\/05\/cybercrime-sevilla-una-cita-para-conocer-como-defendernos-de-la-ciberdelincuencia\/","title":{"rendered":"CyberCrime Sevilla, una cita para conocer c\u00f3mo defendernos de la ciberdelincuencia"},"content":{"rendered":"<p><a href=\"https:\/\/www.upo.es\/diario\/wp-content\/uploads\/2024\/04\/cong-cibercrime_20240502-scaled.jpg\"><img loading=\"lazy\" decoding=\"async\" class=\"aligncenter size-large wp-image-30882055\" src=\"https:\/\/www.upo.es\/diario\/wp-content\/uploads\/2024\/04\/cong-cibercrime_20240502-750x477.jpg\" alt=\"\" width=\"750\" height=\"477\" srcset=\"https:\/\/www.upo.es\/diario\/wp-content\/uploads\/2024\/04\/cong-cibercrime_20240502-750x477.jpg 750w, https:\/\/www.upo.es\/diario\/wp-content\/uploads\/2024\/04\/cong-cibercrime_20240502-420x267.jpg 420w, https:\/\/www.upo.es\/diario\/wp-content\/uploads\/2024\/04\/cong-cibercrime_20240502-768x489.jpg 768w, https:\/\/www.upo.es\/diario\/wp-content\/uploads\/2024\/04\/cong-cibercrime_20240502-1536x977.jpg 1536w, https:\/\/www.upo.es\/diario\/wp-content\/uploads\/2024\/04\/cong-cibercrime_20240502-2048x1303.jpg 2048w, https:\/\/www.upo.es\/diario\/wp-content\/uploads\/2024\/04\/cong-cibercrime_20240502-1320x840.jpg 1320w\" sizes=\"auto, (max-width: 750px) 100vw, 750px\" \/><\/a><a href=\"https:\/\/congresociberdelincuencia.com\/\">CyberCrime Sevilla 2024<\/a>, que se desarrolla en el Teatro Cajasol hasta este viernes , <strong>aborda los desaf\u00edos actuales de la ciberdelincuencia desde una triple vertiente: acad\u00e9mica, jur\u00eddico-pr\u00e1ctica y tecnol\u00f3gica<\/strong>. Un enfoque integral que permitir\u00e1 ofrecer una visi\u00f3n completa de las din\u00e1micas actuales en materia de ciberdelincuencia, enfatizando la importancia de la colaboraci\u00f3n entre el \u00e1mbito acad\u00e9mico, los profesionales del derecho y los expertos en tecnolog\u00eda. Con m\u00e1s de cien personas inscritas, el Congreso permitir\u00e1 escuchar de primera mano los \u00faltimos avances y desaf\u00edos en la lucha contra la ciberdelincuencia, as\u00ed como las estrategias de cooperaci\u00f3n entre diversos sectores.<\/p>\n<p>Organizado en colaboraci\u00f3n del Ayuntamiento de Sevilla y la Fundaci\u00f3n Cajasol, CyberCrime Sevilla 2024 ha sido inaugurado en un acto presidido por <strong>Felix Bola\u00f1os<\/strong>, Ministro de la Presidencia, Justicia y Relaciones con las Cortes, y que ha contado con las intervenciones del Presidente de la Fundaci\u00f3n Cajasol, <strong>Antonio Pulido<\/strong>;\u00a0el decano del Colegio de Abogados de Sevilla <strong>\u00d3scar Fern\u00e1ndez Le\u00f3n<\/strong>;\u00a0la directora del Departamento de Derecho P\u00fablico de la UPO y miembro del comit\u00e9 de organizaci\u00f3n del Congreso, <strong>Viviana Caruso<\/strong>; la presidenta del Consejo General de la Abogac\u00eda Espa\u00f1ola<strong> Victoria Ortega<\/strong>; el rector de la Universidad Pablo de Olavide <strong>Francisco Oliva Bl\u00e1zquez<\/strong>; y el consejero de la Presidencia e Interior de la Junta de Andaluc\u00eda,<strong> Antonio Sanz Cabello<\/strong>.<\/p>\n<p>M\u00e1s informaci\u00f3n y programa completo del Congreso en <a href=\"https:\/\/congresociberdelincuencia.com\/\">congresociberdelincuencia.com<\/a><\/p>\n<p><a href=\"https:\/\/congresociberdelincuencia.com\/\"><img loading=\"lazy\" decoding=\"async\" class=\"aligncenter size-large wp-image-30882042\" src=\"https:\/\/www.upo.es\/diario\/wp-content\/uploads\/2024\/04\/Captura-de-pantalla-2024-02-28-a-las-10.32.01-1024x505-1-750x370.png\" alt=\"CyberCrime Sevilla 2024 I CONGRESO INTERNACIONAL SOBRE CIBERDELINCUENCIA 2 y 3 de Mayo 2024\" width=\"750\" height=\"370\" srcset=\"https:\/\/www.upo.es\/diario\/wp-content\/uploads\/2024\/04\/Captura-de-pantalla-2024-02-28-a-las-10.32.01-1024x505-1-750x370.png 750w, https:\/\/www.upo.es\/diario\/wp-content\/uploads\/2024\/04\/Captura-de-pantalla-2024-02-28-a-las-10.32.01-1024x505-1-420x207.png 420w, https:\/\/www.upo.es\/diario\/wp-content\/uploads\/2024\/04\/Captura-de-pantalla-2024-02-28-a-las-10.32.01-1024x505-1-768x379.png 768w, https:\/\/www.upo.es\/diario\/wp-content\/uploads\/2024\/04\/Captura-de-pantalla-2024-02-28-a-las-10.32.01-1024x505-1.png 1024w\" sizes=\"auto, (max-width: 750px) 100vw, 750px\" \/><\/a><\/p>\n","protected":false},"excerpt":{"rendered":"<p>CyberCrime Sevilla 2024, que se desarrollar\u00e1 en el Teatro Cajasol, abordar\u00e1 los desaf\u00edos actuales de la ciberdelincuencia desde una triple vertiente: acad\u00e9mica, jur\u00eddico-pr\u00e1ctica y tecnol\u00f3gica. Un enfoque integral que permitir\u00e1 ofrecer una visi\u00f3n completa de las din\u00e1micas actuales en materia de ciberdelincuencia, enfatizando la importancia de la colaboraci\u00f3n entre el \u00e1mbito acad\u00e9mico, los profesionales del derecho y los expertos en tecnolog\u00eda.<\/p>\n","protected":false},"author":6,"featured_media":30882055,"comment_status":"closed","ping_status":"open","sticky":false,"template":"","format":"standard","meta":{"_monsterinsights_skip_tracking":false,"_monsterinsights_sitenote_active":false,"_monsterinsights_sitenote_note":"","_monsterinsights_sitenote_category":0,"footnotes":""},"categories":[2779],"tags":[1240,621,5164,2696,354,2078],"class_list":["post-30882039","post","type-post","status-publish","format-standard","has-post-thumbnail","hentry","category-docencia-formacion","tag-area-de-derecho-penal","tag-ayuntamiento-de-sevilla","tag-ciberdelincuencia","tag-colegio-de-abogados-de-sevilla","tag-congreso","tag-fundacion-cajasol"],"_links":{"self":[{"href":"https:\/\/www.upo.es\/diario\/wp-json\/wp\/v2\/posts\/30882039","targetHints":{"allow":["GET"]}}],"collection":[{"href":"https:\/\/www.upo.es\/diario\/wp-json\/wp\/v2\/posts"}],"about":[{"href":"https:\/\/www.upo.es\/diario\/wp-json\/wp\/v2\/types\/post"}],"author":[{"embeddable":true,"href":"https:\/\/www.upo.es\/diario\/wp-json\/wp\/v2\/users\/6"}],"replies":[{"embeddable":true,"href":"https:\/\/www.upo.es\/diario\/wp-json\/wp\/v2\/comments?post=30882039"}],"version-history":[{"count":5,"href":"https:\/\/www.upo.es\/diario\/wp-json\/wp\/v2\/posts\/30882039\/revisions"}],"predecessor-version":[{"id":30882058,"href":"https:\/\/www.upo.es\/diario\/wp-json\/wp\/v2\/posts\/30882039\/revisions\/30882058"}],"wp:featuredmedia":[{"embeddable":true,"href":"https:\/\/www.upo.es\/diario\/wp-json\/wp\/v2\/media\/30882055"}],"wp:attachment":[{"href":"https:\/\/www.upo.es\/diario\/wp-json\/wp\/v2\/media?parent=30882039"}],"wp:term":[{"taxonomy":"category","embeddable":true,"href":"https:\/\/www.upo.es\/diario\/wp-json\/wp\/v2\/categories?post=30882039"},{"taxonomy":"post_tag","embeddable":true,"href":"https:\/\/www.upo.es\/diario\/wp-json\/wp\/v2\/tags?post=30882039"}],"curies":[{"name":"wp","href":"https:\/\/api.w.org\/{rel}","templated":true}]}}