{"id":30882071,"date":"2024-05-03T10:43:31","date_gmt":"2024-05-03T08:43:31","guid":{"rendered":"https:\/\/www.upo.es\/diario\/?p=30882071"},"modified":"2024-05-03T10:53:03","modified_gmt":"2024-05-03T08:53:03","slug":"el-alumnado-egresado-del-grado-en-criminologia-y-del-doble-grado-con-derecho-celebra-su-ceremonia-de-graduacion","status":"publish","type":"post","link":"https:\/\/www.upo.es\/diario\/comunidad\/2024\/05\/el-alumnado-egresado-del-grado-en-criminologia-y-del-doble-grado-con-derecho-celebra-su-ceremonia-de-graduacion\/","title":{"rendered":"El alumnado egresado del Grado en Criminolog\u00eda y del Doble Grado con Derecho celebra su ceremonia de graduaci\u00f3n"},"content":{"rendered":"<figure id=\"attachment_30882073\" aria-describedby=\"caption-attachment-30882073\" style=\"width: 750px\" class=\"wp-caption aligncenter\"><a href=\"https:\/\/www.upo.es\/diario\/wp-content\/uploads\/2024\/05\/240502UPO_331.jpg\"><img loading=\"lazy\" decoding=\"async\" class=\"size-large wp-image-30882073\" src=\"https:\/\/www.upo.es\/diario\/wp-content\/uploads\/2024\/05\/240502UPO_331-750x501.jpg\" alt=\"\" width=\"750\" height=\"501\" srcset=\"https:\/\/www.upo.es\/diario\/wp-content\/uploads\/2024\/05\/240502UPO_331-750x501.jpg 750w, https:\/\/www.upo.es\/diario\/wp-content\/uploads\/2024\/05\/240502UPO_331-420x280.jpg 420w, https:\/\/www.upo.es\/diario\/wp-content\/uploads\/2024\/05\/240502UPO_331-768x513.jpg 768w, https:\/\/www.upo.es\/diario\/wp-content\/uploads\/2024\/05\/240502UPO_331-1536x1025.jpg 1536w, https:\/\/www.upo.es\/diario\/wp-content\/uploads\/2024\/05\/240502UPO_331-165x109.jpg 165w, https:\/\/www.upo.es\/diario\/wp-content\/uploads\/2024\/05\/240502UPO_331-1320x881.jpg 1320w, https:\/\/www.upo.es\/diario\/wp-content\/uploads\/2024\/05\/240502UPO_331.jpg 1600w\" sizes=\"auto, (max-width: 750px) 100vw, 750px\" \/><\/a><figcaption id=\"caption-attachment-30882073\" class=\"wp-caption-text\">Promoci\u00f3n 2020\/2024 del Grado en Criminolog\u00eda. Foto \u00c9xito<\/figcaption><\/figure>\n<p>La ceremonia de graduaci\u00f3n de la <strong>promoci\u00f3n 2020\/24 del Grado en Criminolog\u00eda y de la promoci\u00f3n 2019\/2024 del Doble Grado en Derecho y Criminolog\u00eda<\/strong> se celebr\u00f3 ayer jueves en el Paraninfo de la Universidad Pablo de Olavide. El acto fue presidido por el decano de la Facultad de Derecho, C\u00e9sar Hornero M\u00e9ndez.<\/p>\n<figure id=\"attachment_30882072\" aria-describedby=\"caption-attachment-30882072\" style=\"width: 420px\" class=\"wp-caption alignright\"><a href=\"https:\/\/www.upo.es\/diario\/wp-content\/uploads\/2024\/05\/240502UPO_126.jpg\"><img loading=\"lazy\" decoding=\"async\" class=\"size-medium wp-image-30882072\" src=\"https:\/\/www.upo.es\/diario\/wp-content\/uploads\/2024\/05\/240502UPO_126-420x280.jpg\" alt=\"\" width=\"420\" height=\"280\" srcset=\"https:\/\/www.upo.es\/diario\/wp-content\/uploads\/2024\/05\/240502UPO_126-420x280.jpg 420w, https:\/\/www.upo.es\/diario\/wp-content\/uploads\/2024\/05\/240502UPO_126-750x501.jpg 750w, https:\/\/www.upo.es\/diario\/wp-content\/uploads\/2024\/05\/240502UPO_126-768x513.jpg 768w, https:\/\/www.upo.es\/diario\/wp-content\/uploads\/2024\/05\/240502UPO_126-1536x1025.jpg 1536w, https:\/\/www.upo.es\/diario\/wp-content\/uploads\/2024\/05\/240502UPO_126-165x109.jpg 165w, https:\/\/www.upo.es\/diario\/wp-content\/uploads\/2024\/05\/240502UPO_126-1320x881.jpg 1320w, https:\/\/www.upo.es\/diario\/wp-content\/uploads\/2024\/05\/240502UPO_126.jpg 1600w\" sizes=\"auto, (max-width: 420px) 100vw, 420px\" \/><\/a><figcaption id=\"caption-attachment-30882072\" class=\"wp-caption-text\">Francisco Javier Vidal, jefe de la comisaria local de Dos Hermanas y padrino de las promociones. Foto \u00c9xito<\/figcaption><\/figure>\n<p><strong>El padrino de la promoci\u00f3n ha sido <\/strong><strong>Francisco Javier Vidal y Delgado-Roig, jefe de la comisar\u00eda local de Dos Hermanas<\/strong>. A la ceremonia tambi\u00e9n han asistido Guillermo Repetto Khun, director del Departamento de Biolog\u00eda Molecular de la UPO; Sara Maisanaba Hern\u00e1ndez, directora acad\u00e9mica del Grado en Criminolog\u00eda, y Ignacio Flores Prada, responsable del \u00c1rea de Derecho Procesal de la Olavide.<\/p>\n<p>En representaci\u00f3n del alumnado egresado, pronunciaron los discursos Carolina Cano Mu\u00f1oz y Eduardo Carballido G\u00f3mez del Grado en Criminolog\u00eda y Alejandro Orozco Mart\u00edn y Juan Esteban Robles Herreros del Doble Grado en Derecho y Criminolog\u00eda. Un total de 94 egresados y egresadas asistieron, junto a sus familiares, a este acto con el que la Universidad Pablo de Olavide recupera una antigua tradici\u00f3n de las universidades europeas.<\/p>\n<figure id=\"attachment_30882074\" aria-describedby=\"caption-attachment-30882074\" style=\"width: 750px\" class=\"wp-caption aligncenter\"><a href=\"https:\/\/www.upo.es\/diario\/wp-content\/uploads\/2024\/05\/240502UPO_341.jpg\"><img loading=\"lazy\" decoding=\"async\" class=\"size-large wp-image-30882074\" src=\"https:\/\/www.upo.es\/diario\/wp-content\/uploads\/2024\/05\/240502UPO_341-750x501.jpg\" alt=\"\" width=\"750\" height=\"501\" srcset=\"https:\/\/www.upo.es\/diario\/wp-content\/uploads\/2024\/05\/240502UPO_341-750x501.jpg 750w, https:\/\/www.upo.es\/diario\/wp-content\/uploads\/2024\/05\/240502UPO_341-420x280.jpg 420w, https:\/\/www.upo.es\/diario\/wp-content\/uploads\/2024\/05\/240502UPO_341-768x513.jpg 768w, https:\/\/www.upo.es\/diario\/wp-content\/uploads\/2024\/05\/240502UPO_341-1536x1025.jpg 1536w, https:\/\/www.upo.es\/diario\/wp-content\/uploads\/2024\/05\/240502UPO_341-165x109.jpg 165w, https:\/\/www.upo.es\/diario\/wp-content\/uploads\/2024\/05\/240502UPO_341-1320x881.jpg 1320w, https:\/\/www.upo.es\/diario\/wp-content\/uploads\/2024\/05\/240502UPO_341.jpg 1600w\" sizes=\"auto, (max-width: 750px) 100vw, 750px\" \/><\/a><figcaption id=\"caption-attachment-30882074\" class=\"wp-caption-text\">Promoci\u00f3n 2019\/2024 del Doble Grado en Derecho y Criminolog\u00eda. Foto \u00c9xito<\/figcaption><\/figure>\n","protected":false},"excerpt":{"rendered":"<p>La ceremonia de graduaci\u00f3n de la promoci\u00f3n 2020\/24 del Grado en Criminolog\u00eda y de la promoci\u00f3n 2019\/2024 del Doble Grado en Derecho y Criminolog\u00eda se celebr\u00f3 en el Paraninfo de la Universidad Pablo de Olavide. El acto fue presidido por el decano de la Facultad de Derecho, C\u00e9sar Hornero M\u00e9ndez. Un total de 94 egresados y egresadas asistieron, junto a sus familiares, a este acto con el que la UPO recupera una antigua tradici\u00f3n de las universidades europeas.<\/p>\n","protected":false},"author":4,"featured_media":30882073,"comment_status":"closed","ping_status":"open","sticky":false,"template":"","format":"standard","meta":{"_monsterinsights_skip_tracking":false,"_monsterinsights_sitenote_active":false,"_monsterinsights_sitenote_note":"","_monsterinsights_sitenote_category":0,"footnotes":""},"categories":[5842],"tags":[581,3440,81,2374],"class_list":["post-30882071","post","type-post","status-publish","format-standard","has-post-thumbnail","hentry","category-comunidad","tag-ceremonia-de-egresados","tag-doble-grado-en-derecho-y-criminologia","tag-facultad-de-derecho","tag-grado-en-criminologia"],"_links":{"self":[{"href":"https:\/\/www.upo.es\/diario\/wp-json\/wp\/v2\/posts\/30882071","targetHints":{"allow":["GET"]}}],"collection":[{"href":"https:\/\/www.upo.es\/diario\/wp-json\/wp\/v2\/posts"}],"about":[{"href":"https:\/\/www.upo.es\/diario\/wp-json\/wp\/v2\/types\/post"}],"author":[{"embeddable":true,"href":"https:\/\/www.upo.es\/diario\/wp-json\/wp\/v2\/users\/4"}],"replies":[{"embeddable":true,"href":"https:\/\/www.upo.es\/diario\/wp-json\/wp\/v2\/comments?post=30882071"}],"version-history":[{"count":2,"href":"https:\/\/www.upo.es\/diario\/wp-json\/wp\/v2\/posts\/30882071\/revisions"}],"predecessor-version":[{"id":30882076,"href":"https:\/\/www.upo.es\/diario\/wp-json\/wp\/v2\/posts\/30882071\/revisions\/30882076"}],"wp:featuredmedia":[{"embeddable":true,"href":"https:\/\/www.upo.es\/diario\/wp-json\/wp\/v2\/media\/30882073"}],"wp:attachment":[{"href":"https:\/\/www.upo.es\/diario\/wp-json\/wp\/v2\/media?parent=30882071"}],"wp:term":[{"taxonomy":"category","embeddable":true,"href":"https:\/\/www.upo.es\/diario\/wp-json\/wp\/v2\/categories?post=30882071"},{"taxonomy":"post_tag","embeddable":true,"href":"https:\/\/www.upo.es\/diario\/wp-json\/wp\/v2\/tags?post=30882071"}],"curies":[{"name":"wp","href":"https:\/\/api.w.org\/{rel}","templated":true}]}}