{"id":30882077,"date":"2024-05-03T14:58:48","date_gmt":"2024-05-03T12:58:48","guid":{"rendered":"https:\/\/www.upo.es\/diario\/?p=30882077"},"modified":"2024-05-03T16:59:04","modified_gmt":"2024-05-03T14:59:04","slug":"reunion-de-trabajo-de-crue-asuntos-estudiantiles-en-la-universidad-pablo-de-olavide","status":"publish","type":"post","link":"https:\/\/www.upo.es\/diario\/institucional\/2024\/05\/reunion-de-trabajo-de-crue-asuntos-estudiantiles-en-la-universidad-pablo-de-olavide\/","title":{"rendered":"Reuni\u00f3n de trabajo de Crue-Asuntos Estudiantiles en la Universidad Pablo de Olavide"},"content":{"rendered":"<figure id=\"attachment_30882079\" aria-describedby=\"caption-attachment-30882079\" style=\"width: 750px\" class=\"wp-caption aligncenter\"><a href=\"https:\/\/www.upo.es\/diario\/wp-content\/uploads\/2024\/05\/CRUE-Participacion-EST_20240503-7426-scaled.jpg\"><img loading=\"lazy\" decoding=\"async\" class=\"size-large wp-image-30882079\" src=\"https:\/\/www.upo.es\/diario\/wp-content\/uploads\/2024\/05\/CRUE-Participacion-EST_20240503-7426-750x422.jpg\" alt=\"Mar\u00eda Antonia Pe\u00f1a en la sesi\u00f3n del grupo de trabajo, en la que ha intervenido tambi\u00e9n Francisco Oliva\" width=\"750\" height=\"422\" srcset=\"https:\/\/www.upo.es\/diario\/wp-content\/uploads\/2024\/05\/CRUE-Participacion-EST_20240503-7426-750x422.jpg 750w, https:\/\/www.upo.es\/diario\/wp-content\/uploads\/2024\/05\/CRUE-Participacion-EST_20240503-7426-420x236.jpg 420w, https:\/\/www.upo.es\/diario\/wp-content\/uploads\/2024\/05\/CRUE-Participacion-EST_20240503-7426-768x432.jpg 768w, https:\/\/www.upo.es\/diario\/wp-content\/uploads\/2024\/05\/CRUE-Participacion-EST_20240503-7426-1536x864.jpg 1536w, https:\/\/www.upo.es\/diario\/wp-content\/uploads\/2024\/05\/CRUE-Participacion-EST_20240503-7426-2048x1152.jpg 2048w, https:\/\/www.upo.es\/diario\/wp-content\/uploads\/2024\/05\/CRUE-Participacion-EST_20240503-7426-1320x743.jpg 1320w\" sizes=\"auto, (max-width: 750px) 100vw, 750px\" \/><\/a><figcaption id=\"caption-attachment-30882079\" class=\"wp-caption-text\">En el centro de la imagen, M\u00aa Antonia Pe\u00f1a junto a Francisco Oliva, que ha saludado a los representantes del grupo de trabajo<\/figcaption><\/figure>\n<p>La rectora de la Universidad de Huelva,<strong> Mar\u00eda Antonia Pe\u00f1a<\/strong>, que preside la <a href=\"https:\/\/www.crue.org\/comision-sectorial\/asuntos-estudiantiles\/\">sectorial de Crue-Asuntos Estudiantiles<\/a>, ha presidido esta ma\u00f1ana, en el campus de la Universidad Pablo de Olavide, una sesi\u00f3n de trabajo centrada en participaci\u00f3n estudiantil. Adem\u00e1s de representantes de la UPO y la UHU, han asistido a la reuni\u00f3n representantes acad\u00e9micos, t\u00e9cnicos y de los propios estudiantes de las universidades de Sevilla, Almer\u00eda, Zaragoza y la Polit\u00e9cnica de Cartagena. Por parte de la Universidad Pablo de Olavide ha asistido la vicerrectora de Estudiantes, Mari\u00e1n Mor\u00f3n, y la directora general de Estudiantes, Acceso y Vida Acad\u00e9mica, Pilar Moreno.<\/p>\n<p>Representantes de las universidades participantes <strong>han compartido iniciativas y experiencias desarrolladas con el fin de favorecer una mayor presencia del estudiantado en la vida universitaria<\/strong>, tanto en la gobernanza a trav\u00e9s de los \u00f3rganos internos de representaci\u00f3n, como en las distintas iniciativas sociales que se impulsan desde los campus con su principal y mayor colectivo, el estudiantado universitario, como protagonista. En este sentido, destaca la aportaci\u00f3n de la profesora Yolanda Pelayo (UHU), coordinadora del <a href=\"http:\/\/stupsproject.org\/\">proyecto europeo STUPS<\/a> ( <em>Student Participation without Borders<\/em>) .<\/p>\n<p>El encuentro ha servido tambi\u00e9n para preparar unas Jornadas de CRUE &#8211; Asuntos Estudiantiles sobre participaci\u00f3n en la Universidad de C\u00f3rdoba as\u00ed como el I Congreso de la Red Internacional de Participaci\u00f3n Estudiantil, impulsado por esta Universidad junto a la Pablo de Olavide.<\/p>\n","protected":false},"excerpt":{"rendered":"<p>Mar\u00eda Antonia Pe\u00f1a preside una sesi\u00f3n del grupo de trabajo &#8216;Movilidad y Organizaci\u00f3n y Participaci\u00f3n Estudiantil&#8217;.<\/p>\n","protected":false},"author":6,"featured_media":30882079,"comment_status":"closed","ping_status":"open","sticky":false,"template":"","format":"standard","meta":{"_monsterinsights_skip_tracking":false,"_monsterinsights_sitenote_active":false,"_monsterinsights_sitenote_note":"","_monsterinsights_sitenote_category":0,"footnotes":""},"categories":[6],"tags":[4124,21,7790,2611,2171,2114],"class_list":["post-30882077","post","type-post","status-publish","format-standard","has-post-thumbnail","hentry","category-institucional","tag-crue-universidades-espanolas","tag-estudiantes","tag-marian-moron","tag-participacion","tag-universidad-de-huelva","tag-vicerrectorado-de-estudiantes"],"_links":{"self":[{"href":"https:\/\/www.upo.es\/diario\/wp-json\/wp\/v2\/posts\/30882077","targetHints":{"allow":["GET"]}}],"collection":[{"href":"https:\/\/www.upo.es\/diario\/wp-json\/wp\/v2\/posts"}],"about":[{"href":"https:\/\/www.upo.es\/diario\/wp-json\/wp\/v2\/types\/post"}],"author":[{"embeddable":true,"href":"https:\/\/www.upo.es\/diario\/wp-json\/wp\/v2\/users\/6"}],"replies":[{"embeddable":true,"href":"https:\/\/www.upo.es\/diario\/wp-json\/wp\/v2\/comments?post=30882077"}],"version-history":[{"count":7,"href":"https:\/\/www.upo.es\/diario\/wp-json\/wp\/v2\/posts\/30882077\/revisions"}],"predecessor-version":[{"id":30882085,"href":"https:\/\/www.upo.es\/diario\/wp-json\/wp\/v2\/posts\/30882077\/revisions\/30882085"}],"wp:featuredmedia":[{"embeddable":true,"href":"https:\/\/www.upo.es\/diario\/wp-json\/wp\/v2\/media\/30882079"}],"wp:attachment":[{"href":"https:\/\/www.upo.es\/diario\/wp-json\/wp\/v2\/media?parent=30882077"}],"wp:term":[{"taxonomy":"category","embeddable":true,"href":"https:\/\/www.upo.es\/diario\/wp-json\/wp\/v2\/categories?post=30882077"},{"taxonomy":"post_tag","embeddable":true,"href":"https:\/\/www.upo.es\/diario\/wp-json\/wp\/v2\/tags?post=30882077"}],"curies":[{"name":"wp","href":"https:\/\/api.w.org\/{rel}","templated":true}]}}