{"id":30882091,"date":"2024-05-06T12:24:40","date_gmt":"2024-05-06T10:24:40","guid":{"rendered":"https:\/\/www.upo.es\/diario\/?p=30882091"},"modified":"2024-05-06T12:24:40","modified_gmt":"2024-05-06T10:24:40","slug":"la-primera-promocion-del-doble-grado-en-relaciones-internacionales-y-ciencias-politicas-celebra-su-ceremonia-de-graduacion","status":"publish","type":"post","link":"https:\/\/www.upo.es\/diario\/comunidad\/2024\/05\/la-primera-promocion-del-doble-grado-en-relaciones-internacionales-y-ciencias-politicas-celebra-su-ceremonia-de-graduacion\/","title":{"rendered":"La primera promoci\u00f3n del Doble Grado en Relaciones Internacionales y Ciencias Pol\u00edticas celebra su ceremonia de graduaci\u00f3n"},"content":{"rendered":"<figure id=\"attachment_30882098\" aria-describedby=\"caption-attachment-30882098\" style=\"width: 750px\" class=\"wp-caption aligncenter\"><a href=\"https:\/\/www.upo.es\/diario\/wp-content\/uploads\/2024\/05\/cc970440-5524-4580-80e8-358c2097d225.jpg\"><img loading=\"lazy\" decoding=\"async\" class=\"size-large wp-image-30882098\" src=\"https:\/\/www.upo.es\/diario\/wp-content\/uploads\/2024\/05\/cc970440-5524-4580-80e8-358c2097d225-750x500.jpg\" alt=\"\" width=\"750\" height=\"500\" srcset=\"https:\/\/www.upo.es\/diario\/wp-content\/uploads\/2024\/05\/cc970440-5524-4580-80e8-358c2097d225-750x500.jpg 750w, https:\/\/www.upo.es\/diario\/wp-content\/uploads\/2024\/05\/cc970440-5524-4580-80e8-358c2097d225-420x280.jpg 420w, https:\/\/www.upo.es\/diario\/wp-content\/uploads\/2024\/05\/cc970440-5524-4580-80e8-358c2097d225-768x512.jpg 768w, https:\/\/www.upo.es\/diario\/wp-content\/uploads\/2024\/05\/cc970440-5524-4580-80e8-358c2097d225-1536x1023.jpg 1536w, https:\/\/www.upo.es\/diario\/wp-content\/uploads\/2024\/05\/cc970440-5524-4580-80e8-358c2097d225-165x109.jpg 165w, https:\/\/www.upo.es\/diario\/wp-content\/uploads\/2024\/05\/cc970440-5524-4580-80e8-358c2097d225-1320x879.jpg 1320w, https:\/\/www.upo.es\/diario\/wp-content\/uploads\/2024\/05\/cc970440-5524-4580-80e8-358c2097d225.jpg 1600w\" sizes=\"auto, (max-width: 750px) 100vw, 750px\" \/><\/a><figcaption id=\"caption-attachment-30882098\" class=\"wp-caption-text\">La promoci\u00f3n 2020\/24 del Grado en Ciencias Pol\u00edticas y la Administraci\u00f3n y las promociones 2019\/24 del Doble Grado en Derecho y Ciencias Pol\u00edticas y del Doble Grado en Relaciones Internacionales y Ciencias Pol\u00edticas<\/figcaption><\/figure>\n<p><strong>La primera promoci\u00f3n del Doble Grado en Relaciones Internacionales y Ciencias Pol\u00edticas y de la Administraci\u00f3n junto con la promoci\u00f3n 2020\/24 del Grado en Ciencias Pol\u00edticas y de la Administraci\u00f3n y la promoci\u00f3n 2019\/2024 del Doble Grado en Derecho y Ciencias Pol\u00edticas y de la Administraci\u00f3n<\/strong> celebraron su ceremonia de graduaci\u00f3n el pasado viernes en el Paraninfo de la Universidad Pablo de Olavide. El acto fue presidido por el decano de la Facultad de Derecho, C\u00e9sar Hornero M\u00e9ndez.<\/p>\n<figure id=\"attachment_30882099\" aria-describedby=\"caption-attachment-30882099\" style=\"width: 420px\" class=\"wp-caption alignright\"><a href=\"https:\/\/www.upo.es\/diario\/wp-content\/uploads\/2024\/05\/61fd5e1e-13d8-47ab-b8ea-4593ed8a29dd.jpg\"><img loading=\"lazy\" decoding=\"async\" class=\"size-medium wp-image-30882099\" src=\"https:\/\/www.upo.es\/diario\/wp-content\/uploads\/2024\/05\/61fd5e1e-13d8-47ab-b8ea-4593ed8a29dd-420x280.jpg\" alt=\"\" width=\"420\" height=\"280\" srcset=\"https:\/\/www.upo.es\/diario\/wp-content\/uploads\/2024\/05\/61fd5e1e-13d8-47ab-b8ea-4593ed8a29dd-420x280.jpg 420w, https:\/\/www.upo.es\/diario\/wp-content\/uploads\/2024\/05\/61fd5e1e-13d8-47ab-b8ea-4593ed8a29dd-750x500.jpg 750w, https:\/\/www.upo.es\/diario\/wp-content\/uploads\/2024\/05\/61fd5e1e-13d8-47ab-b8ea-4593ed8a29dd-768x512.jpg 768w, https:\/\/www.upo.es\/diario\/wp-content\/uploads\/2024\/05\/61fd5e1e-13d8-47ab-b8ea-4593ed8a29dd-1536x1023.jpg 1536w, https:\/\/www.upo.es\/diario\/wp-content\/uploads\/2024\/05\/61fd5e1e-13d8-47ab-b8ea-4593ed8a29dd-165x109.jpg 165w, https:\/\/www.upo.es\/diario\/wp-content\/uploads\/2024\/05\/61fd5e1e-13d8-47ab-b8ea-4593ed8a29dd-1320x879.jpg 1320w, https:\/\/www.upo.es\/diario\/wp-content\/uploads\/2024\/05\/61fd5e1e-13d8-47ab-b8ea-4593ed8a29dd.jpg 1600w\" sizes=\"auto, (max-width: 420px) 100vw, 420px\" \/><\/a><figcaption id=\"caption-attachment-30882099\" class=\"wp-caption-text\">El catedr\u00e1tico de Ciencia Pol\u00edtica de la Universidad Aut\u00f3noma de Madrid, Fernando Vallesp\u00edn, ha sido el padrino de las promociones.<\/figcaption><\/figure>\n<p><strong>El padrino de las promociones ha sido Fernando Vallesp\u00edn O\u00f1a, catedr\u00e1tico de Ciencia Pol\u00edtica de la Administraci\u00f3n de la Universidad Aut\u00f3noma de Madrid<\/strong>. A la ceremonia tambi\u00e9n asistieron Margarita Arenas Viruez, secretaria de la Facultad de Derecho; Juana Ruiloba N\u00fa\u00f1ez, directora acad\u00e9mica del Grado en Ciencias Pol\u00edticas y de la Administraci\u00f3n, y Manuel Ricardo Torres Soriano, director del M\u00e1ster en Comunicaci\u00f3n Pol\u00edtica y Gesti\u00f3n de Campa\u00f1as Electorales de la UPO.<\/p>\n<p>En representaci\u00f3n del alumnado egresado, pronunciaron los discursos Rafael Luque Valladares del Doble Grado en Relaciones Internacionales y Ciencias Pol\u00edticas y de la Administraci\u00f3n; y Mar\u00eda Jes\u00fas D\u00edaz L\u00f3pez y Gabriel Fabregat Barrag\u00e1n del Grado en Ciencias Pol\u00edticas y de la Administraci\u00f3n, e Isabel Ortega Chac\u00f3n del Doble Grado en Derecho y Ciencias Pol\u00edticas y de la Administraci\u00f3n. Un total de 44 egresados y egresadas asistieron, junto a sus familiares, a este acto con el que la Universidad Pablo de Olavide recupera una antigua tradici\u00f3n de las universidades europeas.<\/p>\n","protected":false},"excerpt":{"rendered":"<p>La primera promoci\u00f3n del Doble Grado en Relaciones Internacionales y Ciencias Pol\u00edticas y de la Administraci\u00f3n junto con la promoci\u00f3n 2020\/24 del Grado en Ciencias Pol\u00edticas y de la Administraci\u00f3n y la promoci\u00f3n 2019\/2024 del Doble Grado en Derecho y Ciencias Pol\u00edticas y de la Administraci\u00f3n celebraron su ceremonia de graduaci\u00f3n en el Paraninfo de la Universidad Pablo de Olavide. El acto fue presidido por el decano de la Facultad de Derecho, C\u00e9sar Hornero M\u00e9ndez.<\/p>\n","protected":false},"author":4,"featured_media":30882098,"comment_status":"closed","ping_status":"open","sticky":false,"template":"","format":"standard","meta":{"_monsterinsights_skip_tracking":false,"_monsterinsights_sitenote_active":false,"_monsterinsights_sitenote_note":"","_monsterinsights_sitenote_category":0,"footnotes":""},"categories":[5842],"tags":[581,8795,2379,81,5957],"class_list":["post-30882091","post","type-post","status-publish","format-standard","has-post-thumbnail","hentry","category-comunidad","tag-ceremonia-de-egresados","tag-doble-grado-de-relaciones-internacionales-y-ciencias-politicas","tag-doble-grado-en-derecho-y-ciencias-politicas","tag-facultad-de-derecho","tag-grado-en-ciencias-politicas"],"_links":{"self":[{"href":"https:\/\/www.upo.es\/diario\/wp-json\/wp\/v2\/posts\/30882091","targetHints":{"allow":["GET"]}}],"collection":[{"href":"https:\/\/www.upo.es\/diario\/wp-json\/wp\/v2\/posts"}],"about":[{"href":"https:\/\/www.upo.es\/diario\/wp-json\/wp\/v2\/types\/post"}],"author":[{"embeddable":true,"href":"https:\/\/www.upo.es\/diario\/wp-json\/wp\/v2\/users\/4"}],"replies":[{"embeddable":true,"href":"https:\/\/www.upo.es\/diario\/wp-json\/wp\/v2\/comments?post=30882091"}],"version-history":[{"count":1,"href":"https:\/\/www.upo.es\/diario\/wp-json\/wp\/v2\/posts\/30882091\/revisions"}],"predecessor-version":[{"id":30882100,"href":"https:\/\/www.upo.es\/diario\/wp-json\/wp\/v2\/posts\/30882091\/revisions\/30882100"}],"wp:featuredmedia":[{"embeddable":true,"href":"https:\/\/www.upo.es\/diario\/wp-json\/wp\/v2\/media\/30882098"}],"wp:attachment":[{"href":"https:\/\/www.upo.es\/diario\/wp-json\/wp\/v2\/media?parent=30882091"}],"wp:term":[{"taxonomy":"category","embeddable":true,"href":"https:\/\/www.upo.es\/diario\/wp-json\/wp\/v2\/categories?post=30882091"},{"taxonomy":"post_tag","embeddable":true,"href":"https:\/\/www.upo.es\/diario\/wp-json\/wp\/v2\/tags?post=30882091"}],"curies":[{"name":"wp","href":"https:\/\/api.w.org\/{rel}","templated":true}]}}