{"id":30882116,"date":"2024-05-07T07:12:33","date_gmt":"2024-05-07T05:12:33","guid":{"rendered":"https:\/\/www.upo.es\/diario\/?p=30882116"},"modified":"2024-05-07T12:15:52","modified_gmt":"2024-05-07T10:15:52","slug":"la-fundacion-de-municipios-convoca-una-nueva-edicion-de-sus-premios-extraordinarios-de-bachillerato","status":"publish","type":"post","link":"https:\/\/www.upo.es\/diario\/comunidad\/2024\/05\/la-fundacion-de-municipios-convoca-una-nueva-edicion-de-sus-premios-extraordinarios-de-bachillerato\/","title":{"rendered":"La Fundaci\u00f3n de Municipios convoca una nueva edici\u00f3n de sus Premios Extraordinarios de Bachillerato"},"content":{"rendered":"<figure id=\"attachment_30880512\" aria-describedby=\"caption-attachment-30880512\" style=\"width: 750px\" class=\"wp-caption aligncenter\"><a href=\"https:\/\/www.upo.es\/diario\/wp-content\/uploads\/2023\/11\/Premios-Bachillerato-Fund-Municipios_20231128.jpg\"><img loading=\"lazy\" decoding=\"async\" class=\"size-large wp-image-30880512\" src=\"https:\/\/www.upo.es\/diario\/wp-content\/uploads\/2023\/11\/Premios-Bachillerato-Fund-Municipios_20231128-750x466.jpg\" alt=\"Premios Extraordinarios de Bachillerato Pablo de Olavide\" width=\"750\" height=\"466\" srcset=\"https:\/\/www.upo.es\/diario\/wp-content\/uploads\/2023\/11\/Premios-Bachillerato-Fund-Municipios_20231128-750x466.jpg 750w, https:\/\/www.upo.es\/diario\/wp-content\/uploads\/2023\/11\/Premios-Bachillerato-Fund-Municipios_20231128-420x261.jpg 420w, https:\/\/www.upo.es\/diario\/wp-content\/uploads\/2023\/11\/Premios-Bachillerato-Fund-Municipios_20231128-768x477.jpg 768w, https:\/\/www.upo.es\/diario\/wp-content\/uploads\/2023\/11\/Premios-Bachillerato-Fund-Municipios_20231128-1536x954.jpg 1536w, https:\/\/www.upo.es\/diario\/wp-content\/uploads\/2023\/11\/Premios-Bachillerato-Fund-Municipios_20231128-1320x820.jpg 1320w, https:\/\/www.upo.es\/diario\/wp-content\/uploads\/2023\/11\/Premios-Bachillerato-Fund-Municipios_20231128.jpg 1952w\" sizes=\"auto, (max-width: 750px) 100vw, 750px\" \/><\/a><figcaption id=\"caption-attachment-30880512\" class=\"wp-caption-text\">Estudiantes galardonados en la pasada edici\u00f3n de los Premios Extraordinarios de Bachillerato<\/figcaption><\/figure>\n<p>La Fundaci\u00f3n de Municipios Pablo de Olavide convoca una nueva edici\u00f3n del\u00a0<strong>Premio Extraordinario de Bachillerato Pablo de Olavide 2023\/2024<\/strong>. Este premio anual busca reconocer los m\u00e9ritos de los alumnos y alumnas que cursan Bachillerato con excelente rendimiento acad\u00e9mico en cada uno de los municipios pertenecientes a su patronato.<\/p>\n<p>Se conceder\u00e1n un m\u00e1ximo de <strong>19 premios que consisten en un\u00a0diploma acreditativo, una dotaci\u00f3n econ\u00f3mica de 600 euros y una ayuda equivalente al pago de los precios p\u00fablicos por servicios acad\u00e9micos de la matr\u00edcula del primer curso\u00a0de cualquier titulaci\u00f3n de la Universidad Pablo de Olavide<\/strong>, siempre que no se disfrute de otro tipo de exenciones, as\u00ed como el derecho a disfrutar de una beca de alojamiento durante el primer curso acad\u00e9mico en la Residencia Universitaria Flora Trist\u00e1n.<\/p>\n<p>Podr\u00e1n optar a este premio los alumnos que hayan finalizado sus estudios de Bachillerato en los municipios de\u00a0<strong>Aldeaquemada, Arquillos, Baeza, Ca\u00f1ada Rosal, Carboneros, Dos Hermanas, Fuente Carreteros, Fuente Palmera, Guarrom\u00e1n, La Carlota, La Carolina, La Luisiana, Montiz\u00f3n, Prado del Rey, Santa Elena, San Sebasti\u00e1n de los Ballesteros y Sevilla<\/strong>.<\/p>\n<p>Las personas interesadas en participar tendr\u00e1n que <strong>remitir su solicitud de participaci\u00f3n a su ayuntamiento antes del 31 de mayo<\/strong>. Posteriormente, cada uno de los Ayuntamientos deber\u00e1 enviar a la Fundaci\u00f3n de Municipios el candidato o candidata con mejor expediente, baremado seg\u00fan la nota obtenida en los dos cursos de Bachillerato y presentando el certificado de calificaciones y nota media expedida por el centro y fotocopia compulsada del DNI.<\/p>\n<p>La entrega de premios se realizar\u00e1 a finales de 2024 en un acto que contar\u00e1 con la presencia de los premiados y premiadas, as\u00ed como representantes y autoridades de todos los municipios que forman la Fundaci\u00f3n y de la Universidad Pablo de Olavide.<\/p>\n<p>La\u00a0Fundaci\u00f3n de Municipios Pablo de Olavide\u00a0es una instituci\u00f3n universitaria de \u00edndole cultural y social que est\u00e1 compuesta por los pueblos que fueron fundados por el ilustrado Pablo de Olavide: Aldeaquemada, Arquillos, Ca\u00f1ada Rosal, Carboneros, Fuente Carreteros, Fuente Palmera, Guarrom\u00e1n, La Carlota, La Carolina, La Luisiana, Montiz\u00f3n, Prado del Rey, San Sebasti\u00e1n de los Ballesteros y Santa Elena. Adem\u00e1s, tambi\u00e9n forman parte de esta entidad otros municipios con una vinculaci\u00f3n especial con este ilustrado peruano como Baeza, Dos Hermanas y Sevilla.<\/p>\n<p>M\u00e1s informaci\u00f3n: <a href=\"https:\/\/www.upo.es\/fundacionmunicipios\/premios-extraordinarios\/\">www.upo.es\/fundacionmunicipios\/premios-extraordinarios<\/a><\/p>\n<p>Fuente: Fundaci\u00f3n Universidad Pablo de Olavide<\/p>\n<p>&nbsp;<\/p>\n","protected":false},"excerpt":{"rendered":"<p>Podr\u00e1n participar alumnos y alumnas que hayan finalizado sus estudios de Bachillerato este curso y est\u00e9n empadronados en alguno de los municipios de la Fundaci\u00f3n.<\/p>\n","protected":false},"author":6,"featured_media":30880512,"comment_status":"closed","ping_status":"open","sticky":false,"template":"","format":"standard","meta":{"_monsterinsights_skip_tracking":false,"_monsterinsights_sitenote_active":false,"_monsterinsights_sitenote_note":"","_monsterinsights_sitenote_category":0,"footnotes":""},"categories":[5842],"tags":[644,21,3621,1030],"class_list":["post-30882116","post","type-post","status-publish","format-standard","has-post-thumbnail","hentry","category-comunidad","tag-bachillerato","tag-estudiantes","tag-fundacion-de-municipios-pablo-de-olavide","tag-premios"],"_links":{"self":[{"href":"https:\/\/www.upo.es\/diario\/wp-json\/wp\/v2\/posts\/30882116","targetHints":{"allow":["GET"]}}],"collection":[{"href":"https:\/\/www.upo.es\/diario\/wp-json\/wp\/v2\/posts"}],"about":[{"href":"https:\/\/www.upo.es\/diario\/wp-json\/wp\/v2\/types\/post"}],"author":[{"embeddable":true,"href":"https:\/\/www.upo.es\/diario\/wp-json\/wp\/v2\/users\/6"}],"replies":[{"embeddable":true,"href":"https:\/\/www.upo.es\/diario\/wp-json\/wp\/v2\/comments?post=30882116"}],"version-history":[{"count":2,"href":"https:\/\/www.upo.es\/diario\/wp-json\/wp\/v2\/posts\/30882116\/revisions"}],"predecessor-version":[{"id":30882118,"href":"https:\/\/www.upo.es\/diario\/wp-json\/wp\/v2\/posts\/30882116\/revisions\/30882118"}],"wp:featuredmedia":[{"embeddable":true,"href":"https:\/\/www.upo.es\/diario\/wp-json\/wp\/v2\/media\/30880512"}],"wp:attachment":[{"href":"https:\/\/www.upo.es\/diario\/wp-json\/wp\/v2\/media?parent=30882116"}],"wp:term":[{"taxonomy":"category","embeddable":true,"href":"https:\/\/www.upo.es\/diario\/wp-json\/wp\/v2\/categories?post=30882116"},{"taxonomy":"post_tag","embeddable":true,"href":"https:\/\/www.upo.es\/diario\/wp-json\/wp\/v2\/tags?post=30882116"}],"curies":[{"name":"wp","href":"https:\/\/api.w.org\/{rel}","templated":true}]}}