{"id":30882119,"date":"2024-05-07T15:33:10","date_gmt":"2024-05-07T13:33:10","guid":{"rendered":"https:\/\/www.upo.es\/diario\/?p=30882119"},"modified":"2024-05-09T10:08:00","modified_gmt":"2024-05-09T08:08:00","slug":"congreso-macrocriminalidad-desastre-lento-exposicion-amianto","status":"publish","type":"post","link":"https:\/\/www.upo.es\/diario\/docencia-formacion\/2024\/05\/congreso-macrocriminalidad-desastre-lento-exposicion-amianto\/","title":{"rendered":"El II Congreso sobre Macrocriminalidad aborda en la UPO el \u201cdesastre lento de la exposici\u00f3n al amianto\u201d"},"content":{"rendered":"<figure id=\"attachment_30882121\" aria-describedby=\"caption-attachment-30882121\" style=\"width: 750px\" class=\"wp-caption aligncenter\"><a href=\"https:\/\/www.upo.es\/diario\/wp-content\/uploads\/2024\/05\/Congreso-Amianto-Macrocriminalidad_20240507-7483-scaled.jpg\"><img loading=\"lazy\" decoding=\"async\" class=\"size-large wp-image-30882121\" src=\"https:\/\/www.upo.es\/diario\/wp-content\/uploads\/2024\/05\/Congreso-Amianto-Macrocriminalidad_20240507-7483-750x422.jpg\" alt=\"Pastora Garc\u00eda, Antonia Jim\u00e9nez, C\u00e9sar Hornero y Donato Castronuovo\" width=\"750\" height=\"422\" srcset=\"https:\/\/www.upo.es\/diario\/wp-content\/uploads\/2024\/05\/Congreso-Amianto-Macrocriminalidad_20240507-7483-750x422.jpg 750w, https:\/\/www.upo.es\/diario\/wp-content\/uploads\/2024\/05\/Congreso-Amianto-Macrocriminalidad_20240507-7483-420x236.jpg 420w, https:\/\/www.upo.es\/diario\/wp-content\/uploads\/2024\/05\/Congreso-Amianto-Macrocriminalidad_20240507-7483-768x432.jpg 768w, https:\/\/www.upo.es\/diario\/wp-content\/uploads\/2024\/05\/Congreso-Amianto-Macrocriminalidad_20240507-7483-1536x864.jpg 1536w, https:\/\/www.upo.es\/diario\/wp-content\/uploads\/2024\/05\/Congreso-Amianto-Macrocriminalidad_20240507-7483-2048x1152.jpg 2048w, https:\/\/www.upo.es\/diario\/wp-content\/uploads\/2024\/05\/Congreso-Amianto-Macrocriminalidad_20240507-7483-1320x742.jpg 1320w\" sizes=\"auto, (max-width: 750px) 100vw, 750px\" \/><\/a><figcaption id=\"caption-attachment-30882121\" class=\"wp-caption-text\">Pastora Garc\u00eda, Antonia Jim\u00e9nez, C\u00e9sar Hornero y Donato Castronuovo en la presentaci\u00f3n del Congreso<\/figcaption><\/figure>\n<p><strong>C\u00f3mo afrontar las consecuencias del uso del amianto, a\u00fan presente en multitud de materiales con los que convivimos, para la salud de las personas y para el medio ambiente<\/strong>, es el tema elegido para el <a href=\"https:\/\/eventos.upo.es\/110659\/detail\/ii-congreso-internacional-sobre-macrocriminalidad-lel-desastre-llentor-de-la-exposicion-al-amianto-.html\">II Congreso Internacional sobre Macrocriminalidad<\/a>, organizado por el Grupo Internacional e Interdisciplinario de Investigaciones sobre la Criminalidad (GI\u00b3CRIM) de la Olavide y el Centro de Estudios Jur\u00eddicos Europeos sobre la Macrociminalidad (<em>Macrocrimes<\/em>) de la Universit\u00e0 di Ferrara.<\/p>\n<p>El Congreso, que se desarrolla hasta este mi\u00e9rcoles en la sala de grados del edificio 7, ha sido inaugurado esta ma\u00f1ana por la vicerrectora de Investigaci\u00f3n de la Universidad Pablo de Olavide, <strong>Antonia Jim\u00e9nez<\/strong>, y por el decano de la Facultad de Derecho, <strong>C\u00e9sar Hornero<\/strong>; junto a <strong>Pastora Garc\u00eda<\/strong>, del grupo GI\u00b3CRIM, y <strong>Donato Castronuovo<\/strong>, del Centro <em>Macrocrimes<\/em>, como organizadores del simposio.<\/p>\n<p>La vicerrectora de Investigaci\u00f3n, Transferencia y Doctorado ha recordado el impacto de desastres que, como el causado por el amianto, se desarrollan de forma muy sutil y a lo largo del tiempo, lo que termina afectando a varias generaciones. <strong>Antonia Jim\u00e9nez ha hecho hincapi\u00e9 en las m\u00faltiples facetas desde las que debe tratarse el problema<\/strong>, con el objetivo final de encontrar las mejores soluciones y que sean lo m\u00e1s justas posibles. As\u00ed, el Congreso, que cuenta con financiaci\u00f3n del Plan Propio de Investigaci\u00f3n de la UPO, <strong>incluye ponencias sobre las consecuencias generadas por el amianto desde el punto de vista del Derecho Penal, la Salud P\u00fablica, la Ingenier\u00eda, las pol\u00edticas medioambientales y la justicia social<\/strong>.<\/p>\n<p><strong>Pastora Garc\u00eda<\/strong> ha puesto de manifiesto con algunas cifras la magnitud del problema. \u201cEn Europa mueren m\u00e1s de ochenta mil personas al a\u00f1o por exposici\u00f3n al asbesto y todav\u00eda en 2019 dos terceras partes de la poblaci\u00f3n mundial estaban en contacto con materiales que lo contienen, y que tambi\u00e9n son perjudiciales para el medio ambiente\u201d.<\/p>\n<p><strong>C\u00e9sar Hornero<\/strong>, decano de Derecho, ha felicitado a los organizadores por el Congreso y ha agradecido que este se celebre en el seno de la Facultad. \u201cUn Congreso que afronta una cuesti\u00f3n real\u201d ha declarado, y ha reivindicado de este modo que en la academia no solo se debate en torno al conocimiento <em>per se<\/em>, sino tambi\u00e9n sobre \u201cproblemas y peligros que acechan al hombre contempor\u00e1neo\u201d.<\/p>\n<h3><strong>No hay l\u00edmites seguros para el amianto <\/strong><\/h3>\n<figure id=\"attachment_30882122\" aria-describedby=\"caption-attachment-30882122\" style=\"width: 420px\" class=\"wp-caption alignleft\"><a href=\"https:\/\/www.upo.es\/diario\/wp-content\/uploads\/2024\/05\/Congreso-Amianto-Macrocriminalidad_20240507-7504-scaled.jpg\"><img loading=\"lazy\" decoding=\"async\" class=\"size-medium wp-image-30882122\" src=\"https:\/\/www.upo.es\/diario\/wp-content\/uploads\/2024\/05\/Congreso-Amianto-Macrocriminalidad_20240507-7504-420x280.jpg\" alt=\"Yvonne Waterman\" width=\"420\" height=\"280\" srcset=\"https:\/\/www.upo.es\/diario\/wp-content\/uploads\/2024\/05\/Congreso-Amianto-Macrocriminalidad_20240507-7504-420x280.jpg 420w, https:\/\/www.upo.es\/diario\/wp-content\/uploads\/2024\/05\/Congreso-Amianto-Macrocriminalidad_20240507-7504-750x500.jpg 750w, https:\/\/www.upo.es\/diario\/wp-content\/uploads\/2024\/05\/Congreso-Amianto-Macrocriminalidad_20240507-7504-768x512.jpg 768w, https:\/\/www.upo.es\/diario\/wp-content\/uploads\/2024\/05\/Congreso-Amianto-Macrocriminalidad_20240507-7504-1536x1024.jpg 1536w, https:\/\/www.upo.es\/diario\/wp-content\/uploads\/2024\/05\/Congreso-Amianto-Macrocriminalidad_20240507-7504-2048x1365.jpg 2048w\" sizes=\"auto, (max-width: 420px) 100vw, 420px\" \/><\/a><figcaption id=\"caption-attachment-30882122\" class=\"wp-caption-text\">Yvonne Waterman<\/figcaption><\/figure>\n<p>El Congreso ha comenzado con la intervenci\u00f3n de <strong>Yvonne Waterman<\/strong>, presidenta del <em><a href=\"https:\/\/www.europeanasbestosforum.org\/\">European Asbestos Forum<\/a><\/em> y experta en los esfuerzos que la sociedad debe realizar para librarse de la herencia del amianto. Waterman ha descrito las propiedades de este mineral, aislante frente al calor, la humedad y el ruido, resistente, flexible \u2013lo que permite integrarlo f\u00e1cilmente con sustancias muy diversas\u2013, adem\u00e1s de barato y abundante en la naturaleza por todo el mundo. Esto lo convirti\u00f3 en un material id\u00f3neo para la construcci\u00f3n y las canalizaciones, pero no solo, pues est\u00e1 presente en miles de tipos de productos.<\/p>\n<p><strong>Pese a la prohibici\u00f3n de su uso, la experta ha recomendado \u201cnunca ignorar el asbesto\u201d, ya que el problema contin\u00faa debido al legado de muchos a\u00f1os<\/strong>, un problema que tenemos que afrontar y aprender c\u00f3mo hacerlo de la mejor manera posible. Para ello, \u201ccrear conciencia es fundamental\u201d y ha alertado de que no existen l\u00edmites seguros en la exposici\u00f3n al amianto.<\/p>\n<p><a href=\"https:\/\/www.upo.es\/diario\/wp-content\/uploads\/2024\/05\/Congreso-Amianto-Macrocriminalidad_20240507-7507-scaled.jpg\"><img loading=\"lazy\" decoding=\"async\" class=\"aligncenter size-large wp-image-30882124\" src=\"https:\/\/www.upo.es\/diario\/wp-content\/uploads\/2024\/05\/Congreso-Amianto-Macrocriminalidad_20240507-7507-750x337.jpg\" alt=\"\" width=\"750\" height=\"337\" srcset=\"https:\/\/www.upo.es\/diario\/wp-content\/uploads\/2024\/05\/Congreso-Amianto-Macrocriminalidad_20240507-7507-750x337.jpg 750w, https:\/\/www.upo.es\/diario\/wp-content\/uploads\/2024\/05\/Congreso-Amianto-Macrocriminalidad_20240507-7507-420x189.jpg 420w, https:\/\/www.upo.es\/diario\/wp-content\/uploads\/2024\/05\/Congreso-Amianto-Macrocriminalidad_20240507-7507-768x346.jpg 768w, https:\/\/www.upo.es\/diario\/wp-content\/uploads\/2024\/05\/Congreso-Amianto-Macrocriminalidad_20240507-7507-1536x691.jpg 1536w, https:\/\/www.upo.es\/diario\/wp-content\/uploads\/2024\/05\/Congreso-Amianto-Macrocriminalidad_20240507-7507-2048x922.jpg 2048w, https:\/\/www.upo.es\/diario\/wp-content\/uploads\/2024\/05\/Congreso-Amianto-Macrocriminalidad_20240507-7507-1320x594.jpg 1320w\" sizes=\"auto, (max-width: 750px) 100vw, 750px\" \/><\/a><\/p>\n<p>&nbsp;<\/p>\n","protected":false},"excerpt":{"rendered":"<p>C\u00f3mo afrontar las consecuencias del uso del amianto, a\u00fan presente en multitud de materiales con los que convivimos, para la salud de las personas y para el medio ambiente, es el tema elegido para el II Congreso Internacional sobre Macrocriminalidad, organizado por el Grupo Internacional e Interdisciplinario de Investigaciones sobre la Criminalidad (GI\u00b3CRIM) de la Olavide y el Centro de Estudios Jur\u00eddicos Europeos sobre la Macrociminalidad (Macrocrimes) de la Universit\u00e0 di Ferrara.<\/p>\n","protected":false},"author":6,"featured_media":30882129,"comment_status":"closed","ping_status":"open","sticky":false,"template":"","format":"standard","meta":{"_monsterinsights_skip_tracking":false,"_monsterinsights_sitenote_active":false,"_monsterinsights_sitenote_note":"","_monsterinsights_sitenote_category":0,"footnotes":""},"categories":[2779],"tags":[8797,260,1880,842,81,8472,218,1271],"class_list":["post-30882119","post","type-post","status-publish","format-standard","has-post-thumbnail","hentry","category-docencia-formacion","tag-amianto","tag-ciencias-ambientales","tag-congreso-internacional","tag-derecho-penal","tag-facultad-de-derecho","tag-macrocriminalidad","tag-salud","tag-salud-publica"],"_links":{"self":[{"href":"https:\/\/www.upo.es\/diario\/wp-json\/wp\/v2\/posts\/30882119","targetHints":{"allow":["GET"]}}],"collection":[{"href":"https:\/\/www.upo.es\/diario\/wp-json\/wp\/v2\/posts"}],"about":[{"href":"https:\/\/www.upo.es\/diario\/wp-json\/wp\/v2\/types\/post"}],"author":[{"embeddable":true,"href":"https:\/\/www.upo.es\/diario\/wp-json\/wp\/v2\/users\/6"}],"replies":[{"embeddable":true,"href":"https:\/\/www.upo.es\/diario\/wp-json\/wp\/v2\/comments?post=30882119"}],"version-history":[{"count":6,"href":"https:\/\/www.upo.es\/diario\/wp-json\/wp\/v2\/posts\/30882119\/revisions"}],"predecessor-version":[{"id":30882128,"href":"https:\/\/www.upo.es\/diario\/wp-json\/wp\/v2\/posts\/30882119\/revisions\/30882128"}],"wp:featuredmedia":[{"embeddable":true,"href":"https:\/\/www.upo.es\/diario\/wp-json\/wp\/v2\/media\/30882129"}],"wp:attachment":[{"href":"https:\/\/www.upo.es\/diario\/wp-json\/wp\/v2\/media?parent=30882119"}],"wp:term":[{"taxonomy":"category","embeddable":true,"href":"https:\/\/www.upo.es\/diario\/wp-json\/wp\/v2\/categories?post=30882119"},{"taxonomy":"post_tag","embeddable":true,"href":"https:\/\/www.upo.es\/diario\/wp-json\/wp\/v2\/tags?post=30882119"}],"curies":[{"name":"wp","href":"https:\/\/api.w.org\/{rel}","templated":true}]}}