{"id":30882148,"date":"2024-05-09T11:51:22","date_gmt":"2024-05-09T09:51:22","guid":{"rendered":"https:\/\/www.upo.es\/diario\/?p=30882148"},"modified":"2024-05-21T15:34:33","modified_gmt":"2024-05-21T13:34:33","slug":"la-upo-presenta-su-oferta-de-masteres-universitarios-para-el-proximo-curso-en-unas-jornadas-online","status":"publish","type":"post","link":"https:\/\/www.upo.es\/diario\/institucional\/2024\/05\/la-upo-presenta-su-oferta-de-masteres-universitarios-para-el-proximo-curso-en-unas-jornadas-online\/","title":{"rendered":"La UPO presenta su oferta de M\u00e1steres Universitarios para el pr\u00f3ximo curso en unas jornadas online"},"content":{"rendered":"<p><img loading=\"lazy\" decoding=\"async\" class=\"aligncenter size-large wp-image-30882153\" src=\"https:\/\/www.upo.es\/diario\/wp-content\/uploads\/2024\/05\/Master-en-la-UPO_II-24-750x436.jpg\" alt=\"Principales caracter\u00edsticas de un M\u00e1ster Oficial\" width=\"750\" height=\"436\" srcset=\"https:\/\/www.upo.es\/diario\/wp-content\/uploads\/2024\/05\/Master-en-la-UPO_II-24-750x436.jpg 750w, https:\/\/www.upo.es\/diario\/wp-content\/uploads\/2024\/05\/Master-en-la-UPO_II-24-420x244.jpg 420w, https:\/\/www.upo.es\/diario\/wp-content\/uploads\/2024\/05\/Master-en-la-UPO_II-24-768x446.jpg 768w, https:\/\/www.upo.es\/diario\/wp-content\/uploads\/2024\/05\/Master-en-la-UPO_II-24-1536x892.jpg 1536w, https:\/\/www.upo.es\/diario\/wp-content\/uploads\/2024\/05\/Master-en-la-UPO_II-24-2048x1189.jpg 2048w, https:\/\/www.upo.es\/diario\/wp-content\/uploads\/2024\/05\/Master-en-la-UPO_II-24-1320x767.jpg 1320w\" sizes=\"auto, (max-width: 750px) 100vw, 750px\" \/>La Universidad Pablo de Olavide impartir\u00e1 el pr\u00f3ximo curso <a href=\"https:\/\/www.upo.es\/postgrado\/es\/master\/\">43 M\u00e1steres Universitarios<\/a>, de los que dos son habilitantes (necesarios en Espa\u00f1a para ejercer profesionalmente) , el de Abogac\u00eda y Procura y el conocido como MAES, M\u00e1ster Universitario de Profesorado de Educaci\u00f3n Secundaria Obligatoria y Bachillerato, Formaci\u00f3n Profesional y Ense\u00f1anza de Idiomas. Estos t\u00edtulos oficiales de postgrado, que se impartir\u00e1n <strong>en formato presencial, virtual o h\u00edbrido<\/strong> (semipresencial) <strong>podr\u00e1n solicitarse para el curso 2024\/2025 entre el 17 y el 26 de junio<\/strong>, a trav\u00e9s del <a href=\"https:\/\/www.juntadeandalucia.es\/economiaconocimientoempresasyuniversidad\/sguit\/\">Distrito \u00danico Andaluz<\/a>, plazo abierto tanto para estudiantes espa\u00f1oles como internacionales . En septiembre se abrir\u00e1 un nuevo periodo de solicitudes, entre el d\u00eda 13 y el 23, pero solo para optar a las plazas que hayan quedado vacantes<\/p>\n<p><strong>Silvia Mendoza<\/strong>, directora general de Postgrado de la Universidad Pablo de Olavide, ha presentado las principales caracter\u00edsticas de estos t\u00edtulos oficiales, que tienen una duraci\u00f3n de uno a dos a\u00f1os en funci\u00f3n del n\u00famero de cr\u00e9ditos impartidos. En su charla introductoria, <strong><em>\u00bfPor qu\u00e9 estudiar un M\u00e1ster Oficial en la UPO?<\/em><\/strong>, ha destacado las instalaciones del campus de la Universidad Pablo de Olavide que, al ser \u00fanico, facilita una formaci\u00f3n multidisciplinar a la par que especializada en cada campo. As\u00ed mismo, ha hecho hincapi\u00e9 en la posici\u00f3n de la Olavide en los rankings internacionales que eval\u00faan la docencia, la investigaci\u00f3n y el rendimiento acad\u00e9mico.<\/p>\n<p>De todo lo relacionado con la gesti\u00f3n administrativa de los M\u00e1steres Universitarios se encarga el <a href=\"https:\/\/www.upo.es\/postgrado\/\">Centro de Estudios de Postgrado<\/a> (CEDEP) de la Universidad Pablo de Olavide; situado en el edificio Alexander von Humboldt, donde se imparte la mayor parte de las clases de los m\u00e1steres oficiales.<\/p>\n<p>Las<a href=\"https:\/\/eventos.upo.es\/111057\/detail\/jornada-de-puertas-abiertas-master-upo.html\"> Jornadas &#8216;M\u00e1ster UPO&#8217;<\/a> han continuado con <strong>sesiones <em>online<\/em> destinadas a presentar cada uno de los programas que se impartir\u00e1n el pr\u00f3ximo curso<\/strong>, en la que los estudiantes pueden consultar el contenido y la metodolog\u00eda docente directamente con el profesorado responsable de cada M\u00e1ster.<\/p>\n<p><a href=\"https:\/\/www.upo.es\/postgrado\/es\/master\/Acceso-a-Programas-Master\/\"><img loading=\"lazy\" decoding=\"async\" class=\"aligncenter size-large wp-image-30882154\" src=\"https:\/\/www.upo.es\/diario\/wp-content\/uploads\/2024\/05\/Master-UPO-fechas-2024-8-750x375.png\" alt=\"Fechas m\u00e1s relevantes del proceso de preinscripci\u00f3n de los M\u00e1steres universitarios para el curso 2024\/25\" width=\"750\" height=\"375\" srcset=\"https:\/\/www.upo.es\/diario\/wp-content\/uploads\/2024\/05\/Master-UPO-fechas-2024-8-750x375.png 750w, https:\/\/www.upo.es\/diario\/wp-content\/uploads\/2024\/05\/Master-UPO-fechas-2024-8-420x210.png 420w, https:\/\/www.upo.es\/diario\/wp-content\/uploads\/2024\/05\/Master-UPO-fechas-2024-8-768x384.png 768w, https:\/\/www.upo.es\/diario\/wp-content\/uploads\/2024\/05\/Master-UPO-fechas-2024-8-1536x767.png 1536w, https:\/\/www.upo.es\/diario\/wp-content\/uploads\/2024\/05\/Master-UPO-fechas-2024-8-2048x1023.png 2048w, https:\/\/www.upo.es\/diario\/wp-content\/uploads\/2024\/05\/Master-UPO-fechas-2024-8-1320x659.png 1320w\" sizes=\"auto, (max-width: 750px) 100vw, 750px\" \/><\/a><\/p>\n","protected":false},"excerpt":{"rendered":"<p>Silvia Mendoza destaca en la presentaci\u00f3n de las Jornadas &#8216;M\u00e1ster UPO&#8217; el car\u00e1cter multidisciplinar y pr\u00e1ctico de los estudios oficiales de postgrado, que podr\u00e1n solicitarse del 17 al 26 de junio.<\/p>\n","protected":false},"author":6,"featured_media":30882155,"comment_status":"closed","ping_status":"open","sticky":false,"template":"","format":"standard","meta":{"_monsterinsights_skip_tracking":false,"_monsterinsights_sitenote_active":false,"_monsterinsights_sitenote_note":"","_monsterinsights_sitenote_category":0,"footnotes":""},"categories":[6],"tags":[614,3203,8653,609,1577,377,82,743,8799],"class_list":["post-30882148","post","type-post","status-publish","format-standard","has-post-thumbnail","hentry","category-institucional","tag-cedep","tag-centro-de-estudios-de-postgrado","tag-curso-2024-2025","tag-especializacion","tag-master-universitario","tag-oferta-academica","tag-postgrado","tag-preinscripcion","tag-silvia-mendoza-calderon"],"_links":{"self":[{"href":"https:\/\/www.upo.es\/diario\/wp-json\/wp\/v2\/posts\/30882148","targetHints":{"allow":["GET"]}}],"collection":[{"href":"https:\/\/www.upo.es\/diario\/wp-json\/wp\/v2\/posts"}],"about":[{"href":"https:\/\/www.upo.es\/diario\/wp-json\/wp\/v2\/types\/post"}],"author":[{"embeddable":true,"href":"https:\/\/www.upo.es\/diario\/wp-json\/wp\/v2\/users\/6"}],"replies":[{"embeddable":true,"href":"https:\/\/www.upo.es\/diario\/wp-json\/wp\/v2\/comments?post=30882148"}],"version-history":[{"count":6,"href":"https:\/\/www.upo.es\/diario\/wp-json\/wp\/v2\/posts\/30882148\/revisions"}],"predecessor-version":[{"id":30882157,"href":"https:\/\/www.upo.es\/diario\/wp-json\/wp\/v2\/posts\/30882148\/revisions\/30882157"}],"wp:featuredmedia":[{"embeddable":true,"href":"https:\/\/www.upo.es\/diario\/wp-json\/wp\/v2\/media\/30882155"}],"wp:attachment":[{"href":"https:\/\/www.upo.es\/diario\/wp-json\/wp\/v2\/media?parent=30882148"}],"wp:term":[{"taxonomy":"category","embeddable":true,"href":"https:\/\/www.upo.es\/diario\/wp-json\/wp\/v2\/categories?post=30882148"},{"taxonomy":"post_tag","embeddable":true,"href":"https:\/\/www.upo.es\/diario\/wp-json\/wp\/v2\/tags?post=30882148"}],"curies":[{"name":"wp","href":"https:\/\/api.w.org\/{rel}","templated":true}]}}