{"id":30882158,"date":"2024-05-09T13:52:47","date_gmt":"2024-05-09T11:52:47","guid":{"rendered":"https:\/\/www.upo.es\/diario\/?p=30882158"},"modified":"2024-05-21T15:34:32","modified_gmt":"2024-05-21T13:34:32","slug":"presentacion-obra-colectiva-huella-tercer-sector-accion-social-formas-economicas-emergentes","status":"publish","type":"post","link":"https:\/\/www.upo.es\/diario\/docencia-formacion\/2024\/05\/presentacion-obra-colectiva-huella-tercer-sector-accion-social-formas-economicas-emergentes\/","title":{"rendered":"Presentaci\u00f3n de la obra colectiva \u2018La huella del Tercer Sector: Acci\u00f3n social y formas econ\u00f3micas emergentes\u2019"},"content":{"rendered":"<figure id=\"attachment_30882159\" aria-describedby=\"caption-attachment-30882159\" style=\"width: 750px\" class=\"wp-caption aligncenter\"><a href=\"https:\/\/www.upo.es\/diario\/wp-content\/uploads\/2024\/05\/libro_huella_tercer_sector_01-scaled.jpg\"><img loading=\"lazy\" decoding=\"async\" class=\"wp-image-30882159 size-large\" src=\"https:\/\/www.upo.es\/diario\/wp-content\/uploads\/2024\/05\/libro_huella_tercer_sector_01-750x500.jpg\" alt=\"De izquierda a derecha, Juan Miguel G\u00f3mez Espino, Manuel P\u00e9rez Yruela y Rafael Morales S\u00e1nchez.\" width=\"750\" height=\"500\" srcset=\"https:\/\/www.upo.es\/diario\/wp-content\/uploads\/2024\/05\/libro_huella_tercer_sector_01-750x500.jpg 750w, https:\/\/www.upo.es\/diario\/wp-content\/uploads\/2024\/05\/libro_huella_tercer_sector_01-420x280.jpg 420w, https:\/\/www.upo.es\/diario\/wp-content\/uploads\/2024\/05\/libro_huella_tercer_sector_01-768x512.jpg 768w, https:\/\/www.upo.es\/diario\/wp-content\/uploads\/2024\/05\/libro_huella_tercer_sector_01-1536x1024.jpg 1536w, https:\/\/www.upo.es\/diario\/wp-content\/uploads\/2024\/05\/libro_huella_tercer_sector_01-2048x1365.jpg 2048w, https:\/\/www.upo.es\/diario\/wp-content\/uploads\/2024\/05\/libro_huella_tercer_sector_01-165x109.jpg 165w, https:\/\/www.upo.es\/diario\/wp-content\/uploads\/2024\/05\/libro_huella_tercer_sector_01-1320x880.jpg 1320w\" sizes=\"auto, (max-width: 750px) 100vw, 750px\" \/><\/a><figcaption id=\"caption-attachment-30882159\" class=\"wp-caption-text\">De izquierda a derecha, Juan Miguel G\u00f3mez Espino, Manuel P\u00e9rez Yruela y Rafael Morales S\u00e1nchez.<\/figcaption><\/figure>\n<p>La Universidad Pablo de Olavide ha acogido en la ma\u00f1ana de hoy la presentaci\u00f3n del libro <strong>\u2018La huella del Tercer Sector: Acci\u00f3n social y formas econ\u00f3micas emergentes\u2019<\/strong>, una monograf\u00eda colectiva coordinada por <strong>Manuel P\u00e9rez Yruela<\/strong>, doctor honoris causa por la UPO y profesor em\u00e9rito de Sociolog\u00eda en el Instituto de Estudios Avanzados (IESA\/CSIC), y <strong>Gregorio Rodr\u00edguez Cabrero<\/strong>, catedr\u00e1tico de Sociolog\u00eda de la Universidad de Alcal\u00e1.<\/p>\n<p>La obra ha sido presentada por<strong> Manuel P\u00e9rez Yruela<\/strong> en un acto presidido por <strong>Juan Miguel G\u00f3mez Espino<\/strong>, decano de la Facultad de Ciencias Sociales, y ha contado con la intervenci\u00f3n de <strong>Rafael Morales S\u00e1nchez<\/strong>, profesor del Departamento de Organizaci\u00f3n de Empresas y Marketing de la UPO.<\/p>\n<figure id=\"attachment_30882161\" aria-describedby=\"caption-attachment-30882161\" style=\"width: 420px\" class=\"wp-caption alignright\"><a href=\"https:\/\/www.upo.es\/diario\/wp-content\/uploads\/2024\/05\/libro_huella_tercer_sector_02-scaled.jpg\"><img loading=\"lazy\" decoding=\"async\" class=\"size-medium wp-image-30882161\" src=\"https:\/\/www.upo.es\/diario\/wp-content\/uploads\/2024\/05\/libro_huella_tercer_sector_02-420x274.jpg\" alt=\"Manuel P\u00e9rez Yruela, doctor honoris causa por la UPO y profesor em\u00e9rito de Sociolog\u00eda en el Instituto de Estudios Avanzados (IESA\/CSIC).\" width=\"420\" height=\"274\" srcset=\"https:\/\/www.upo.es\/diario\/wp-content\/uploads\/2024\/05\/libro_huella_tercer_sector_02-420x274.jpg 420w, https:\/\/www.upo.es\/diario\/wp-content\/uploads\/2024\/05\/libro_huella_tercer_sector_02-750x489.jpg 750w, https:\/\/www.upo.es\/diario\/wp-content\/uploads\/2024\/05\/libro_huella_tercer_sector_02-768x501.jpg 768w, https:\/\/www.upo.es\/diario\/wp-content\/uploads\/2024\/05\/libro_huella_tercer_sector_02-1536x1002.jpg 1536w, https:\/\/www.upo.es\/diario\/wp-content\/uploads\/2024\/05\/libro_huella_tercer_sector_02-2048x1336.jpg 2048w, https:\/\/www.upo.es\/diario\/wp-content\/uploads\/2024\/05\/libro_huella_tercer_sector_02-165x109.jpg 165w, https:\/\/www.upo.es\/diario\/wp-content\/uploads\/2024\/05\/libro_huella_tercer_sector_02-1320x861.jpg 1320w\" sizes=\"auto, (max-width: 420px) 100vw, 420px\" \/><\/a><figcaption id=\"caption-attachment-30882161\" class=\"wp-caption-text\">Manuel P\u00e9rez Yruela, doctor honoris causa por la UPO y profesor em\u00e9rito de Sociolog\u00eda en el Instituto de Estudios Avanzados (IESA\/CSIC).<\/figcaption><\/figure>\n<p>\u201cCon esta obra hemos pretendido hacer una labor doble. Por un lado, poner \u2018blanco sobre negro\u2019 en claridad, en valor, la importancia que en Espa\u00f1a tiene el Tercer Sector de Acci\u00f3n Social que, resumi\u00e9ndola en distintas macromagnitudes, significa 28000 entidades, unos 600000 empleos, un mill\u00f3n de voluntarios, y unos 17000 millones de euros al a\u00f1o de gasto de sus actividades\u201d explica P\u00e9rez Yruela, quien resalta su relevancia, \u201csiendo un sector m\u00e1s importante que muchos sectores de la econom\u00eda como el autom\u00f3vil o la construcci\u00f3n\u201d.<\/p>\n<p>En segundo lugar, destaca Manuel P\u00e9rez Yruela, otro de los objetivos de esta publicaci\u00f3n es reconocer, difundir y ayudar al Tercer Sector de Acci\u00f3n Social a que se convierta realmente en ese \u2018actor estrat\u00e9gico\u2019 de la sociedad civil para el futuro de una democracia de m\u00e1s calidad. \u201cNuestra idea es que el mundo que se nos avecina no va a ser gobernado solo por los gobiernos, la sociedad tiene que participar no solo en las elecciones, la sociedad civil tiene que organizarse y, en este instante, el sector m\u00e1s organizado el Tercer Sector de Acci\u00f3n Social, cuyos valores son la solidaridad, la ayuda a los dem\u00e1s y el no lucrarse con las actividades que lleva a cabo\u201d, afirma P\u00e9rez Yruela.<\/p>\n<p>\u2018La huella del Tercer Sector: Acci\u00f3n social y formas econ\u00f3micas emergentes\u2019 es una \u201cobra plural, diversa y multipolar\u201d en la que han intervenido 41 autores a lo largo de 28 cap\u00edtulos. Editada por Cajamar, el objetivo de esta obra es contribuir al conocimiento y valoraci\u00f3n de la actividad que realizan en Espa\u00f1a las entidades del Tercer Sector de Acci\u00f3n Social (TSAS) y algunas entidades innovadoras del Tercer Sector de Acci\u00f3n Econ\u00f3mica (TSAE), entidades que canalizan y practican los valores de la fraternidad y la solidaridad entre sus miembros y entre ellos y las personas a las que atienden.<\/p>\n<p>El estudio muestra que el TSAS en Espa\u00f1a es un sector amplio, diverso y consolidado, con autonom\u00eda propia, comprometido con la defensa de los derechos sociales y con la atenci\u00f3n a las necesidades de los colectivos m\u00e1s vulnerables; que cuenta con una amplia colaboraci\u00f3n de personas voluntarias y que tambi\u00e9n tiene problemas y debilidades a las que hacer frente.<\/p>\n","protected":false},"excerpt":{"rendered":"<p>La Universidad Pablo de Olavide ha acogido en la ma\u00f1ana de hoy la presentaci\u00f3n del libro \u2018La huella del Tercer Sector: Acci\u00f3n social y formas econ\u00f3micas emergentes\u2019, una monograf\u00eda colectiva coordinada por Manuel P\u00e9rez Yruela, doctor honoris causa por la UPO y profesor em\u00e9rito de Sociolog\u00eda en el Instituto de Estudios Avanzados (IESA\/CSIC), y Gregorio Rodr\u00edguez Cabrero, catedr\u00e1tico de Sociolog\u00eda de la Universidad de Alcal\u00e1.<\/p>\n","protected":false},"author":2,"featured_media":30882159,"comment_status":"closed","ping_status":"open","sticky":false,"template":"","format":"standard","meta":{"_monsterinsights_skip_tracking":false,"_monsterinsights_sitenote_active":false,"_monsterinsights_sitenote_note":"","_monsterinsights_sitenote_category":0,"footnotes":""},"categories":[2779],"tags":[8800,1063,2584,487,333,5906],"class_list":["post-30882158","post","type-post","status-publish","format-standard","has-post-thumbnail","hentry","category-docencia-formacion","tag-accion-economica","tag-accion-social","tag-departamento-de-organizacion-de-empresas-y-marketing","tag-facultad-ciencias-sociales","tag-libro","tag-tercer-sector"],"_links":{"self":[{"href":"https:\/\/www.upo.es\/diario\/wp-json\/wp\/v2\/posts\/30882158","targetHints":{"allow":["GET"]}}],"collection":[{"href":"https:\/\/www.upo.es\/diario\/wp-json\/wp\/v2\/posts"}],"about":[{"href":"https:\/\/www.upo.es\/diario\/wp-json\/wp\/v2\/types\/post"}],"author":[{"embeddable":true,"href":"https:\/\/www.upo.es\/diario\/wp-json\/wp\/v2\/users\/2"}],"replies":[{"embeddable":true,"href":"https:\/\/www.upo.es\/diario\/wp-json\/wp\/v2\/comments?post=30882158"}],"version-history":[{"count":2,"href":"https:\/\/www.upo.es\/diario\/wp-json\/wp\/v2\/posts\/30882158\/revisions"}],"predecessor-version":[{"id":30882162,"href":"https:\/\/www.upo.es\/diario\/wp-json\/wp\/v2\/posts\/30882158\/revisions\/30882162"}],"wp:featuredmedia":[{"embeddable":true,"href":"https:\/\/www.upo.es\/diario\/wp-json\/wp\/v2\/media\/30882159"}],"wp:attachment":[{"href":"https:\/\/www.upo.es\/diario\/wp-json\/wp\/v2\/media?parent=30882158"}],"wp:term":[{"taxonomy":"category","embeddable":true,"href":"https:\/\/www.upo.es\/diario\/wp-json\/wp\/v2\/categories?post=30882158"},{"taxonomy":"post_tag","embeddable":true,"href":"https:\/\/www.upo.es\/diario\/wp-json\/wp\/v2\/tags?post=30882158"}],"curies":[{"name":"wp","href":"https:\/\/api.w.org\/{rel}","templated":true}]}}