{"id":30882163,"date":"2024-05-09T14:53:37","date_gmt":"2024-05-09T12:53:37","guid":{"rendered":"https:\/\/www.upo.es\/diario\/?p=30882163"},"modified":"2024-11-13T22:04:00","modified_gmt":"2024-11-13T21:04:00","slug":"comunicado-sobre-la-situacion-en-la-franja-de-gaza","status":"publish","type":"post","link":"https:\/\/www.upo.es\/diario\/institucional\/2024\/05\/comunicado-sobre-la-situacion-en-la-franja-de-gaza\/","title":{"rendered":"Comunicado de las Universidades P\u00fablicas de Andaluc\u00eda sobre el conflicto en Palestina"},"content":{"rendered":"<p><img loading=\"lazy\" decoding=\"async\" class=\"aligncenter size-large wp-image-30882167\" src=\"https:\/\/www.upo.es\/diario\/wp-content\/uploads\/2024\/05\/np_LOGOS_AUPA-750x384.jpg\" alt=\"Logos de las Universidades p\u00fablicas andaluzas\" width=\"750\" height=\"384\" srcset=\"https:\/\/www.upo.es\/diario\/wp-content\/uploads\/2024\/05\/np_LOGOS_AUPA-750x384.jpg 750w, https:\/\/www.upo.es\/diario\/wp-content\/uploads\/2024\/05\/np_LOGOS_AUPA-420x215.jpg 420w, https:\/\/www.upo.es\/diario\/wp-content\/uploads\/2024\/05\/np_LOGOS_AUPA-768x393.jpg 768w, https:\/\/www.upo.es\/diario\/wp-content\/uploads\/2024\/05\/np_LOGOS_AUPA.jpg 880w\" sizes=\"auto, (max-width: 750px) 100vw, 750px\" \/>Desde las Universidades P\u00fablicas de Andaluc\u00eda queremos manifestar nuestro apoyo a las medidas adoptadas por la Junta Rectora de la Conferencia de Rectores y Rectoras de las Universidades Espa\u00f1olas (CRUE), en relaci\u00f3n a la grave situaci\u00f3n que se est\u00e1 viviendo en Gaza.<\/p>\n<p>La preocupaci\u00f3n que atraviesa a nuestra comunidad universitaria en estos momentos es un fiel reflejo del compromiso inquebrantable de las universidades p\u00fablicas de Andaluc\u00eda con el respeto \u00edntegro a los derechos humanos y la cultura de paz.<\/p>\n<p>Es por ello que nos sumamos a la posici\u00f3n expresada por CRUE, y tambi\u00e9n exigimos:<\/p>\n<ul>\n<li>El cese inmediato y definitivo de las operaciones militares del ej\u00e9rcito israel\u00ed, as\u00ed como de cualquier acci\u00f3n de car\u00e1cter terrorista, y la liberaci\u00f3n de las personas secuestradas por Hamas.<\/li>\n<li>Que el Estado de Israel respete el derecho internacional y permita la entrada en Gaza de toda la ayuda humanitaria que pueda proveerse para cubrir la emergencia de su poblaci\u00f3n civil, y que se articulen las medidas que correspondan por parte de las instancias internacionales para acometer lo antes posible la reconstrucci\u00f3n y recuperaci\u00f3n del territorio palestino.<\/li>\n<\/ul>\n<p>Y nos comprometemos a:<\/p>\n<ul>\n<li>Revisar y, en su caso, suspender los acuerdos de colaboraci\u00f3n con universidades y centros de investigaci\u00f3n israel\u00edes que no hayan expresado un firme compromiso con la paz y el cumplimiento del derecho internacional humanitario.<\/li>\n<li>Intensificar la cooperaci\u00f3n con el sistema cient\u00edfico y de educaci\u00f3n superior palestino y ampliar nuestros programas de cooperaci\u00f3n, voluntariado y atenci\u00f3n a la poblaci\u00f3n refugiada.<\/li>\n<li>Velar por que en el ejercicio de la libre expresi\u00f3n no se produzcan conductas, igualmente reprobables, de antisemitismo o islamofobia, as\u00ed como cualquier otro comportamiento de odio en el seno de las comunidades universitarias.<\/li>\n<\/ul>\n<p>&nbsp;<\/p>\n<p>Jos\u00e9 Joaqu\u00edn C\u00e9spedes Lorente, Rector de la Universidad de Almer\u00eda<\/p>\n<p>Casimiro Mantell Serrano, Rector Universidad de C\u00e1diz<\/p>\n<p>Manuel Torralbo Rodr\u00edguez, Rector de la Universidad de C\u00f3rdoba<\/p>\n<p>Pedro Mercado Pacheco, Rector de la Universidad de Granada<\/p>\n<p>M\u00aa Antonia Pe\u00f1a Guerrero, Rectora de la Universidad de Huelva<\/p>\n<p>Jos\u00e9 Ignacio Garc\u00eda P\u00e9rez, Rector de la Universidad Internacional de Andaluc\u00eda<\/p>\n<p>Nicol\u00e1s Ruiz Reyes, Rector de la Universidad de Ja\u00e9n<\/p>\n<p>Juan Teodomiro L\u00f3pez Navarrete, Rector Universidad de M\u00e1laga<\/p>\n<p>Francisco Oliva Bl\u00e1zquez, Rector de la Universidad Pablo de Olavide<\/p>\n<p>Miguel \u00c1ngel Castro Arroyo, Rector de la Universidad de Sevilla<\/p>\n","protected":false},"excerpt":{"rendered":"<p>Desde las Universidades P\u00fablicas de Andaluc\u00eda queremos manifestar nuestro apoyo a las medidas adoptadas por la Junta Rectora de la Conferencia de Rectores y Rectoras de las Universidades Espa\u00f1olas (CRUE), en relaci\u00f3n a la grave situaci\u00f3n que se est\u00e1 viviendo en Gaza.<\/p>\n","protected":false},"author":6,"featured_media":30882353,"comment_status":"closed","ping_status":"open","sticky":false,"template":"","format":"standard","meta":{"_monsterinsights_skip_tracking":false,"_monsterinsights_sitenote_active":false,"_monsterinsights_sitenote_note":"","_monsterinsights_sitenote_category":0,"footnotes":""},"categories":[6],"tags":[190,107,37,4848,4124,2013,352,464,2514],"class_list":["post-30882163","post","type-post","status-publish","format-standard","has-post-thumbnail","hentry","category-institucional","tag-andalucia","tag-campus","tag-comunicado","tag-conflicto-belico","tag-crue-universidades-espanolas","tag-israel","tag-palestina","tag-paz","tag-universidades-publicas"],"_links":{"self":[{"href":"https:\/\/www.upo.es\/diario\/wp-json\/wp\/v2\/posts\/30882163","targetHints":{"allow":["GET"]}}],"collection":[{"href":"https:\/\/www.upo.es\/diario\/wp-json\/wp\/v2\/posts"}],"about":[{"href":"https:\/\/www.upo.es\/diario\/wp-json\/wp\/v2\/types\/post"}],"author":[{"embeddable":true,"href":"https:\/\/www.upo.es\/diario\/wp-json\/wp\/v2\/users\/6"}],"replies":[{"embeddable":true,"href":"https:\/\/www.upo.es\/diario\/wp-json\/wp\/v2\/comments?post=30882163"}],"version-history":[{"count":5,"href":"https:\/\/www.upo.es\/diario\/wp-json\/wp\/v2\/posts\/30882163\/revisions"}],"predecessor-version":[{"id":30882169,"href":"https:\/\/www.upo.es\/diario\/wp-json\/wp\/v2\/posts\/30882163\/revisions\/30882169"}],"wp:featuredmedia":[{"embeddable":true,"href":"https:\/\/www.upo.es\/diario\/wp-json\/wp\/v2\/media\/30882353"}],"wp:attachment":[{"href":"https:\/\/www.upo.es\/diario\/wp-json\/wp\/v2\/media?parent=30882163"}],"wp:term":[{"taxonomy":"category","embeddable":true,"href":"https:\/\/www.upo.es\/diario\/wp-json\/wp\/v2\/categories?post=30882163"},{"taxonomy":"post_tag","embeddable":true,"href":"https:\/\/www.upo.es\/diario\/wp-json\/wp\/v2\/tags?post=30882163"}],"curies":[{"name":"wp","href":"https:\/\/api.w.org\/{rel}","templated":true}]}}