{"id":30882203,"date":"2024-05-13T10:47:50","date_gmt":"2024-05-13T08:47:50","guid":{"rendered":"https:\/\/www.upo.es\/diario\/?p=30882203"},"modified":"2024-05-14T12:23:24","modified_gmt":"2024-05-14T10:23:24","slug":"el-alumnado-egresado-en-traduccion-e-interpretacion-en-ingles-celebra-su-ceremonia-de-graduacion","status":"publish","type":"post","link":"https:\/\/www.upo.es\/diario\/comunidad\/2024\/05\/el-alumnado-egresado-en-traduccion-e-interpretacion-en-ingles-celebra-su-ceremonia-de-graduacion\/","title":{"rendered":"El alumnado egresado en Traducci\u00f3n e Interpretaci\u00f3n en Ingl\u00e9s celebra su ceremonia de graduaci\u00f3n"},"content":{"rendered":"<figure id=\"attachment_30882249\" aria-describedby=\"caption-attachment-30882249\" style=\"width: 750px\" class=\"wp-caption aligncenter\"><a href=\"https:\/\/www.upo.es\/diario\/wp-content\/uploads\/2024\/05\/32b54d99-f3da-465a-993b-b1e5c2662ecc-scaled.jpg\"><img loading=\"lazy\" decoding=\"async\" class=\"size-large wp-image-30882249\" src=\"https:\/\/www.upo.es\/diario\/wp-content\/uploads\/2024\/05\/32b54d99-f3da-465a-993b-b1e5c2662ecc-750x422.jpg\" alt=\"\" width=\"750\" height=\"422\" srcset=\"https:\/\/www.upo.es\/diario\/wp-content\/uploads\/2024\/05\/32b54d99-f3da-465a-993b-b1e5c2662ecc-750x422.jpg 750w, https:\/\/www.upo.es\/diario\/wp-content\/uploads\/2024\/05\/32b54d99-f3da-465a-993b-b1e5c2662ecc-420x237.jpg 420w, https:\/\/www.upo.es\/diario\/wp-content\/uploads\/2024\/05\/32b54d99-f3da-465a-993b-b1e5c2662ecc-768x432.jpg 768w, https:\/\/www.upo.es\/diario\/wp-content\/uploads\/2024\/05\/32b54d99-f3da-465a-993b-b1e5c2662ecc-1536x865.jpg 1536w, https:\/\/www.upo.es\/diario\/wp-content\/uploads\/2024\/05\/32b54d99-f3da-465a-993b-b1e5c2662ecc-2048x1153.jpg 2048w, https:\/\/www.upo.es\/diario\/wp-content\/uploads\/2024\/05\/32b54d99-f3da-465a-993b-b1e5c2662ecc-1320x743.jpg 1320w\" sizes=\"auto, (max-width: 750px) 100vw, 750px\" \/><\/a><figcaption id=\"caption-attachment-30882249\" class=\"wp-caption-text\">Promoci\u00f3n 2020\/2024 del Grado en Traducci\u00f3n e Interpretaci\u00f3n en Ingl\u00e9s<\/figcaption><\/figure>\n<p><strong>La promoci\u00f3n 2020\/2024 del Grado en Traducci\u00f3n e Interpretaci\u00f3n en Ingl\u00e9s<\/strong> celebr\u00f3 su ceremonia de graduaci\u00f3n el pasado viernes en el Paraninfo de la Universidad Pablo de Olavide. El acto fue presidido por la decana de la Facultad de Humanidades, Mar\u00eda Losada Friend.<\/p>\n<figure id=\"attachment_30882205\" aria-describedby=\"caption-attachment-30882205\" style=\"width: 420px\" class=\"wp-caption alignright\"><a href=\"https:\/\/www.upo.es\/diario\/wp-content\/uploads\/2024\/05\/05b1b2ce-0401-4f46-a193-1f9c950c78ef-scaled.jpg\"><img loading=\"lazy\" decoding=\"async\" class=\"size-medium wp-image-30882205\" src=\"https:\/\/www.upo.es\/diario\/wp-content\/uploads\/2024\/05\/05b1b2ce-0401-4f46-a193-1f9c950c78ef-420x237.jpg\" alt=\"\" width=\"420\" height=\"237\" srcset=\"https:\/\/www.upo.es\/diario\/wp-content\/uploads\/2024\/05\/05b1b2ce-0401-4f46-a193-1f9c950c78ef-420x237.jpg 420w, https:\/\/www.upo.es\/diario\/wp-content\/uploads\/2024\/05\/05b1b2ce-0401-4f46-a193-1f9c950c78ef-750x422.jpg 750w, https:\/\/www.upo.es\/diario\/wp-content\/uploads\/2024\/05\/05b1b2ce-0401-4f46-a193-1f9c950c78ef-768x432.jpg 768w, https:\/\/www.upo.es\/diario\/wp-content\/uploads\/2024\/05\/05b1b2ce-0401-4f46-a193-1f9c950c78ef-1536x865.jpg 1536w, https:\/\/www.upo.es\/diario\/wp-content\/uploads\/2024\/05\/05b1b2ce-0401-4f46-a193-1f9c950c78ef-2048x1153.jpg 2048w, https:\/\/www.upo.es\/diario\/wp-content\/uploads\/2024\/05\/05b1b2ce-0401-4f46-a193-1f9c950c78ef-1320x743.jpg 1320w\" sizes=\"auto, (max-width: 420px) 100vw, 420px\" \/><\/a><figcaption id=\"caption-attachment-30882205\" class=\"wp-caption-text\">Los estudiantes Roc\u00edo Mu\u00f1oz y Alex Ib\u00e1\u00f1ez<\/figcaption><\/figure>\n<p><strong>El padrino de la promoci\u00f3n ha sido Miguel Cisneros Perales, profesor del \u00c1rea de Traducci\u00f3n e Interpretaci\u00f3n de la Universidad Complutense de Madrid<\/strong>. Asimismo, el invitado de honor al acto ha sido el profesor del \u00c1rea de Traducci\u00f3n e Interpretaci\u00f3n de la UPO, Manuel Barea Mu\u00f1oz. A la ceremonia tambi\u00e9n han asistido Crist\u00f3bal J. \u00c1lvarez L\u00f3pez, vicedecano de Relaciones Externas y Comunicaci\u00f3n de la Facultad de Humanidades y Mar\u00eda de los \u00c1ngeles Conde Parrilla, secretaria de la Facultad de Humanidades.<\/p>\n<p>En representaci\u00f3n del alumnado egresado, pronunciaron los discursos Roc\u00edo Mu\u00f1oz Macarro y Alex Ib\u00e1\u00f1ez Chaves. Un total de 91 egresados y egresadas asistieron, junto a sus familiares, a este acto con el que la Universidad Pablo de Olavide recupera una antigua tradici\u00f3n de las universidades europeas.<\/p>\n","protected":false},"excerpt":{"rendered":"<p>La promoci\u00f3n 2020\/2024 del Grado en Traducci\u00f3n en Ingl\u00e9s celebr\u00f3 su ceremonia de graduaci\u00f3n en el Paraninfo de la Universidad Pablo de Olavide. El acto fue presidido por la decana de la Facultad de Humanidades, Mar\u00eda Losada Friend.<\/p>\n","protected":false},"author":4,"featured_media":30882249,"comment_status":"closed","ping_status":"open","sticky":false,"template":"","format":"standard","meta":{"_monsterinsights_skip_tracking":false,"_monsterinsights_sitenote_active":false,"_monsterinsights_sitenote_note":"","_monsterinsights_sitenote_category":0,"footnotes":""},"categories":[5842],"tags":[581,96,5988],"class_list":["post-30882203","post","type-post","status-publish","format-standard","has-post-thumbnail","hentry","category-comunidad","tag-ceremonia-de-egresados","tag-facultad-de-humanidades","tag-grado-en-traduccion-e-interpretacion-en-ingles"],"_links":{"self":[{"href":"https:\/\/www.upo.es\/diario\/wp-json\/wp\/v2\/posts\/30882203","targetHints":{"allow":["GET"]}}],"collection":[{"href":"https:\/\/www.upo.es\/diario\/wp-json\/wp\/v2\/posts"}],"about":[{"href":"https:\/\/www.upo.es\/diario\/wp-json\/wp\/v2\/types\/post"}],"author":[{"embeddable":true,"href":"https:\/\/www.upo.es\/diario\/wp-json\/wp\/v2\/users\/4"}],"replies":[{"embeddable":true,"href":"https:\/\/www.upo.es\/diario\/wp-json\/wp\/v2\/comments?post=30882203"}],"version-history":[{"count":3,"href":"https:\/\/www.upo.es\/diario\/wp-json\/wp\/v2\/posts\/30882203\/revisions"}],"predecessor-version":[{"id":30882251,"href":"https:\/\/www.upo.es\/diario\/wp-json\/wp\/v2\/posts\/30882203\/revisions\/30882251"}],"wp:featuredmedia":[{"embeddable":true,"href":"https:\/\/www.upo.es\/diario\/wp-json\/wp\/v2\/media\/30882249"}],"wp:attachment":[{"href":"https:\/\/www.upo.es\/diario\/wp-json\/wp\/v2\/media?parent=30882203"}],"wp:term":[{"taxonomy":"category","embeddable":true,"href":"https:\/\/www.upo.es\/diario\/wp-json\/wp\/v2\/categories?post=30882203"},{"taxonomy":"post_tag","embeddable":true,"href":"https:\/\/www.upo.es\/diario\/wp-json\/wp\/v2\/tags?post=30882203"}],"curies":[{"name":"wp","href":"https:\/\/api.w.org\/{rel}","templated":true}]}}