{"id":30882231,"date":"2024-05-13T15:54:31","date_gmt":"2024-05-13T13:54:31","guid":{"rendered":"https:\/\/www.upo.es\/diario\/?p=30882231"},"modified":"2024-05-13T15:54:31","modified_gmt":"2024-05-13T13:54:31","slug":"lina-galvez-conversando-sobre-europa","status":"publish","type":"post","link":"https:\/\/www.upo.es\/diario\/docencia-formacion\/2024\/05\/lina-galvez-conversando-sobre-europa\/","title":{"rendered":"Lina G\u00e1lvez, en un encuentro con estudiantes: \u201cLa UE es \u00fanica, no existe nada parecido, ni en la historia ni en ning\u00fan otro sitio del mundo\u201d"},"content":{"rendered":"<figure id=\"attachment_30882232\" aria-describedby=\"caption-attachment-30882232\" style=\"width: 750px\" class=\"wp-caption aligncenter\"><a href=\"https:\/\/www.upo.es\/diario\/wp-content\/uploads\/2024\/05\/Conf-UE-LinaGalvez-7667-scaled.jpg\"><img loading=\"lazy\" decoding=\"async\" class=\"size-large wp-image-30882232\" src=\"https:\/\/www.upo.es\/diario\/wp-content\/uploads\/2024\/05\/Conf-UE-LinaGalvez-7667-750x500.jpg\" alt=\"Francisco Oliva y Lina G\u00e1lvez durante el encuentro 'Conversando sobre Europa'\" width=\"750\" height=\"500\" srcset=\"https:\/\/www.upo.es\/diario\/wp-content\/uploads\/2024\/05\/Conf-UE-LinaGalvez-7667-750x500.jpg 750w, https:\/\/www.upo.es\/diario\/wp-content\/uploads\/2024\/05\/Conf-UE-LinaGalvez-7667-420x280.jpg 420w, https:\/\/www.upo.es\/diario\/wp-content\/uploads\/2024\/05\/Conf-UE-LinaGalvez-7667-768x512.jpg 768w, https:\/\/www.upo.es\/diario\/wp-content\/uploads\/2024\/05\/Conf-UE-LinaGalvez-7667-1536x1024.jpg 1536w, https:\/\/www.upo.es\/diario\/wp-content\/uploads\/2024\/05\/Conf-UE-LinaGalvez-7667-2048x1365.jpg 2048w\" sizes=\"auto, (max-width: 750px) 100vw, 750px\" \/><\/a><figcaption id=\"caption-attachment-30882232\" class=\"wp-caption-text\">Francisco Oliva y Lina G\u00e1lvez durante el encuentro &#8216;Conversando sobre Europa&#8217;<\/figcaption><\/figure>\n<p>\u201cLa paz mundial no puede salvaguardarse sin unos esfuerzos creadores equiparables a los peligros que la amenazan\u201d, con estas palabras se iniciaba la <a href=\"https:\/\/european-union.europa.eu\/principles-countries-history\/history-eu\/1945-59\/schuman-declaration-may-1950_es\">Declaraci\u00f3n de Schuman,<\/a> pronunciada por el ministro de Exteriores de Francia en 1950. De esta forma, un 9 de mayo, motivo por el que se celebra en esta fecha el <a href=\"https:\/\/spain.representation.ec.europa.eu\/noticias-eventos\/dia-de-europa_es\">D\u00eda de Europa<\/a>, y cinco a\u00f1os despu\u00e9s de finalizar la II Guerra Mundial, comenzaba un camino de cooperaci\u00f3n para la paz y la prosperidad entre los pa\u00edses del continente a trav\u00e9s de instituciones supranacionales, que hoy forman la Uni\u00f3n Europea (UE).<\/p>\n<figure id=\"attachment_30882234\" aria-describedby=\"caption-attachment-30882234\" style=\"width: 280px\" class=\"wp-caption alignright\"><a href=\"https:\/\/www.upo.es\/diario\/wp-content\/uploads\/2024\/05\/Conf-UE-LinaGalvez-7744-scaled.jpg\"><img loading=\"lazy\" decoding=\"async\" class=\"size-medium wp-image-30882234\" src=\"https:\/\/www.upo.es\/diario\/wp-content\/uploads\/2024\/05\/Conf-UE-LinaGalvez-7744-280x420.jpg\" alt=\"Lina G\u00e1lvez\" width=\"280\" height=\"420\" srcset=\"https:\/\/www.upo.es\/diario\/wp-content\/uploads\/2024\/05\/Conf-UE-LinaGalvez-7744-280x420.jpg 280w, https:\/\/www.upo.es\/diario\/wp-content\/uploads\/2024\/05\/Conf-UE-LinaGalvez-7744-350x525.jpg 350w, https:\/\/www.upo.es\/diario\/wp-content\/uploads\/2024\/05\/Conf-UE-LinaGalvez-7744-768x1152.jpg 768w, https:\/\/www.upo.es\/diario\/wp-content\/uploads\/2024\/05\/Conf-UE-LinaGalvez-7744-1024x1536.jpg 1024w, https:\/\/www.upo.es\/diario\/wp-content\/uploads\/2024\/05\/Conf-UE-LinaGalvez-7744-1366x2048.jpg 1366w, https:\/\/www.upo.es\/diario\/wp-content\/uploads\/2024\/05\/Conf-UE-LinaGalvez-7744-1320x1980.jpg 1320w, https:\/\/www.upo.es\/diario\/wp-content\/uploads\/2024\/05\/Conf-UE-LinaGalvez-7744-scaled.jpg 1707w\" sizes=\"auto, (max-width: 280px) 100vw, 280px\" \/><\/a><figcaption id=\"caption-attachment-30882234\" class=\"wp-caption-text\">Lina G\u00e1lvez<\/figcaption><\/figure>\n<p>Con motivo del D\u00eda de Europa, <strong>Lina G\u00e1lvez<\/strong>, catedr\u00e1tica de Historia e Instituciones Econ\u00f3micas de la Universidad Pablo de Olavide y diputada en el Parlamento europeo, ha mantenido hoy un encuentro con estudiantes del campus UPO bajo el t\u00edtulo <strong>\u2018Conversando sobre Europa\u2019<\/strong>. La eurodiputada del grupo S&amp;D, que ha sido presentada por el rector, <strong>Francisco Oliva<\/strong>, ha expuesto durante su charla el funcionamiento de las instituciones de la UE y por qu\u00e9 es importante la participaci\u00f3n en las elecciones europeas ya que \u201chay que participar en los procesos democr\u00e1ticos para poder defender la democracia\u201d.<\/p>\n<p><strong>La defensa de la democracia, junto a la seguridad y la capacidad de financiaci\u00f3n de la UE para abordar las transiciones verde y digital, son los principales retos que afronta Europa<\/strong>, ha afirmado Lina G\u00e1lvez, contestando a preguntas de los estudiantes. En este sentido, la europarlamentaria ha defendido la necesidad de \u201cm\u00e1s Europa\u201d para que estas transiciones se produzcan de la manera m\u00e1s justa posible. Asimismo, ha destacado el papel de las universidades ya que \u201cestas transiciones requieren innovaci\u00f3n, y ah\u00ed los campus son clave, para desarrollarla y para su traslado efectivo a los territorios\u201d.<\/p>\n<p><strong>\u201c\u00bfQu\u00e9 podemos hacer juntos qu\u00e9 nos venga mejor a todos?\u201d<\/strong> es la pregunta que da sentido a <strong>la Uni\u00f3n Europea, un proyecto que la catedr\u00e1tica de la UPO ha definido como \u201c\u00fanico, no existe nada parecido, ni en la historia ni en ning\u00fan otro sitio en el mundo.<\/strong> No es un estado naci\u00f3n, ni un estado federal. Los estados tienen cosoberan\u00eda\u201d. As\u00ed, ha explicado que el 60% de la legislaci\u00f3n en los pa\u00edses europeos viene de la UE, \u201cpero no todo lo dicta Europa, luego cada pa\u00eds adapta las normas\u201d.<\/p>\n<p>El rector de la Universidad Pablo de Olavide ha resaltado la trayectoria acad\u00e9mica de Lina G\u00e1lvez y ha hecho hincapi\u00e9 en la importancia de la UE, tanto para los ciudadanos como en las Universidades. \u201cLa UE a veces se ve como algo lejano e intangible, pero vamos a reformar un edificio del campus con fondos europeos, y pronto sumaremos dos instalaciones para la investigaci\u00f3n gracias a su financiaci\u00f3n\u201d.<\/p>\n","protected":false},"excerpt":{"rendered":"<p>Con motivo del D\u00eda de Europa, Lina G\u00e1lvez, catedr\u00e1tica de Historia e Instituciones Econ\u00f3micas de la Universidad Pablo de Olavide y diputada en el Parlamento europeo, ha mantenido hoy un encuentro con estudiantes del campus UPO bajo el t\u00edtulo \u2018Conversando sobre Europa\u2019.<\/p>\n","protected":false},"author":6,"featured_media":30882232,"comment_status":"closed","ping_status":"open","sticky":false,"template":"","format":"standard","meta":{"_monsterinsights_skip_tracking":false,"_monsterinsights_sitenote_active":false,"_monsterinsights_sitenote_note":"","_monsterinsights_sitenote_category":0,"footnotes":""},"categories":[2779],"tags":[598,227,744,454,4021,898,464,171,68],"class_list":["post-30882231","post","type-post","status-publish","format-standard","has-post-thumbnail","hentry","category-docencia-formacion","tag-ciencias-politicas","tag-conferencia","tag-democracia","tag-europa","tag-francisco-oliva-blazquez","tag-lina-galvez","tag-paz","tag-relaciones-internacionales","tag-union-europea"],"_links":{"self":[{"href":"https:\/\/www.upo.es\/diario\/wp-json\/wp\/v2\/posts\/30882231","targetHints":{"allow":["GET"]}}],"collection":[{"href":"https:\/\/www.upo.es\/diario\/wp-json\/wp\/v2\/posts"}],"about":[{"href":"https:\/\/www.upo.es\/diario\/wp-json\/wp\/v2\/types\/post"}],"author":[{"embeddable":true,"href":"https:\/\/www.upo.es\/diario\/wp-json\/wp\/v2\/users\/6"}],"replies":[{"embeddable":true,"href":"https:\/\/www.upo.es\/diario\/wp-json\/wp\/v2\/comments?post=30882231"}],"version-history":[{"count":2,"href":"https:\/\/www.upo.es\/diario\/wp-json\/wp\/v2\/posts\/30882231\/revisions"}],"predecessor-version":[{"id":30882235,"href":"https:\/\/www.upo.es\/diario\/wp-json\/wp\/v2\/posts\/30882231\/revisions\/30882235"}],"wp:featuredmedia":[{"embeddable":true,"href":"https:\/\/www.upo.es\/diario\/wp-json\/wp\/v2\/media\/30882232"}],"wp:attachment":[{"href":"https:\/\/www.upo.es\/diario\/wp-json\/wp\/v2\/media?parent=30882231"}],"wp:term":[{"taxonomy":"category","embeddable":true,"href":"https:\/\/www.upo.es\/diario\/wp-json\/wp\/v2\/categories?post=30882231"},{"taxonomy":"post_tag","embeddable":true,"href":"https:\/\/www.upo.es\/diario\/wp-json\/wp\/v2\/tags?post=30882231"}],"curies":[{"name":"wp","href":"https:\/\/api.w.org\/{rel}","templated":true}]}}