{"id":30882244,"date":"2024-05-13T11:29:36","date_gmt":"2024-05-13T09:29:36","guid":{"rendered":"https:\/\/www.upo.es\/diario\/?p=30882244"},"modified":"2024-05-14T11:38:21","modified_gmt":"2024-05-14T09:38:21","slug":"son-necesarios-esfuerzos-colectivos-para-hacer-sostenible-nuestro-patrimonio","status":"publish","type":"post","link":"https:\/\/www.upo.es\/diario\/docencia-formacion\/2024\/05\/son-necesarios-esfuerzos-colectivos-para-hacer-sostenible-nuestro-patrimonio\/","title":{"rendered":"\u00abSon necesarios esfuerzos colectivos para hacer sostenible nuestro patrimonio\u00bb"},"content":{"rendered":"<p><a href=\"https:\/\/www.upo.es\/diario\/wp-content\/uploads\/2024\/05\/Miguel-Angel-Castro-03.jpg\"><img loading=\"lazy\" decoding=\"async\" class=\"aligncenter size-large wp-image-30882245\" src=\"https:\/\/www.upo.es\/diario\/wp-content\/uploads\/2024\/05\/Miguel-Angel-Castro-03-750x500.jpg\" alt=\"\" width=\"750\" height=\"500\" srcset=\"https:\/\/www.upo.es\/diario\/wp-content\/uploads\/2024\/05\/Miguel-Angel-Castro-03-750x500.jpg 750w, https:\/\/www.upo.es\/diario\/wp-content\/uploads\/2024\/05\/Miguel-Angel-Castro-03-420x280.jpg 420w, https:\/\/www.upo.es\/diario\/wp-content\/uploads\/2024\/05\/Miguel-Angel-Castro-03-768x512.jpg 768w, https:\/\/www.upo.es\/diario\/wp-content\/uploads\/2024\/05\/Miguel-Angel-Castro-03-1536x1024.jpg 1536w, https:\/\/www.upo.es\/diario\/wp-content\/uploads\/2024\/05\/Miguel-Angel-Castro-03-165x109.jpg 165w, https:\/\/www.upo.es\/diario\/wp-content\/uploads\/2024\/05\/Miguel-Angel-Castro-03-1320x880.jpg 1320w, https:\/\/www.upo.es\/diario\/wp-content\/uploads\/2024\/05\/Miguel-Angel-Castro-03.jpg 1776w\" sizes=\"auto, (max-width: 750px) 100vw, 750px\" \/><\/a><\/p>\n<p>El patrimonio necesita de esfuerzos colectivos que aseguren su conservaci\u00f3n y que permitan su difusi\u00f3n. Unos esfuerzos que tienen que llevarse a cabo con pol\u00edticas culturales apropiadas por parte de los Gobiernos; con el papel protagonista de las universidades, que muestren su utilidad; y con la implicaci\u00f3n de la sociedad, ya que \u00abel patrimonio es lo que nos hace ser quienes somos y debe tener un lugar relevante en la sociedad\u00bb. Es una de las grandes ideas que ha desarrollado\u00a0<strong>Valerie Magar,<\/strong>\u00a0del\u00a0<a href=\"https:\/\/www.iccrom.org\/es\" target=\"_blank\" rel=\"noopener\">Centro Internacional de Estudios para la Conservaci\u00f3n y la Restauraci\u00f3n de los Bienes Culturales (ICCROM)<\/a>\u00a0de\u00a0Roma, durante la conferencia inaugural del\u00a0<strong>I Encuentro Iberoamericano de Patrimonio Universitario<\/strong>, que hasta el 15 de mayo re\u00fane en la Universidad de Sevilla a m\u00e1s de 70 expertos en patrimonio de una veintena de pa\u00edses de Am\u00e9rica y Europa.<\/p>\n<figure id=\"attachment_30882246\" aria-describedby=\"caption-attachment-30882246\" style=\"width: 420px\" class=\"wp-caption alignright\"><a href=\"https:\/\/www.upo.es\/diario\/wp-content\/uploads\/2024\/05\/Valerie-Magar-02.jpg\"><img loading=\"lazy\" decoding=\"async\" class=\"wp-image-30882246 size-medium\" src=\"https:\/\/www.upo.es\/diario\/wp-content\/uploads\/2024\/05\/Valerie-Magar-02-420x280.jpg\" alt=\"\" width=\"420\" height=\"280\" srcset=\"https:\/\/www.upo.es\/diario\/wp-content\/uploads\/2024\/05\/Valerie-Magar-02-420x280.jpg 420w, https:\/\/www.upo.es\/diario\/wp-content\/uploads\/2024\/05\/Valerie-Magar-02-750x500.jpg 750w, https:\/\/www.upo.es\/diario\/wp-content\/uploads\/2024\/05\/Valerie-Magar-02-768x512.jpg 768w, https:\/\/www.upo.es\/diario\/wp-content\/uploads\/2024\/05\/Valerie-Magar-02-1536x1024.jpg 1536w, https:\/\/www.upo.es\/diario\/wp-content\/uploads\/2024\/05\/Valerie-Magar-02-165x109.jpg 165w, https:\/\/www.upo.es\/diario\/wp-content\/uploads\/2024\/05\/Valerie-Magar-02-1320x880.jpg 1320w, https:\/\/www.upo.es\/diario\/wp-content\/uploads\/2024\/05\/Valerie-Magar-02.jpg 1776w\" sizes=\"auto, (max-width: 420px) 100vw, 420px\" \/><\/a><figcaption id=\"caption-attachment-30882246\" class=\"wp-caption-text\">Valerie Magar del Centro Internacional de Estudios para la Conservaci\u00f3n y la Restauraci\u00f3n de los Bienes Culturales (ICCROM) de Roma<\/figcaption><\/figure>\n<p>La Universidad de Sevilla es la anfitriona de este encuentro que <strong>aspira a tener car\u00e1cter anual<\/strong>\u00a0y que ha organizado junto con la\u00a0<a href=\"https:\/\/www.auip.org\/es\/\" target=\"_blank\" rel=\"noopener\">Asociaci\u00f3n Universitaria Iberoamericana de Postgrado (AUIP)<\/a>, presidida actualmente por Miguel \u00c1ngel Castro Arroyo, rector de la Universidad de Sevilla, que promueve este foro desde su\u00a0<a href=\"https:\/\/www.us.es\/trabaja-en-la-us\/servicios_centrales\/direccion-general-de-cultura-y-patrimon\" target=\"_blank\" rel=\"noopener\">Direcci\u00f3n de Cultura y Patrimonio<\/a>.<\/p>\n<p>Las universidades forman parte de la identidad de las ciudades y no se puede entender la relaci\u00f3n en el espacio iberoamericano sin ellas, que son importantes factores de cohesi\u00f3n social. \u201cQueremos volver a mirar el patrimonio, cu\u00e1l es su presente y su futuro, dando una\u00a0<strong>oportunidad a las nuevas voces y miradas<\/strong>\u00a0sobre el mismo, y alertando de los peligros que lo tensionan actualmente\u201d, explica\u00a0<strong>Miguel \u00c1ngel Castro<\/strong>, rector de la Universidad de Sevilla y presidente de la AUIP.<\/p>\n<p>Con el objetivo principal de reflexionar sobre la significaci\u00f3n social de los bienes culturales y las pol\u00edticas patrimoniales de las Universidades, este I Encuentro Iberoamericano incluir\u00e1 en su \u00faltima jornada la presentaci\u00f3n y firma de la \u2018<strong>Declaraci\u00f3n de Sevilla sobre el Patrimonio Universitario y su funci\u00f3n social\u2019<\/strong>, un importante documento que pretende reconocer la importancia del patrimonio cultural como eje de la acci\u00f3n social de las universidades p\u00fablicas.<\/p>\n<p>Entre los ponentes que compartir\u00e1n<strong>\u00a0experiencias transformadoras\u00a0<\/strong>y debatir\u00e1n las medidas que se est\u00e1n llevando a cabo en el \u00e1mbito iberoamericano para el reconocimiento, protecci\u00f3n y transmisi\u00f3n del patrimonio universitario figuran\u00a0<strong>representantes de la UNESCO, ICOMOS, directores de museos universitarios,<br \/>\nresponsables de cultura y patrimonio de las universidades p\u00fablicas espa\u00f1olas e iberoamericanas<\/strong>, arquitectos, escritores, archiveros\u2026<\/p>\n<p>La conferencia de clausura estar\u00e1 a cargo del escritor nacido en M\u00e9xico\u00a0<strong>Jordi Soler<\/strong>. Algunos nombres propios que compartir\u00e1n sus experiencias y proyectos son, por ejemplo, la nueva directora del Museo Universitario del Chopo (M\u00e9xico) Sol Henaro, la nueva directora del Museo Universitario de Arte Contempor\u00e1neo de la UNAM (M\u00e9xico) Tatiana Cuevas, el nuevo director del Museo Afro Brasil de Sao Paulo (Brasil) Helio Menezes, la directora regional de Cultura de Alentejo y vicepresidenta de ICOMOS Portugal Ana Paula Amendoeira o la directora de la Oficina Regional para los Pa\u00edses \u00c1rabes de la UNESCO, Nuria Sanz.<\/p>\n<h3>Tres intensas jornadas<\/h3>\n<p>A lo largo de tres intensas jornadas, este foro interuniversitario e interdisciplinar acoger\u00e1 distintas mesas redondas, ponencias y encuentros, en los cuales se abordar\u00e1n temas como la tutela del patrimonio y las pol\u00edticas culturales; los imaginarios compartidos; los retos de la protecci\u00f3n y conservaci\u00f3n del patrimonio; la transmisi\u00f3n de los acervos y su relaci\u00f3n con la ciudan\u00eda; el papel de las colecciones y museos universitarios; los retos de la museograf\u00eda y las intervenciones arquitect\u00f3nicas en museos hist\u00f3ricos; la activaci\u00f3n de los legados y archivos literarios; la protecci\u00f3n de la biodiversidad, el patrimonio natural y las colecciones cient\u00edficas; el futuro del patrimonio en zonas en conflicto y su nuevo papel como espacio de tensi\u00f3n en pleno debate sobre la descolonizaci\u00f3n de los museos.<\/p>\n<p>El congreso quiere tener tambi\u00e9n una importante dimensi\u00f3n p\u00fablica para acercar estos temas al conjunto de la sociedad. De ah\u00ed que haya dispuesto una serie de sesiones abiertas al p\u00fablico donde participar\u00e1n creadores y responsables de festivales, filmotecas y museos que trabajan con p\u00fablicos universitarios, como la directora de la Filmoteca Espa\u00f1ola Valeria Camporesi o el director de la SEMINCI de Valladolid, Jos\u00e9 Luis Cienfuegos; como los escritores Juan Manuel Bonet, Paulina Flores y Azahara Palomeque; o arquitectos como el Premio Nacional de Restauraci\u00f3n y Conservaci\u00f3n de Bienes Culturales Juan Pablo Rodr\u00edguez Frade y el Premio Nacional de Arquitectura Antonio Ortiz del estudio Cruz y Ortiz. El Paraninfo de la Universidad de Sevilla y el CICUS acoger\u00e1n las distintas sesiones.<\/p>\n<h3>Asamblea General que la AUIP<\/h3>\n<p>Para Luis M\u00e9ndez, director de Cultura y Patrimonio de la Universidad de Sevilla, y director tambi\u00e9n de este I Encuentro, \u201c<strong>se debe alentar a las universidades a establecer pol\u00edticas institucionales para proteger y crear conciencia sobre el valor de su patrimonio\u00a0<\/strong>y su significaci\u00f3n social, e instar tambi\u00e9n a los responsables universitarios a considerar el patrimonio de la instituci\u00f3n como parte fundamental de su responsabilidad administrativa y jur\u00eddica\u201d. Son algunas de las propuestas que los congresistas debatir\u00e1n en v\u00edsperas de la Asamblea General que la AUIP celebrar\u00e1 en la Universidad de Sevilla los d\u00edas 15, 16 y 17 de mayo de 2024,\u00a0<strong>con la presencia de rectores y representantes de las 300 instituciones afiliadas<\/strong>\u00a0a la AUIP bajo la presidencia del anfitri\u00f3n Miguel \u00c1ngel Castro.<\/p>\n<p>La vocaci\u00f3n de\u00a0<strong>Sevilla<\/strong>\u00a0como\u00a0<strong>puente cultural con Am\u00e9rica\u00a0<\/strong>quedar\u00e1 tambi\u00e9n de manifiesto con la celebraci\u00f3n de una serie de\u00a0<strong>actividades paralelas<\/strong>\u00a0entre las cuales destaca la exposici\u00f3n \u2018La memoria del mundo en el Archivo General de Indias\u2019 que, comisariada por el subdirector del Archivo, Guillermo Jos\u00e9 Mor\u00e1n Dauchez, podr\u00e1 verse en el edificio de la Lonja del 13 al 26 de mayo. La muestra permitir\u00e1 contemplar a locales y visitantes una parte peque\u00f1a pero altamente significativa del acervo del Archivo General de Indias, en concreto, los seis documentos originales inscritos en el Registro de la Memoria del Mundo de la UNESCO, de los que habitualmente se exhiben reproducciones facsimilares. La propia directora del Archivo General de Indias, Esther Cruces, participar\u00e1 en la jornada inaugural en el Paraninfo con una mesa redonda sobre la activaci\u00f3n de los archivos y bibliotecas.<\/p>\n<p>Fuente: Universidad de Sevilla<\/p>\n","protected":false},"excerpt":{"rendered":"<p>El patrimonio necesita de esfuerzos colectivos que aseguren su conservaci\u00f3n y que permitan su difusi\u00f3n. Unos esfuerzos que tienen que llevarse a cabo con pol\u00edticas culturales apropiadas por parte de los Gobiernos; con el papel protagonista de las universidades, que muestren su utilidad; y con la implicaci\u00f3n de la sociedad, ya que \u00abel patrimonio es lo que nos hace ser quienes somos y debe tener un lugar relevante en la sociedad\u00bb. Es una de las grandes ideas que ha desarrollado\u00a0Valerie Magar,\u00a0del\u00a0Centro Internacional de Estudios para la Conservaci\u00f3n y la Restauraci\u00f3n de los Bienes Culturales (ICCROM)\u00a0de\u00a0Roma, durante la conferencia inaugural del\u00a0I Encuentro Iberoamericano de Patrimonio Universitario,<\/p>\n","protected":false},"author":4,"featured_media":30882245,"comment_status":"closed","ping_status":"open","sticky":false,"template":"","format":"standard","meta":{"_acf_changed":false,"_monsterinsights_skip_tracking":false,"footnotes":""},"categories":[2779],"tags":[5345,8663,8803,8802,1163],"class_list":["post-30882244","post","type-post","status-publish","format-standard","has-post-thumbnail","hentry","category-docencia-formacion","tag-asamblea-general","tag-auip","tag-encuentro-iberoamericano","tag-patrimonio-universitario","tag-universidad-de-sevilla"],"acf":[],"_links":{"self":[{"href":"https:\/\/www.upo.es\/diario\/wp-json\/wp\/v2\/posts\/30882244","targetHints":{"allow":["GET"]}}],"collection":[{"href":"https:\/\/www.upo.es\/diario\/wp-json\/wp\/v2\/posts"}],"about":[{"href":"https:\/\/www.upo.es\/diario\/wp-json\/wp\/v2\/types\/post"}],"author":[{"embeddable":true,"href":"https:\/\/www.upo.es\/diario\/wp-json\/wp\/v2\/users\/4"}],"replies":[{"embeddable":true,"href":"https:\/\/www.upo.es\/diario\/wp-json\/wp\/v2\/comments?post=30882244"}],"version-history":[{"count":1,"href":"https:\/\/www.upo.es\/diario\/wp-json\/wp\/v2\/posts\/30882244\/revisions"}],"predecessor-version":[{"id":30882247,"href":"https:\/\/www.upo.es\/diario\/wp-json\/wp\/v2\/posts\/30882244\/revisions\/30882247"}],"wp:featuredmedia":[{"embeddable":true,"href":"https:\/\/www.upo.es\/diario\/wp-json\/wp\/v2\/media\/30882245"}],"wp:attachment":[{"href":"https:\/\/www.upo.es\/diario\/wp-json\/wp\/v2\/media?parent=30882244"}],"wp:term":[{"taxonomy":"category","embeddable":true,"href":"https:\/\/www.upo.es\/diario\/wp-json\/wp\/v2\/categories?post=30882244"},{"taxonomy":"post_tag","embeddable":true,"href":"https:\/\/www.upo.es\/diario\/wp-json\/wp\/v2\/tags?post=30882244"}],"curies":[{"name":"wp","href":"https:\/\/api.w.org\/{rel}","templated":true}]}}