{"id":30882317,"date":"2024-05-17T12:21:15","date_gmt":"2024-05-17T10:21:15","guid":{"rendered":"https:\/\/www.upo.es\/diario\/?p=30882317"},"modified":"2024-05-17T12:21:15","modified_gmt":"2024-05-17T10:21:15","slug":"la-primera-promocion-del-doble-grado-en-geografia-e-historia-y-relaciones-internacionales-celebra-su-ceremonia-de-graduacion","status":"publish","type":"post","link":"https:\/\/www.upo.es\/diario\/comunidad\/2024\/05\/la-primera-promocion-del-doble-grado-en-geografia-e-historia-y-relaciones-internacionales-celebra-su-ceremonia-de-graduacion\/","title":{"rendered":"La primera promoci\u00f3n del Doble Grado en Geograf\u00eda e Historia y Relaciones Internacionales celebra su ceremonia de graduaci\u00f3n"},"content":{"rendered":"<figure id=\"attachment_30882319\" aria-describedby=\"caption-attachment-30882319\" style=\"width: 750px\" class=\"wp-caption aligncenter\"><a href=\"https:\/\/www.upo.es\/diario\/wp-content\/uploads\/2024\/05\/ff3fdc27-e7be-4aec-a124-7fa7328fa295.jpg\"><img loading=\"lazy\" decoding=\"async\" class=\"size-large wp-image-30882319\" src=\"https:\/\/www.upo.es\/diario\/wp-content\/uploads\/2024\/05\/ff3fdc27-e7be-4aec-a124-7fa7328fa295-750x422.jpg\" alt=\"Estudiantes egresados de la UPO\" width=\"750\" height=\"422\" srcset=\"https:\/\/www.upo.es\/diario\/wp-content\/uploads\/2024\/05\/ff3fdc27-e7be-4aec-a124-7fa7328fa295-750x422.jpg 750w, https:\/\/www.upo.es\/diario\/wp-content\/uploads\/2024\/05\/ff3fdc27-e7be-4aec-a124-7fa7328fa295-420x236.jpg 420w, https:\/\/www.upo.es\/diario\/wp-content\/uploads\/2024\/05\/ff3fdc27-e7be-4aec-a124-7fa7328fa295-768x432.jpg 768w, https:\/\/www.upo.es\/diario\/wp-content\/uploads\/2024\/05\/ff3fdc27-e7be-4aec-a124-7fa7328fa295-1536x865.jpg 1536w, https:\/\/www.upo.es\/diario\/wp-content\/uploads\/2024\/05\/ff3fdc27-e7be-4aec-a124-7fa7328fa295-1320x743.jpg 1320w, https:\/\/www.upo.es\/diario\/wp-content\/uploads\/2024\/05\/ff3fdc27-e7be-4aec-a124-7fa7328fa295.jpg 2048w\" sizes=\"auto, (max-width: 750px) 100vw, 750px\" \/><\/a><figcaption id=\"caption-attachment-30882319\" class=\"wp-caption-text\">Primera promoci\u00f3n del Doble Grado en Geograf\u00eda e Historia y Relaciones Internacionales.<\/figcaption><\/figure>\n<p><strong>La primera promoci\u00f3n del Doble Grado en Geograf\u00eda e Historia y Relaciones Internacionales junto con la promoci\u00f3n 2020\/2024 del Grado en Geograf\u00eda e Historia<\/strong> celebraron su ceremonia de graduaci\u00f3n ayer jueves en el Paraninfo de la Universidad Pablo de Olavide. El acto fue presidido por la decana de la Facultad de Humanidades, Mar\u00eda Losada Friend, y el decano de la Facultad de Derecho, C\u00e9sar Hornero M\u00e9ndez.<\/p>\n<p>El padrino del estudiantado egresado en el doble grado ha sido el <strong>embajador de Espa\u00f1a Juan Antonio Y\u00e1nez-Barnuevo Garc\u00eda<\/strong> mientras que para el Grado en Geograf\u00eda e Historia el padrino ha sido <strong>Alberto Marina Castillo, profesor del \u00c1rea de Filolog\u00eda Latina de la Universidad de Sevilla<\/strong>. A la ceremonia tambi\u00e9n han asistido como invitados de honor Rafael \u00c1ngel Garc\u00eda P\u00e9rez, profesor del \u00c1rea de Derecho Internacional P\u00fablico y Relaciones Internacionales de la UPO, y Jos\u00e9 Manuel Cort\u00e9s Copete, catedr\u00e1tico de Historia Antigua de la UPO.<\/p>\n<p>En representaci\u00f3n del alumnado egresado, pronunciaron los discursos Laila El Khattabi y Germ\u00e1n Villa Castro del Doble Grado en Geograf\u00eda e Historia y Relaciones Internacionales; y Javier Garc\u00eda Collado y Francisco Jos\u00e9 V\u00e1zquez Dom\u00ednguez del Grado en Geograf\u00eda e Historia. Un total de 33 egresados y egresadas asistieron, junto a sus familiares, a este acto con el que la Universidad Pablo de Olavide recupera una antigua tradici\u00f3n de las universidades europeas.<\/p>\n<figure id=\"attachment_30882318\" aria-describedby=\"caption-attachment-30882318\" style=\"width: 750px\" class=\"wp-caption aligncenter\"><a href=\"https:\/\/www.upo.es\/diario\/wp-content\/uploads\/2024\/05\/f1e1b098-1d5a-4f57-87fa-a8f78b422a90.jpg\"><img loading=\"lazy\" decoding=\"async\" class=\"size-large wp-image-30882318\" src=\"https:\/\/www.upo.es\/diario\/wp-content\/uploads\/2024\/05\/f1e1b098-1d5a-4f57-87fa-a8f78b422a90-750x422.jpg\" alt=\"Egresados UPO\" width=\"750\" height=\"422\" srcset=\"https:\/\/www.upo.es\/diario\/wp-content\/uploads\/2024\/05\/f1e1b098-1d5a-4f57-87fa-a8f78b422a90-750x422.jpg 750w, https:\/\/www.upo.es\/diario\/wp-content\/uploads\/2024\/05\/f1e1b098-1d5a-4f57-87fa-a8f78b422a90-420x236.jpg 420w, https:\/\/www.upo.es\/diario\/wp-content\/uploads\/2024\/05\/f1e1b098-1d5a-4f57-87fa-a8f78b422a90-768x432.jpg 768w, https:\/\/www.upo.es\/diario\/wp-content\/uploads\/2024\/05\/f1e1b098-1d5a-4f57-87fa-a8f78b422a90-1536x865.jpg 1536w, https:\/\/www.upo.es\/diario\/wp-content\/uploads\/2024\/05\/f1e1b098-1d5a-4f57-87fa-a8f78b422a90-1320x743.jpg 1320w, https:\/\/www.upo.es\/diario\/wp-content\/uploads\/2024\/05\/f1e1b098-1d5a-4f57-87fa-a8f78b422a90.jpg 2048w\" sizes=\"auto, (max-width: 750px) 100vw, 750px\" \/><\/a><figcaption id=\"caption-attachment-30882318\" class=\"wp-caption-text\">Promoci\u00f3n 2020\/2024 del Grado en Geograf\u00eda e Historia.<\/figcaption><\/figure>\n","protected":false},"excerpt":{"rendered":"<p>La primera promoci\u00f3n del Doble Grado en Geograf\u00eda e Historia y Relaciones Internacionales junto con la promoci\u00f3n 2020\/2024 del Grado en Geograf\u00eda e Historia celebraron su ceremonia de graduaci\u00f3n en el Paraninfo de la Universidad Pablo de Olavide. El acto fue presidido por la decana de la Facultad de Humanidades, Mar\u00eda Losada Friend, y el decano de la Facultad de Derecho, C\u00e9sar Hornero M\u00e9ndez.<\/p>\n","protected":false},"author":4,"featured_media":30882319,"comment_status":"closed","ping_status":"open","sticky":false,"template":"","format":"standard","meta":{"_monsterinsights_skip_tracking":false,"_monsterinsights_sitenote_active":false,"_monsterinsights_sitenote_note":"","_monsterinsights_sitenote_category":0,"footnotes":""},"categories":[5842],"tags":[581,6044,81,96,1546],"class_list":["post-30882317","post","type-post","status-publish","format-standard","has-post-thumbnail","hentry","category-comunidad","tag-ceremonia-de-egresados","tag-doble-grado-en-geografia-e-historia-y-relaciones-internacionales","tag-facultad-de-derecho","tag-facultad-de-humanidades","tag-grado-en-geografia-e-historia"],"_links":{"self":[{"href":"https:\/\/www.upo.es\/diario\/wp-json\/wp\/v2\/posts\/30882317","targetHints":{"allow":["GET"]}}],"collection":[{"href":"https:\/\/www.upo.es\/diario\/wp-json\/wp\/v2\/posts"}],"about":[{"href":"https:\/\/www.upo.es\/diario\/wp-json\/wp\/v2\/types\/post"}],"author":[{"embeddable":true,"href":"https:\/\/www.upo.es\/diario\/wp-json\/wp\/v2\/users\/4"}],"replies":[{"embeddable":true,"href":"https:\/\/www.upo.es\/diario\/wp-json\/wp\/v2\/comments?post=30882317"}],"version-history":[{"count":1,"href":"https:\/\/www.upo.es\/diario\/wp-json\/wp\/v2\/posts\/30882317\/revisions"}],"predecessor-version":[{"id":30882320,"href":"https:\/\/www.upo.es\/diario\/wp-json\/wp\/v2\/posts\/30882317\/revisions\/30882320"}],"wp:featuredmedia":[{"embeddable":true,"href":"https:\/\/www.upo.es\/diario\/wp-json\/wp\/v2\/media\/30882319"}],"wp:attachment":[{"href":"https:\/\/www.upo.es\/diario\/wp-json\/wp\/v2\/media?parent=30882317"}],"wp:term":[{"taxonomy":"category","embeddable":true,"href":"https:\/\/www.upo.es\/diario\/wp-json\/wp\/v2\/categories?post=30882317"},{"taxonomy":"post_tag","embeddable":true,"href":"https:\/\/www.upo.es\/diario\/wp-json\/wp\/v2\/tags?post=30882317"}],"curies":[{"name":"wp","href":"https:\/\/api.w.org\/{rel}","templated":true}]}}