{"id":30882327,"date":"2024-05-17T19:34:02","date_gmt":"2024-05-17T17:34:02","guid":{"rendered":"https:\/\/www.upo.es\/diario\/?p=30882327"},"modified":"2024-05-17T15:41:35","modified_gmt":"2024-05-17T13:41:35","slug":"las-universidades-andaluzas-consolidan-su-liderazgo-en-el-espacio-iberoamericano-del-conocimiento","status":"publish","type":"post","link":"https:\/\/www.upo.es\/diario\/institucional\/2024\/05\/las-universidades-andaluzas-consolidan-su-liderazgo-en-el-espacio-iberoamericano-del-conocimiento\/","title":{"rendered":"Las universidades andaluzas consolidan su liderazgo en el Espacio Iberoamericano del Conocimiento"},"content":{"rendered":"<figure id=\"attachment_30882324\" aria-describedby=\"caption-attachment-30882324\" style=\"width: 750px\" class=\"wp-caption aligncenter\"><a href=\"https:\/\/www.upo.es\/diario\/wp-content\/uploads\/2024\/05\/Asamblea-AUIP.jpg\"><img loading=\"lazy\" decoding=\"async\" class=\"wp-image-30882324 size-large\" src=\"https:\/\/www.upo.es\/diario\/wp-content\/uploads\/2024\/05\/Asamblea-AUIP-750x448.jpg\" alt=\"Asamblea General de la AUIP celebrada en el Pabell\u00f3n de M\u00e9xico\" width=\"750\" height=\"448\" srcset=\"https:\/\/www.upo.es\/diario\/wp-content\/uploads\/2024\/05\/Asamblea-AUIP-750x448.jpg 750w, https:\/\/www.upo.es\/diario\/wp-content\/uploads\/2024\/05\/Asamblea-AUIP-420x251.jpg 420w, https:\/\/www.upo.es\/diario\/wp-content\/uploads\/2024\/05\/Asamblea-AUIP-768x459.jpg 768w, https:\/\/www.upo.es\/diario\/wp-content\/uploads\/2024\/05\/Asamblea-AUIP-1320x788.jpg 1320w, https:\/\/www.upo.es\/diario\/wp-content\/uploads\/2024\/05\/Asamblea-AUIP.jpg 1500w\" sizes=\"auto, (max-width: 750px) 100vw, 750px\" \/><\/a><figcaption id=\"caption-attachment-30882324\" class=\"wp-caption-text\">Asamblea General de la AUIP celebrada en el Pabell\u00f3n de M\u00e9xico<\/figcaption><\/figure>\n<p>La Asamblea General de la<strong> Asociaci\u00f3n Universitaria Iberoamericana de Postgrado (AUIP)<\/strong>, reunida en Sevilla durante los d\u00edas 15, 16 y 17 de mayo, ha llevado a cabo la elecci\u00f3n de su nueva <strong>Comisi\u00f3n Ejecutiva para el per\u00edodo 2024-2029<\/strong>, en la que el rector de la Universidad Pablo de Olavide, Francisco Oliva, ha resultado elegido presidente, y se incorporan como vicepresidente el rector de la Universidad Internacional de Andaluc\u00eda, Jos\u00e9 Ignacio P\u00e9rez, y como vocales los rectores de la Universidad de Granada, Pedro Mercado; de la Universidad de Ja\u00e9n, Nicol\u00e1s Ruiz; y de la Universidad de C\u00f3rdoba, Manuel Torralbo.<\/p>\n<p>De esta forma, las universidades andaluzas renuevan su liderazgo en la asociaci\u00f3n m\u00e1s representativa del <strong>Espacio Iberoamericano del Conocimiento<\/strong> (EIC), ya que la AUIP cuenta con m\u00e1s de 300 instituciones de Educaci\u00f3n Superior a un lado y otro del Atl\u00e1ntico. En este sentido, Oliva toma el testigo de manos de otro presidente andaluz, Miguel \u00c1ngel Castro, rector de la Universidad de Sevilla, que ha concluido su mandato de cinco a\u00f1os como anfitri\u00f3n de esta importante Asamblea General de la asociaci\u00f3n.<\/p>\n<p>La pujanza de las universidades p\u00fablicas de Andaluc\u00eda en el contexto iberoamericano se ve adem\u00e1s reforzada por la buena sinton\u00eda y el fortalecimiento de las relaciones entre la AUIP y el Grupo La R\u00e1bida, presidido por la Universidad Internacional de Andaluc\u00eda, uno de los elementos que ha destacado Francisco Oliva momentos antes de su proclamaci\u00f3n como nuevo presidente.<\/p>\n<p>En su intervenci\u00f3n, el rector de la Universidad Pablo de Olavide ha apostado por la continuidad durante su mandato de los dos grandes pilares de la AUIP, la calidad de las ense\u00f1anzas y la cooperaci\u00f3n en torno a las investigaciones cient\u00edficas y la transferencia del conocimiento, promoviendo la movilidad dentro del EIC con programas conjuntos de postgrado y encuentros del personal investigador.<\/p>\n<p>Adem\u00e1s, Oliva ha defendido la importancia de que las universidades contribuyan de manera sustancial a los grandes retos de nuestro tiempo, como son la revoluci\u00f3n 4.0 y la transici\u00f3n ecol\u00f3gica, y ha destacado la necesidad de preservar y enriquecer nuestro patrimonio cultural, en el marco de la Declaraci\u00f3n de Sevilla, recordando la potencialidad que nos brinda compartir una lengua hablada por casi 600 millones de personas.<\/p>\n<h3>Nueva Comisi\u00f3n Ejecutiva de la AUIP:<\/h3>\n<ul>\n<li><strong>Presidencia:<\/strong> D. Francisco Oliva Bl\u00e1zquez. Instituci\u00f3n a la que representa: Universidad Pablo de Olavide (Espa\u00f1a).<\/li>\n<li><strong>Vicepresidencia Primera:<\/strong> D. Leonardo Lomel\u00ed Vanegas. Instituci\u00f3n a la que representa: Universidad Nacional Aut\u00f3noma de M\u00e9xico (M\u00e9xico).<\/li>\n<li><strong>Vicepresidencias<\/strong> (por orden alfab\u00e9tico de primer apellido):\n<ul>\n<li>D. Pasqual Barretti. Instituci\u00f3n a la que representa: Universidade Estadual Paulista (Brasil).<\/li>\n<li>D. Ricardo Gelpi. Instituci\u00f3n a la que representa: Universidad de Buenos Aires (Argentina).<\/li>\n<li>D. Jos\u00e9 Ismael Pe\u00f1a Reyes. Instituci\u00f3n a la que representa: Universidad Nacional de Colombia (Colombia).<\/li>\n<li>D. Jos\u00e9 Ignacio P\u00e9rez. Instituci\u00f3n a la que representa: Universidad Internacional de Andaluc\u00eda (Espa\u00f1a).<\/li>\n<\/ul>\n<\/li>\n<li><strong>Vocal\u00edas<\/strong> (por orden alfab\u00e9tico de primer apellido):\n<ul>\n<li>D. Rodrigo Arim. Instituci\u00f3n a la que representa: Universidad de la Rep\u00fablica (Uruguay).<\/li>\n<li>D. Jhon Boretto. Instituci\u00f3n a la que representa: Universidad Nacional de C\u00f3rdoba (Argentina).<\/li>\n<li>D.\u00aa Rosa Dev\u00e9s Alessandri. Instituci\u00f3n a la que representa: Universidad de Chile (Chile).<\/li>\n<li>D. Carlos Garatea Grau. Instituci\u00f3n a la que representa: Pontificia Universidad Cat\u00f3lica del Per\u00fa (Per\u00fa).<\/li>\n<li>D.\u00aa Sandra Regina Goulart Almeida. Instituci\u00f3n a la que representa: Universidade Federal de Minas Gerais (BRASIL).<\/li>\n<li>D. Santos Guzm\u00e1n L\u00f3pez. Instituci\u00f3n a la que representa: Universidad Aut\u00f3noma de Nuevo Le\u00f3n (M\u00e9xico).<\/li>\n<li>D. Antonio Largo Cabrerizo. Instituci\u00f3n a la que representa: Universidad de Valladolid (Espa\u00f1a).<\/li>\n<li>D. Pedro Mercado Pacheco. Instituci\u00f3n a la que representa: Universidad de Granada (Espa\u00f1a).<\/li>\n<li>D.\u00aa Mar\u00eda Vicenta Mestre Escriv\u00e0. Instituci\u00f3n a la que representa: Universitat de Val\u00e8ncia (Espa\u00f1a).<\/li>\n<li>D.\u00aa Lily Rodr\u00edguez Eloy. Instituci\u00f3n a la que representa: Universidad Tecnol\u00f3gica de Santiago (Rep\u00fablica Dominicana).<\/li>\n<li>D. Nicol\u00e1s Ruiz Reyes. Instituci\u00f3n a la que representa: Universidad de Ja\u00e9n (Espa\u00f1a).<\/li>\n<li>D.\u00aa Diana Sedal Yanes. Instituci\u00f3n a la que representa: Universidad de Oriente (Cuba).<\/li>\n<li>D. Manuel Torralbo Rodr\u00edguez. Instituci\u00f3n a la que representa: Universidad de C\u00f3rdoba (Espa\u00f1a).<\/li>\n<li>D. Zully Concepci\u00f3n Vera Galv\u00e1n. Instituci\u00f3n a la que representa: Universidad Nacional de Asunci\u00f3n (Paraguay).<\/li>\n<\/ul>\n<\/li>\n<\/ul>\n<p>&nbsp;<\/p>\n","protected":false},"excerpt":{"rendered":"<p>La Asamblea General de la Asociaci\u00f3n Universitaria Iberoamericana de Postgrado (AUIP), reunida en Sevilla durante los d\u00edas 15, 16 y 17 de mayo, ha llevado a cabo la elecci\u00f3n de su nueva Comisi\u00f3n Ejecutiva para el per\u00edodo 2024-2029, en la que el rector de la Universidad Pablo de Olavide, Francisco Oliva, ha resultado elegido presidente, y se incorporan como vicepresidente el rector de la Universidad Internacional de Andaluc\u00eda, Jos\u00e9 Ignacio P\u00e9rez, y como vocales los rectores de la Universidad de Granada, Pedro Mercado; de la Universidad de Ja\u00e9n, Nicol\u00e1s Ruiz; y de la Universidad de C\u00f3rdoba, Manuel Torralbo.<\/p>\n","protected":false},"author":6,"featured_media":30882324,"comment_status":"closed","ping_status":"open","sticky":false,"template":"","format":"standard","meta":{"_monsterinsights_skip_tracking":false,"_monsterinsights_sitenote_active":false,"_monsterinsights_sitenote_note":"","_monsterinsights_sitenote_category":0,"footnotes":""},"categories":[6],"tags":[8663,2842,7856,805,82,5488],"class_list":["post-30882327","post","type-post","status-publish","format-standard","has-post-thumbnail","hentry","category-institucional","tag-auip","tag-aupa","tag-espacio-iberoamericano-del-conocimiento","tag-iberoamerica","tag-postgrado","tag-universidades-publicas-andaluzas"],"_links":{"self":[{"href":"https:\/\/www.upo.es\/diario\/wp-json\/wp\/v2\/posts\/30882327","targetHints":{"allow":["GET"]}}],"collection":[{"href":"https:\/\/www.upo.es\/diario\/wp-json\/wp\/v2\/posts"}],"about":[{"href":"https:\/\/www.upo.es\/diario\/wp-json\/wp\/v2\/types\/post"}],"author":[{"embeddable":true,"href":"https:\/\/www.upo.es\/diario\/wp-json\/wp\/v2\/users\/6"}],"replies":[{"embeddable":true,"href":"https:\/\/www.upo.es\/diario\/wp-json\/wp\/v2\/comments?post=30882327"}],"version-history":[{"count":1,"href":"https:\/\/www.upo.es\/diario\/wp-json\/wp\/v2\/posts\/30882327\/revisions"}],"predecessor-version":[{"id":30882328,"href":"https:\/\/www.upo.es\/diario\/wp-json\/wp\/v2\/posts\/30882327\/revisions\/30882328"}],"wp:featuredmedia":[{"embeddable":true,"href":"https:\/\/www.upo.es\/diario\/wp-json\/wp\/v2\/media\/30882324"}],"wp:attachment":[{"href":"https:\/\/www.upo.es\/diario\/wp-json\/wp\/v2\/media?parent=30882327"}],"wp:term":[{"taxonomy":"category","embeddable":true,"href":"https:\/\/www.upo.es\/diario\/wp-json\/wp\/v2\/categories?post=30882327"},{"taxonomy":"post_tag","embeddable":true,"href":"https:\/\/www.upo.es\/diario\/wp-json\/wp\/v2\/tags?post=30882327"}],"curies":[{"name":"wp","href":"https:\/\/api.w.org\/{rel}","templated":true}]}}