{"id":30882351,"date":"2024-05-21T13:23:58","date_gmt":"2024-05-21T11:23:58","guid":{"rendered":"https:\/\/www.upo.es\/diario\/?p=30882351"},"modified":"2024-11-13T22:02:57","modified_gmt":"2024-11-13T21:02:57","slug":"acuerdo-del-consejo-de-direccion-de-la-universidad-pablo-de-olavide-sobre-el-conflicto-en-palestina","status":"publish","type":"post","link":"https:\/\/www.upo.es\/diario\/institucional\/2024\/05\/acuerdo-del-consejo-de-direccion-de-la-universidad-pablo-de-olavide-sobre-el-conflicto-en-palestina\/","title":{"rendered":"Acuerdo del Consejo de Direcci\u00f3n de la Universidad Pablo de Olavide sobre el conflicto en Palestina"},"content":{"rendered":"<p><a href=\"https:\/\/www.upo.es\/diario\/wp-content\/uploads\/2024\/03\/palestine-israel-copia.jpg\"><img loading=\"lazy\" decoding=\"async\" class=\"aligncenter size-large wp-image-30882104\" src=\"https:\/\/www.upo.es\/diario\/wp-content\/uploads\/2024\/03\/palestine-israel-copia-750x375.jpg\" alt=\"CRUE Universidades Espa\u00f1olas\" width=\"750\" height=\"375\" srcset=\"https:\/\/www.upo.es\/diario\/wp-content\/uploads\/2024\/03\/palestine-israel-copia-750x375.jpg 750w, https:\/\/www.upo.es\/diario\/wp-content\/uploads\/2024\/03\/palestine-israel-copia-420x210.jpg 420w, https:\/\/www.upo.es\/diario\/wp-content\/uploads\/2024\/03\/palestine-israel-copia-768x384.jpg 768w, https:\/\/www.upo.es\/diario\/wp-content\/uploads\/2024\/03\/palestine-israel-copia.jpg 1280w\" sizes=\"auto, (max-width: 750px) 100vw, 750px\" \/><\/a><\/p>\n<p>&nbsp;<\/p>\n<p>El Consejo de Direcci\u00f3n de la Universidad Pablo de Olavide, de Sevilla, <strong>siguiendo las recomendaciones adoptadas por la Junta Rectora de la Conferencia de Rectores y Rectoras de las Universidades Espa\u00f1olas (CRUE)<\/strong> el 9 de mayo de 2024, <a href=\"https:\/\/www.upo.es\/diario\/institucional\/2024\/05\/comunicado-sobre-la-situacion-en-la-franja-de-gaza\/\">ratificadas en el mismo d\u00eda por la Asociaci\u00f3n de Universidades P\u00fablicas de Andaluc\u00eda<\/a> (AUPA), acuerda, una vez analizadas nuestras relaciones con las universidades e instituciones de investigaci\u00f3n de Israel, lo siguiente:<\/p>\n<ol>\n<li>No formalizar los convenios de movilidad entrante y saliente de estudiantes, personal docente e investigador y personal t\u00e9cnico, de gesti\u00f3n, administraci\u00f3n y servicios con las universidades israel\u00edes Levinsky College of Education y Hebrew University of Jerusalem, dentro del marco de los acuerdos bilaterales de movilidad Erasmus + K171.<\/li>\n<li>No renovar el convenio con The Hebrew University of Jerusalem, actualmente caducado.<\/li>\n<li>No firmar nuevos acuerdos, ni participar en nuevos proyectos internacionales de cooperaci\u00f3n acad\u00e9mica e investigaci\u00f3n con universidades israel\u00edes.<\/li>\n<li>Intensificar la cooperaci\u00f3n con el sistema cient\u00edfico y de educaci\u00f3n superior palestino y ampliar nuestros programas de cooperaci\u00f3n, voluntariado y atenci\u00f3n a la poblaci\u00f3n refugiada. En este sentido, incorporaremos en la pr\u00f3xima solicitud de acciones K171 y K2 la colaboraci\u00f3n con universidades palestinas y, asimismo, otorgaremos m\u00e1xima prioridad a la cooperaci\u00f3n con Palestina en la convocatoria del Plan Propio de Cooperaci\u00f3n Internacional de la UPO que lanzaremos a finales de este mismo a\u00f1o 2024.<\/li>\n<li>Instar a las Universidades, a las y los acad\u00e9micos y al estudiantado universitario israel\u00ed a manifestar su firme compromiso con la paz y el cumplimiento del derecho internacional humanitario.<\/li>\n<\/ol>\n<p>Adem\u00e1s, pedimos el cese inmediato y definitivo de las operaciones militares del ej\u00e9rcito israel\u00ed, as\u00ed como de cualquier acci\u00f3n de car\u00e1cter terrorista, y la liberaci\u00f3n de las personas secuestradas por Hamas.<\/p>\n<p>Igualmente, exigimos que el Estado de Israel respete el derecho internacional y permita la entrada en Gaza de toda la ayuda humanitaria que pueda proveerse para cubrir la emergencia de su poblaci\u00f3n civil, y que se articulen las medidas que correspondan por parte de las instancias internacionales para acometer lo antes posible la reconstrucci\u00f3n y recuperaci\u00f3n del territorio palestino.<\/p>\n","protected":false},"excerpt":{"rendered":"<p>El Consejo de Direcci\u00f3n de la Universidad Pablo de Olavide, de Sevilla, siguiendo las recomendaciones adoptadas por la Junta Rectora de la Conferencia de Rectores y Rectoras de las Universidades Espa\u00f1olas (CRUE) el 9 de mayo de 2024, ratificadas en el mismo d\u00eda por la Asociaci\u00f3n de Universidades P\u00fablicas de Andaluc\u00eda (AUPA), acuerda, una vez analizadas nuestras relaciones con las universidades e instituciones de investigaci\u00f3n de Israel, lo siguiente:<\/p>\n","protected":false},"author":2,"featured_media":30882104,"comment_status":"closed","ping_status":"open","sticky":false,"template":"","format":"standard","meta":{"_monsterinsights_skip_tracking":false,"_monsterinsights_sitenote_active":false,"_monsterinsights_sitenote_note":"","_monsterinsights_sitenote_category":0,"footnotes":""},"categories":[6],"tags":[37,4848,108,243,2013,352,464],"class_list":["post-30882351","post","type-post","status-publish","format-standard","has-post-thumbnail","hentry","category-institucional","tag-comunicado","tag-conflicto-belico","tag-consejo-de-direccion","tag-crue","tag-israel","tag-palestina","tag-paz"],"_links":{"self":[{"href":"https:\/\/www.upo.es\/diario\/wp-json\/wp\/v2\/posts\/30882351","targetHints":{"allow":["GET"]}}],"collection":[{"href":"https:\/\/www.upo.es\/diario\/wp-json\/wp\/v2\/posts"}],"about":[{"href":"https:\/\/www.upo.es\/diario\/wp-json\/wp\/v2\/types\/post"}],"author":[{"embeddable":true,"href":"https:\/\/www.upo.es\/diario\/wp-json\/wp\/v2\/users\/2"}],"replies":[{"embeddable":true,"href":"https:\/\/www.upo.es\/diario\/wp-json\/wp\/v2\/comments?post=30882351"}],"version-history":[{"count":1,"href":"https:\/\/www.upo.es\/diario\/wp-json\/wp\/v2\/posts\/30882351\/revisions"}],"predecessor-version":[{"id":30882352,"href":"https:\/\/www.upo.es\/diario\/wp-json\/wp\/v2\/posts\/30882351\/revisions\/30882352"}],"wp:featuredmedia":[{"embeddable":true,"href":"https:\/\/www.upo.es\/diario\/wp-json\/wp\/v2\/media\/30882104"}],"wp:attachment":[{"href":"https:\/\/www.upo.es\/diario\/wp-json\/wp\/v2\/media?parent=30882351"}],"wp:term":[{"taxonomy":"category","embeddable":true,"href":"https:\/\/www.upo.es\/diario\/wp-json\/wp\/v2\/categories?post=30882351"},{"taxonomy":"post_tag","embeddable":true,"href":"https:\/\/www.upo.es\/diario\/wp-json\/wp\/v2\/tags?post=30882351"}],"curies":[{"name":"wp","href":"https:\/\/api.w.org\/{rel}","templated":true}]}}