{"id":30882379,"date":"2024-05-22T06:07:20","date_gmt":"2024-05-22T04:07:20","guid":{"rendered":"https:\/\/www.upo.es\/diario\/?p=30882379"},"modified":"2024-05-22T13:24:57","modified_gmt":"2024-05-22T11:24:57","slug":"acto-de-agradecimiento-a-flavio-marsiglia-por-su-colaboracion-docente-e-investigadora-con-la-universidad-pablo-de-olavide","status":"publish","type":"post","link":"https:\/\/www.upo.es\/diario\/comunidad\/2024\/05\/acto-de-agradecimiento-a-flavio-marsiglia-por-su-colaboracion-docente-e-investigadora-con-la-universidad-pablo-de-olavide\/","title":{"rendered":"Acto de agradecimiento a Flavio Marsiglia por su colaboraci\u00f3n docente e investigadora con la Universidad Pablo de Olavide"},"content":{"rendered":"<figure id=\"attachment_30882381\" aria-describedby=\"caption-attachment-30882381\" style=\"width: 750px\" class=\"wp-caption aligncenter\"><a href=\"https:\/\/www.upo.es\/diario\/wp-content\/uploads\/2024\/05\/Flavio-Marsiglia-8271-scaled.jpg\"><img loading=\"lazy\" decoding=\"async\" class=\"wp-image-30882381 size-large\" src=\"https:\/\/www.upo.es\/diario\/wp-content\/uploads\/2024\/05\/Flavio-Marsiglia-8271-750x422.jpg\" alt=\"Victoria Quintero, Beatriz G\u00f3mez-Stern, \u00c1ngel M. Jordi,\" width=\"750\" height=\"422\" srcset=\"https:\/\/www.upo.es\/diario\/wp-content\/uploads\/2024\/05\/Flavio-Marsiglia-8271-750x422.jpg 750w, https:\/\/www.upo.es\/diario\/wp-content\/uploads\/2024\/05\/Flavio-Marsiglia-8271-420x236.jpg 420w, https:\/\/www.upo.es\/diario\/wp-content\/uploads\/2024\/05\/Flavio-Marsiglia-8271-768x432.jpg 768w, https:\/\/www.upo.es\/diario\/wp-content\/uploads\/2024\/05\/Flavio-Marsiglia-8271-1536x864.jpg 1536w, https:\/\/www.upo.es\/diario\/wp-content\/uploads\/2024\/05\/Flavio-Marsiglia-8271-2048x1152.jpg 2048w, https:\/\/www.upo.es\/diario\/wp-content\/uploads\/2024\/05\/Flavio-Marsiglia-8271-1320x743.jpg 1320w\" sizes=\"auto, (max-width: 750px) 100vw, 750px\" \/><\/a><figcaption id=\"caption-attachment-30882381\" class=\"wp-caption-text\">Flavio Marsiglia, en el centro de la imagen, con profesorado del M\u00e1ster de Intervenci\u00f3n Social, Cultura y Diversidad y miembros del equipo de direcci\u00f3n<\/figcaption><\/figure>\n<p>Profesorado y compa\u00f1eros, junto a miembros del equipo de direcci\u00f3n de la Universidad Pablo de Olavide, han reconocido este lunes el <strong>compromiso y la implicaci\u00f3n de Flavio Marsiglia con los estudios de grado y postgrado de Trabajo Social de la UPO<\/strong>, y especialmente su colaboraci\u00f3n docente en el <a href=\"https:\/\/www.upo.es\/postgrado\/Master-Oficial-Intervencion-Social-Cultura-y-Diversidad\/\">M\u00e1ster Universitario en Intervenci\u00f3n Social, Cultura y Diversidad<\/a>, en el que ha sido profesor desde 2009.<\/p>\n<figure id=\"attachment_9171977\" aria-describedby=\"caption-attachment-9171977\" style=\"width: 320px\" class=\"wp-caption alignright\"><a href=\"https:\/\/www.upo.es\/diario\/wp-content\/uploads\/2015\/03\/Flavio-Marsiglia04.jpg\"><img loading=\"lazy\" decoding=\"async\" class=\"size-medium wp-image-9171977\" src=\"https:\/\/www.upo.es\/diario\/wp-content\/uploads\/2015\/03\/Flavio-Marsiglia04-320x186.jpg\" alt=\"\" width=\"320\" height=\"186\" srcset=\"https:\/\/www.upo.es\/diario\/wp-content\/uploads\/2015\/03\/Flavio-Marsiglia04-320x186.jpg 320w, https:\/\/www.upo.es\/diario\/wp-content\/uploads\/2015\/03\/Flavio-Marsiglia04-600x348.jpg 600w\" sizes=\"auto, (max-width: 320px) 100vw, 320px\" \/><\/a><figcaption id=\"caption-attachment-9171977\" class=\"wp-caption-text\">Flavio Marsiglia en una clase impartida en la UPO en 2015<\/figcaption><\/figure>\n<p>La Universidad Pablo de Olavide ha querido as\u00ed resaltar su importante contribuci\u00f3n durante estos a\u00f1os de colaboraci\u00f3n acad\u00e9mica, al aportar su experiencia y difundir un modelo de intervenci\u00f3n social basado en la prevenci\u00f3n universal del consumo de alcohol, tabaco y otras drogas. Programa que ha sido implementado y evaluado en pa\u00edses de habla anglosajona (EEUU), de habla hispana (Uruguay, M\u00e9xico, Guatemala y Espa\u00f1a) y en otros pa\u00edses como Kenia y China.<\/p>\n<p><a href=\"https:\/\/search.asu.edu\/profile\/35955\">Flavio Marsiglia<\/a> es un experto <strong>reconocido internacionalmente por sus estudios sobre la equidad en salud, los factores de riesgo y protecci\u00f3n en adolescentes<\/strong>, sobre todo en la prevenci\u00f3n frente a drogas y adicciones, y la relaci\u00f3n entre aculturaci\u00f3n, salud y salud mental. Autor de m\u00e1s de 200 publicaciones, desde 2016 dirige en la <strong>Arizona State University<\/strong> el <a href=\"https:\/\/globalappliedhealth.asu.edu\/\">Global Center for Applied Health Research (GCAHR)<\/a>, un centro dedicado a dise\u00f1ar intervenciones, basadas en evidencia y culturalmente apropiadas, con el objetivo de mejorar la salud y el bienestar de los ni\u00f1os, j\u00f3venes y familias de todo el mundo, siempre a trav\u00e9s de la colaboraci\u00f3n de equipos de investigaci\u00f3n internacionales y con la participaci\u00f3n de las comunidades.<\/p>\n<p>Marsiglia es tambi\u00e9n investigador principal en el <strong>Southwest Interdisciplinary Research Center (SIRC)<\/strong>. Recientemente, ha obtenido fondos de investigaci\u00f3n para proyectos relacionados con la COVID-19, destinados a facilitar el acceso a pruebas y vacunas en comunidades desatendidas y vulnerables en Arizona. Durante los \u00faltimos 25 a\u00f1os, su trabajo ha recibido en Estados Unidos apoyo continuo del National Institute of Minority Health and Health Disparities (NIMHD) y del National Institute on Drug Abuse (NIDA), centros integrados en los National Institutes of Health (NIH), principal agencia del gobierno federal para la investigaci\u00f3n en medicina y salud p\u00fablica en este pa\u00eds.<\/p>\n<p><iframe loading=\"lazy\" title=\"YouTube video player\" src=\"https:\/\/www.youtube.com\/embed\/D4EtQjtwRgE?si=7QReV6KH39eu-6bT\" width=\"560\" height=\"315\" frameborder=\"0\" allowfullscreen=\"allowfullscreen\"><\/iframe><\/p>\n","protected":false},"excerpt":{"rendered":"<p>Profesor de la Escuela de Trabajo Social en la Arizona State University (ASU) y director del Global Center for Applied Health Research, colabora desde 2009 con el Departamento de Trabajo Social y Servicios Sociales de la UPO.<\/p>\n","protected":false},"author":6,"featured_media":30882381,"comment_status":"closed","ping_status":"open","sticky":false,"template":"","format":"standard","meta":{"_monsterinsights_skip_tracking":false,"_monsterinsights_sitenote_active":false,"_monsterinsights_sitenote_note":"","_monsterinsights_sitenote_category":0,"footnotes":""},"categories":[5842],"tags":[1182,5484,3405,1973,1496,4719,925,793,1577,199,1271,103],"class_list":["post-30882379","post","type-post","status-publish","format-standard","has-post-thumbnail","hentry","category-comunidad","tag-adicciones","tag-area-de-salud-y-prevencion","tag-departamento-de-trabajo-social-y-servicios-sociales","tag-docencia","tag-estados-unidos","tag-flavio-marsiglia","tag-internacionalizacion","tag-intervencion-social","tag-master-universitario","tag-profesorado","tag-salud-publica","tag-trabajo-social"],"_links":{"self":[{"href":"https:\/\/www.upo.es\/diario\/wp-json\/wp\/v2\/posts\/30882379","targetHints":{"allow":["GET"]}}],"collection":[{"href":"https:\/\/www.upo.es\/diario\/wp-json\/wp\/v2\/posts"}],"about":[{"href":"https:\/\/www.upo.es\/diario\/wp-json\/wp\/v2\/types\/post"}],"author":[{"embeddable":true,"href":"https:\/\/www.upo.es\/diario\/wp-json\/wp\/v2\/users\/6"}],"replies":[{"embeddable":true,"href":"https:\/\/www.upo.es\/diario\/wp-json\/wp\/v2\/comments?post=30882379"}],"version-history":[{"count":5,"href":"https:\/\/www.upo.es\/diario\/wp-json\/wp\/v2\/posts\/30882379\/revisions"}],"predecessor-version":[{"id":30882385,"href":"https:\/\/www.upo.es\/diario\/wp-json\/wp\/v2\/posts\/30882379\/revisions\/30882385"}],"wp:featuredmedia":[{"embeddable":true,"href":"https:\/\/www.upo.es\/diario\/wp-json\/wp\/v2\/media\/30882381"}],"wp:attachment":[{"href":"https:\/\/www.upo.es\/diario\/wp-json\/wp\/v2\/media?parent=30882379"}],"wp:term":[{"taxonomy":"category","embeddable":true,"href":"https:\/\/www.upo.es\/diario\/wp-json\/wp\/v2\/categories?post=30882379"},{"taxonomy":"post_tag","embeddable":true,"href":"https:\/\/www.upo.es\/diario\/wp-json\/wp\/v2\/tags?post=30882379"}],"curies":[{"name":"wp","href":"https:\/\/api.w.org\/{rel}","templated":true}]}}