{"id":30882398,"date":"2024-05-23T14:18:36","date_gmt":"2024-05-23T12:18:36","guid":{"rendered":"https:\/\/www.upo.es\/diario\/?p=30882398"},"modified":"2024-05-23T14:18:36","modified_gmt":"2024-05-23T12:18:36","slug":"el-coro-de-la-upo-este-viernes-en-el-festival-de-musica-antigua-de-granada","status":"publish","type":"post","link":"https:\/\/www.upo.es\/diario\/cultura-social\/2024\/05\/el-coro-de-la-upo-este-viernes-en-el-festival-de-musica-antigua-de-granada\/","title":{"rendered":"El Coro de la UPO, este viernes en el Festival de M\u00fasica Antigua de Granada"},"content":{"rendered":"<p><a href=\"https:\/\/www.upo.es\/diario\/wp-content\/uploads\/2024\/05\/CORO-UPO-2.jpg_297258699.jpg\"><img loading=\"lazy\" decoding=\"async\" class=\"alignright size-medium wp-image-30882403\" src=\"https:\/\/www.upo.es\/diario\/wp-content\/uploads\/2024\/05\/CORO-UPO-2.jpg_297258699-420x280.jpg\" alt=\"Coro de la UPO\" width=\"420\" height=\"280\" srcset=\"https:\/\/www.upo.es\/diario\/wp-content\/uploads\/2024\/05\/CORO-UPO-2.jpg_297258699-420x280.jpg 420w, https:\/\/www.upo.es\/diario\/wp-content\/uploads\/2024\/05\/CORO-UPO-2.jpg_297258699-165x109.jpg 165w, https:\/\/www.upo.es\/diario\/wp-content\/uploads\/2024\/05\/CORO-UPO-2.jpg_297258699.jpg 500w\" sizes=\"auto, (max-width: 420px) 100vw, 420px\" \/><\/a>Este <strong>viernes d\u00eda 24, en el Centro Cultural Gran Capit\u00e1n a las 20 horas<\/strong>, el Coro de la Universidad Pablo de Olavide junto al Coro de C\u00e1mara de Granada, presenta en el Festival de M\u00fasica Antigua de Granada el concierto <strong>&#8216;La Venus del Espejo. Compositoras barrocas italianas y barrocos espa\u00f1oles en tiempo de Vel\u00e1zquez&#8217;<\/strong>, un programa dise\u00f1ado con motivo de las celebraciones para conmemorar el IV centenario de su nombramiento como pintor del rey, en 1623.<\/p>\n<p>De este modo, <strong>&#8216;La Venus del Espejo&#8217; recrea la m\u00fasica de la \u00e9poca del genio sevillano y sigue su trayectoria vital en Sevilla, Madrid y especialmente en sus estancias en Italia<\/strong>, donde en el mundo de la m\u00fasica, algunas mujeres tuvieron gran importancia, como Barbara Strozzi o Francesca Cavalli. As\u00ed, la propuesta abraza el sello de la programaci\u00f3n de este a\u00f1o del Festival MAG, dedicada a las mujeres que compusieron, interpretaron y vivieron por y para la m\u00fasica, durante la antig\u00fcedad y hasta el siglo XVIII.<\/p>\n<p>El Coro de la UPO, que contar\u00e1 en esta ocasi\u00f3n con la colaboraci\u00f3n especial del contratenor valenciano <strong>Jos\u00e9 Hern\u00e1ndez-Pastor<\/strong>, estar\u00e1 acompa\u00f1ado por el <strong>Ensemble de la Universidad Pablo de Olavide<\/strong>, conformado por Fernando Cornejo, viol\u00edn; Chano Robles, \u00f3rgano; Miguel Hern\u00e1ndez, violone; An\u00edbal Soriano, guitarra barroca; y David Ruiz, multipercusi\u00f3n.<\/p>\n<p>El Coro de la Universidad Pablo de Olavide forma parte del Programa Artes y Formaci\u00f3n coordinado por el Servicio de Extensi\u00f3n Cultural de la Universidad. Bajo la direcci\u00f3n art\u00edstica de <strong>Miguel Rodr\u00edguez<\/strong> y la direcci\u00f3n musical de <strong>Jorge Rodr\u00edguez Morata<\/strong>, trata de formar en la interpretaci\u00f3n del repertorio coral y de contribuir a la difusi\u00f3n de este legado musical, desde el siglo XVI hasta la actualidad.<\/p>\n<h3><em>La Venus del Espejo<\/em> &#8211; Programa:<\/h3>\n<p><img loading=\"lazy\" decoding=\"async\" class=\"alignright size-medium wp-image-30882402\" src=\"https:\/\/www.upo.es\/diario\/wp-content\/uploads\/2024\/05\/cartel-mag-2024-345x420.jpg\" alt=\"Cartel del Festival MAG de Granada 2024\" width=\"345\" height=\"420\" srcset=\"https:\/\/www.upo.es\/diario\/wp-content\/uploads\/2024\/05\/cartel-mag-2024-345x420.jpg 345w, https:\/\/www.upo.es\/diario\/wp-content\/uploads\/2024\/05\/cartel-mag-2024-431x525.jpg 431w, https:\/\/www.upo.es\/diario\/wp-content\/uploads\/2024\/05\/cartel-mag-2024-768x936.jpg 768w, https:\/\/www.upo.es\/diario\/wp-content\/uploads\/2024\/05\/cartel-mag-2024.jpg 886w\" sizes=\"auto, (max-width: 345px) 100vw, 345px\" \/>Coro de la Universidad Pablo de Olavide y Coro de C\u00e1mara de Granada.<br \/>\nCentro Cultural Gran Capit\u00e1n &#8211; 20:00 horas<br \/>\nC\/Gran Capit\u00e1n, 22 . Granada.<\/p>\n<p><strong>Sevilla:<\/strong><\/p>\n<ul>\n<li><strong><em>Si tus penas no pruebo<\/em><\/strong>, Francisco Guerrero (1528-1599). Maestro de Capilla de la Catedral de Sevilla, y retratado por el Maestro de Vel\u00e1zquez, Pacheco.<\/li>\n<li><strong><em>Convidado est\u00e1 la noche<\/em><\/strong>, Juan Garc\u00eda de Z\u00e9spedes (1619-1678), Maestro de Capilla de la Catedral de Puebla, M\u00e9xico.<\/li>\n<li><strong><em>Todo el mundo en General<\/em><\/strong>, Francisco Correa de Araujo (1584-1654) y texto de Miguel Cid, de quien hay un retrato tambi\u00e9n de Francisco Pacheco en la Sacristia de los Calices de la Catedral de Sevilla.<\/li>\n<\/ul>\n<p><strong>Madrid:<\/strong><\/p>\n<ul>\n<li><em><strong>Peccantem me quotidie<\/strong><\/em>, Carlos Pati\u00f1o (1600-1675).<\/li>\n<li><strong><em>Mariz\u00e1palos<\/em><\/strong>, Gaspar Sanz (1640-1710), para guitarra barroca. Es sabido que Mar\u00eda Calder\u00f3n, m\u00e1s bien conocida como \u00abLa Calderona\u00bb y \u00abMariz\u00e1palos\u00bb, fue una afamada cantante y actriz de teatro, amante del rey Felipe IV, y que fruto de esa relaci\u00f3n, naci\u00f3 Juan Jos\u00e9 de Austria.<\/li>\n<li><strong><em>Vaya de J\u00e1cara<\/em><\/strong>, Juan Franc\u00e9s de Iribarren (1699-1767) Maestro de Capilla de la Catedral de M\u00e1laga.<\/li>\n<\/ul>\n<p><strong>Italia:<\/strong><\/p>\n<ul>\n<li><strong>Aria<\/strong> de Pier Francesco Cavalli (1602-1676), veneciano que junto a Monteverdi, revolucionar\u00e1 la m\u00fasica vocal.<\/li>\n<li><strong><em>\u201cSinfon\u00eda\u201d<\/em><\/strong>, Leonora Duarte, una compositora de origen portugu\u00e9s pero con influencia en Centroeuropa.<\/li>\n<li><strong><em>\u201cS\u2019io men v\u00f2 moriro\u201d<\/em><\/strong>, Francesca Caccini, Aria para Soprano-Bajo de esta compositora important\u00edsima del barroco italiano, la primera compositora de \u00f3pera.<\/li>\n<li><strong><em>\u201cSilentio nocivo\u201d<\/em><\/strong>. B\u00e1rbara Strozzi (1619-1677), la compositora veneciana m\u00e1s prol\u00edfica e influyente de la \u00e9poca.<\/li>\n<li><strong>Aria<\/strong>, Barbara Strozzi.<\/li>\n<\/ul>\n<p><strong>Madrid, \u00faltima etapa:<\/strong><\/p>\n<ul>\n<li><strong><em>In Paradisum<\/em><\/strong>. Ant\u00edfona gregoriana de la Misa de difuntos, que acompa\u00f1a la salida del cuerpo del templo, hacia el descanso eterno.<\/li>\n<li><strong><em>J\u00e1cara de Fandanguillo<\/em><\/strong>, J.F. Iribarren<\/li>\n<\/ul>\n","protected":false},"excerpt":{"rendered":"<p>Este viernes d\u00eda 24, en el Centro Cultural Gran Capit\u00e1n a las 20 horas, el Coro de la Universidad Pablo de Olavide junto al Coro de C\u00e1mara de Granada, presenta en el Festival de M\u00fasica Antigua de Granada el concierto &#8216;La Venus del Espejo. Compositoras barrocas italianas y barrocos espa\u00f1oles en tiempo de Vel\u00e1zquez&#8217;, un programa dise\u00f1ado con motivo de las celebraciones para conmemorar el IV centenario de su nombramiento como pintor del rey, en 1623.<\/p>\n","protected":false},"author":6,"featured_media":30882403,"comment_status":"closed","ping_status":"open","sticky":false,"template":"","format":"standard","meta":{"_monsterinsights_skip_tracking":false,"_monsterinsights_sitenote_active":false,"_monsterinsights_sitenote_note":"","_monsterinsights_sitenote_category":0,"footnotes":""},"categories":[5843],"tags":[403,2118,494,7895,3746,8827],"class_list":["post-30882398","post","type-post","status-publish","format-standard","has-post-thumbnail","hentry","category-cultura-social","tag-concierto","tag-coro-de-la-universidad-pablo-de-olavide","tag-granada","tag-musica-antigua","tag-servicio-de-extension-cultural","tag-velazquez"],"_links":{"self":[{"href":"https:\/\/www.upo.es\/diario\/wp-json\/wp\/v2\/posts\/30882398","targetHints":{"allow":["GET"]}}],"collection":[{"href":"https:\/\/www.upo.es\/diario\/wp-json\/wp\/v2\/posts"}],"about":[{"href":"https:\/\/www.upo.es\/diario\/wp-json\/wp\/v2\/types\/post"}],"author":[{"embeddable":true,"href":"https:\/\/www.upo.es\/diario\/wp-json\/wp\/v2\/users\/6"}],"replies":[{"embeddable":true,"href":"https:\/\/www.upo.es\/diario\/wp-json\/wp\/v2\/comments?post=30882398"}],"version-history":[{"count":4,"href":"https:\/\/www.upo.es\/diario\/wp-json\/wp\/v2\/posts\/30882398\/revisions"}],"predecessor-version":[{"id":30882404,"href":"https:\/\/www.upo.es\/diario\/wp-json\/wp\/v2\/posts\/30882398\/revisions\/30882404"}],"wp:featuredmedia":[{"embeddable":true,"href":"https:\/\/www.upo.es\/diario\/wp-json\/wp\/v2\/media\/30882403"}],"wp:attachment":[{"href":"https:\/\/www.upo.es\/diario\/wp-json\/wp\/v2\/media?parent=30882398"}],"wp:term":[{"taxonomy":"category","embeddable":true,"href":"https:\/\/www.upo.es\/diario\/wp-json\/wp\/v2\/categories?post=30882398"},{"taxonomy":"post_tag","embeddable":true,"href":"https:\/\/www.upo.es\/diario\/wp-json\/wp\/v2\/tags?post=30882398"}],"curies":[{"name":"wp","href":"https:\/\/api.w.org\/{rel}","templated":true}]}}