{"id":30882409,"date":"2024-05-24T15:11:29","date_gmt":"2024-05-24T13:11:29","guid":{"rendered":"https:\/\/www.upo.es\/diario\/?p=30882409"},"modified":"2024-05-24T15:11:29","modified_gmt":"2024-05-24T13:11:29","slug":"encuentro-entre-el-consul-de-alemania-en-malaga-y-el-equipo-decanal-de-las-facultades-de-humanidades-y-derecho-de-la-upo","status":"publish","type":"post","link":"https:\/\/www.upo.es\/diario\/comunidad\/2024\/05\/encuentro-entre-el-consul-de-alemania-en-malaga-y-el-equipo-decanal-de-las-facultades-de-humanidades-y-derecho-de-la-upo\/","title":{"rendered":"Encuentro entre el c\u00f3nsul de Alemania en M\u00e1laga y el equipo decanal de las Facultades de Humanidades y Derecho de la UPO"},"content":{"rendered":"<figure id=\"attachment_30882410\" aria-describedby=\"caption-attachment-30882410\" style=\"width: 700px\" class=\"wp-caption aligncenter\"><a href=\"https:\/\/www.upo.es\/diario\/wp-content\/uploads\/2024\/05\/visitaconsulalemania.jpeg\"><img loading=\"lazy\" decoding=\"async\" class=\"size-large wp-image-30882410\" src=\"https:\/\/www.upo.es\/diario\/wp-content\/uploads\/2024\/05\/visitaconsulalemania-700x525.jpeg\" alt=\"\" width=\"700\" height=\"525\" srcset=\"https:\/\/www.upo.es\/diario\/wp-content\/uploads\/2024\/05\/visitaconsulalemania-700x525.jpeg 700w, https:\/\/www.upo.es\/diario\/wp-content\/uploads\/2024\/05\/visitaconsulalemania-420x315.jpeg 420w, https:\/\/www.upo.es\/diario\/wp-content\/uploads\/2024\/05\/visitaconsulalemania-768x576.jpeg 768w, https:\/\/www.upo.es\/diario\/wp-content\/uploads\/2024\/05\/visitaconsulalemania-1536x1152.jpeg 1536w, https:\/\/www.upo.es\/diario\/wp-content\/uploads\/2024\/05\/visitaconsulalemania-1320x990.jpeg 1320w, https:\/\/www.upo.es\/diario\/wp-content\/uploads\/2024\/05\/visitaconsulalemania.jpeg 2048w\" sizes=\"auto, (max-width: 700px) 100vw, 700px\" \/><\/a><figcaption id=\"caption-attachment-30882410\" class=\"wp-caption-text\">El c\u00f3nsul de Alemania en M\u00e1laga, Franko Stritt, (en el centro) junto a la decana de Humanidades y el decano de Derecho y profesores de ambos centros.<\/figcaption><\/figure>\n<p><strong>El c\u00f3nsul de la Rep\u00fablica Federal de Alemania en M\u00e1laga, Franko Stritt<\/strong>, ha visitado la Universidad Pablo de Olavide para una reuni\u00f3n de cooperaci\u00f3n entre la decana de la Facultad de Humanidades, Mar\u00eda Losada Friend, y el decano de la Facultad de Derecho, C\u00e9sar Hornero M\u00e9ndez con la finalidad de establecer futuros proyectos conjuntos en materia de formaci\u00f3n y pr\u00e1cticas.<\/p>\n<p>Al encuentro tambi\u00e9n han asistido el vicedecano de Relaciones Externas y Comunicaci\u00f3n, Crist\u00f3bal \u00c1lvarez L\u00f3pez y la vicedecana de Pr\u00e1cticas, Empleabilidad, Emprendimiento e Inserci\u00f3n Laboral, Christiane Limbach, ambos de la Facultad de Humanidades; la directora acad\u00e9mica del Grado de Derecho hispano-alem\u00e1n, Reyes S\u00e1nchez Leria; el director del Departamento de Traducci\u00f3n e Interpretaci\u00f3n, Juan Miguel Cuartero Otal; la responsable del \u00c1rea de Filolog\u00eda Alemana, Alice Stender, as\u00ed como los representantes del Servicio Alem\u00e1n de Intercambio Acad\u00e9mico (DAAD) de la UPO, Marike Gohjr y Christian Pfeiffer.<\/p>\n<p>Durante la reuni\u00f3n hablaron sobre los grados con alem\u00e1n incluidos en la oferta acad\u00e9mica de la Universidad Pablo de Olavide; el programa de pr\u00e1cticas del alumnado; la alta empleabilidad de los egresados en el Grado en Traducci\u00f3n e Interpretaci\u00f3n, en el Doble Grado en Traducci\u00f3n e Interpretaci\u00f3n en Alem\u00e1n y Relaciones Internacionales, y en el Grado en Derecho Hispano-Alem\u00e1n con la Universidad de Bayreuth. Asimismo, hablaron de iniciativas de las facultades y la UPO como el programa \u2018Radio Wunderbar\u2019 un programa de Radiolavide para ayudar a aprender alem\u00e1n y conocer su cultura; las jornadas de salidas profesionales con alem\u00e1n dentro del marco del programa \u2018Ori\u00e9ntate y Encuentra\u2019, y el ciclo de cine alem\u00e1n.<\/p>\n","protected":false},"excerpt":{"rendered":"<p>El c\u00f3nsul de la Rep\u00fablica Federal de Alemania en M\u00e1laga, Franko Stritt, ha visitado la Universidad Pablo de Olavide para una reuni\u00f3n de cooperaci\u00f3n entre la decana de la Facultad de Humanidades, Mar\u00eda Losada Friend, y el decano de la Facultad de Derecho, C\u00e9sar Hornero M\u00e9ndez con la finalidad de establecer futuros proyectos conjuntos en materia de formaci\u00f3n y pr\u00e1cticas.<\/p>\n","protected":false},"author":4,"featured_media":30882410,"comment_status":"closed","ping_status":"open","sticky":false,"template":"","format":"standard","meta":{"_monsterinsights_skip_tracking":false,"_monsterinsights_sitenote_active":false,"_monsterinsights_sitenote_note":"","_monsterinsights_sitenote_category":0,"footnotes":""},"categories":[5842],"tags":[844,8830,5051,6047,81,96,5986],"class_list":["post-30882409","post","type-post","status-publish","format-standard","has-post-thumbnail","hentry","category-comunidad","tag-aleman","tag-consul-de-alemania","tag-doble-grado-en-derecho-hispano-aleman","tag-doble-grado-en-traduccion-e-interpretacion-aleman-y-relaciones-internacionales","tag-facultad-de-derecho","tag-facultad-de-humanidades","tag-grado-en-traduccion-e-interpretacion-en-aleman"],"_links":{"self":[{"href":"https:\/\/www.upo.es\/diario\/wp-json\/wp\/v2\/posts\/30882409","targetHints":{"allow":["GET"]}}],"collection":[{"href":"https:\/\/www.upo.es\/diario\/wp-json\/wp\/v2\/posts"}],"about":[{"href":"https:\/\/www.upo.es\/diario\/wp-json\/wp\/v2\/types\/post"}],"author":[{"embeddable":true,"href":"https:\/\/www.upo.es\/diario\/wp-json\/wp\/v2\/users\/4"}],"replies":[{"embeddable":true,"href":"https:\/\/www.upo.es\/diario\/wp-json\/wp\/v2\/comments?post=30882409"}],"version-history":[{"count":1,"href":"https:\/\/www.upo.es\/diario\/wp-json\/wp\/v2\/posts\/30882409\/revisions"}],"predecessor-version":[{"id":30882411,"href":"https:\/\/www.upo.es\/diario\/wp-json\/wp\/v2\/posts\/30882409\/revisions\/30882411"}],"wp:featuredmedia":[{"embeddable":true,"href":"https:\/\/www.upo.es\/diario\/wp-json\/wp\/v2\/media\/30882410"}],"wp:attachment":[{"href":"https:\/\/www.upo.es\/diario\/wp-json\/wp\/v2\/media?parent=30882409"}],"wp:term":[{"taxonomy":"category","embeddable":true,"href":"https:\/\/www.upo.es\/diario\/wp-json\/wp\/v2\/categories?post=30882409"},{"taxonomy":"post_tag","embeddable":true,"href":"https:\/\/www.upo.es\/diario\/wp-json\/wp\/v2\/tags?post=30882409"}],"curies":[{"name":"wp","href":"https:\/\/api.w.org\/{rel}","templated":true}]}}