{"id":30882415,"date":"2024-05-27T12:15:14","date_gmt":"2024-05-27T10:15:14","guid":{"rendered":"https:\/\/www.upo.es\/diario\/?p=30882415"},"modified":"2024-06-03T09:29:02","modified_gmt":"2024-06-03T07:29:02","slug":"jornadas-orientacion-upo-estudiantes-examinaran-pevau-campus","status":"publish","type":"post","link":"https:\/\/www.upo.es\/diario\/institucional\/2024\/05\/jornadas-orientacion-upo-estudiantes-examinaran-pevau-campus\/","title":{"rendered":"Jornadas de orientaci\u00f3n en la UPO para estudiantes que se examinar\u00e1n de la PEvAU en su campus"},"content":{"rendered":"<figure id=\"attachment_30882418\" aria-describedby=\"caption-attachment-30882418\" style=\"width: 750px\" class=\"wp-caption aligncenter\"><a href=\"https:\/\/www.upo.es\/diario\/wp-content\/uploads\/2024\/05\/Jorn-PEvAU_20240527-8384-scaled.jpg\"><img loading=\"lazy\" decoding=\"async\" class=\"size-large wp-image-30882418\" src=\"https:\/\/www.upo.es\/diario\/wp-content\/uploads\/2024\/05\/Jorn-PEvAU_20240527-8384-750x422.jpg\" alt=\"Estudiantes que se examinar\u00e1n de la PEvAU en las jornadas de orientaci\u00f3n de la UPO. \" width=\"750\" height=\"422\" srcset=\"https:\/\/www.upo.es\/diario\/wp-content\/uploads\/2024\/05\/Jorn-PEvAU_20240527-8384-750x422.jpg 750w, https:\/\/www.upo.es\/diario\/wp-content\/uploads\/2024\/05\/Jorn-PEvAU_20240527-8384-420x236.jpg 420w, https:\/\/www.upo.es\/diario\/wp-content\/uploads\/2024\/05\/Jorn-PEvAU_20240527-8384-768x432.jpg 768w, https:\/\/www.upo.es\/diario\/wp-content\/uploads\/2024\/05\/Jorn-PEvAU_20240527-8384-1536x864.jpg 1536w, https:\/\/www.upo.es\/diario\/wp-content\/uploads\/2024\/05\/Jorn-PEvAU_20240527-8384-2048x1152.jpg 2048w, https:\/\/www.upo.es\/diario\/wp-content\/uploads\/2024\/05\/Jorn-PEvAU_20240527-8384-1320x742.jpg 1320w\" sizes=\"auto, (max-width: 750px) 100vw, 750px\" \/><\/a><figcaption id=\"caption-attachment-30882418\" class=\"wp-caption-text\">Estudiantes que se examinar\u00e1n de la PEvAU en las jornadas de orientaci\u00f3n de la UPO.<\/figcaption><\/figure>\n<p>Estudiantes de 37 centros de Sevilla y provincia han acudido hoy al campus de la Universidad Pablo de Olavide para asistir a las <strong>Jornadas de Preparaci\u00f3n de la PEvAU<\/strong>. Un programa organizado por el <strong>Vicerrectorado de Estudiantes<\/strong> con el fin de favorecer el buen desarrollo de la <strong>Prueba de Evaluaci\u00f3n y Acceso a la Universidad<\/strong>, inicio de una nueva etapa para estudiantes de Bachillerato y de Ciclos Formativos de Grado Superior.<\/p>\n<figure id=\"attachment_30882419\" aria-describedby=\"caption-attachment-30882419\" style=\"width: 420px\" class=\"wp-caption alignright\"><a href=\"https:\/\/www.upo.es\/diario\/wp-content\/uploads\/2024\/05\/Jorn-PEvAU_20240527-8459-scaled.jpg\"><img loading=\"lazy\" decoding=\"async\" class=\"size-medium wp-image-30882419\" src=\"https:\/\/www.upo.es\/diario\/wp-content\/uploads\/2024\/05\/Jorn-PEvAU_20240527-8459-420x280.jpg\" alt=\"Jornadas de orientaci\u00f3n de la UPO. \" width=\"420\" height=\"280\" srcset=\"https:\/\/www.upo.es\/diario\/wp-content\/uploads\/2024\/05\/Jorn-PEvAU_20240527-8459-420x280.jpg 420w, https:\/\/www.upo.es\/diario\/wp-content\/uploads\/2024\/05\/Jorn-PEvAU_20240527-8459-750x500.jpg 750w, https:\/\/www.upo.es\/diario\/wp-content\/uploads\/2024\/05\/Jorn-PEvAU_20240527-8459-768x512.jpg 768w, https:\/\/www.upo.es\/diario\/wp-content\/uploads\/2024\/05\/Jorn-PEvAU_20240527-8459-1536x1024.jpg 1536w, https:\/\/www.upo.es\/diario\/wp-content\/uploads\/2024\/05\/Jorn-PEvAU_20240527-8459-2048x1365.jpg 2048w\" sizes=\"auto, (max-width: 420px) 100vw, 420px\" \/><\/a><figcaption id=\"caption-attachment-30882419\" class=\"wp-caption-text\">Paraninfo de la Universidad Pablo de Olavide.<\/figcaption><\/figure>\n<p>Mari\u00e1n Mor\u00f3n, vicerrectora de Estudiantes de la UPO, ha dado la bienvenida en el Paraninfo al alumnado que se examinar\u00e1 en las cuatro sedes que la Universidad ha dispuesto en su campus para la PEvAU, que tendr\u00e1 lugar <u>entre el 4 y el 6 de junio<\/u> en la convocatoria ordinaria. Bajo el lema \u2018Ruta para tu impulso final\u2019, <strong>futuros universitarios y universitarias han podido conocer a continuaci\u00f3n la estructura, contenidos y criterios de evaluaci\u00f3n de la prueba<\/strong>; as\u00ed mismo, el \u00c1rea de Acceso y Asistencia al Estudiante de Grado ha impartido una charla informativa sobre el proceso de preinscripci\u00f3n a trav\u00e9s del Distrito \u00danico Andaluz y sobre c\u00f3mo realizar la matr\u00edcula en los estudios de Grado.<\/p>\n<p>El programa de las Jornadas ha incluido tambi\u00e9n informaci\u00f3n pr\u00e1ctica sobre la organizaci\u00f3n de la prueba y del proceso de preinscripci\u00f3n y matriculaci\u00f3n, as\u00ed como una visita a las distintas sedes de la PEvAU y servicios generales de la UPO dispuestos para la realizaci\u00f3n de dicha prueba.<\/p>\n<figure id=\"attachment_30882420\" aria-describedby=\"caption-attachment-30882420\" style=\"width: 420px\" class=\"wp-caption alignleft\"><a href=\"https:\/\/www.upo.es\/diario\/wp-content\/uploads\/2024\/05\/Jorn-PEvAU_20240527-8592-scaled.jpg\"><img loading=\"lazy\" decoding=\"async\" class=\"size-medium wp-image-30882420\" src=\"https:\/\/www.upo.es\/diario\/wp-content\/uploads\/2024\/05\/Jorn-PEvAU_20240527-8592-420x236.jpg\" alt=\"Los estudiantes han realizado una visita a las distintas sedes de la PEvAU y servicios generales de la UPO.\" width=\"420\" height=\"236\" srcset=\"https:\/\/www.upo.es\/diario\/wp-content\/uploads\/2024\/05\/Jorn-PEvAU_20240527-8592-420x236.jpg 420w, https:\/\/www.upo.es\/diario\/wp-content\/uploads\/2024\/05\/Jorn-PEvAU_20240527-8592-750x422.jpg 750w, https:\/\/www.upo.es\/diario\/wp-content\/uploads\/2024\/05\/Jorn-PEvAU_20240527-8592-768x432.jpg 768w, https:\/\/www.upo.es\/diario\/wp-content\/uploads\/2024\/05\/Jorn-PEvAU_20240527-8592-1536x864.jpg 1536w, https:\/\/www.upo.es\/diario\/wp-content\/uploads\/2024\/05\/Jorn-PEvAU_20240527-8592-2048x1152.jpg 2048w, https:\/\/www.upo.es\/diario\/wp-content\/uploads\/2024\/05\/Jorn-PEvAU_20240527-8592-1320x743.jpg 1320w\" sizes=\"auto, (max-width: 420px) 100vw, 420px\" \/><\/a><figcaption id=\"caption-attachment-30882420\" class=\"wp-caption-text\">Los estudiantes han realizado una visita a las distintas sedes de la PEvAU y servicios generales de la UPO.<\/figcaption><\/figure>\n<h3><strong>PEvAU \u2013 Prueba de Evaluaci\u00f3n y Acceso a la Universidad<\/strong><\/h3>\n<p>La prueba se desarrollar\u00e1 entre el 4 y el 6 de junio y consta de dos fases, una de acceso y otra de admisi\u00f3n.<\/p>\n<p>La fase de acceso es obligatoria y permite cumplir con los requisitos para acceder a la Universidad. Consta de cuatro ex\u00e1menes: Lengua Castellana y Literatura; Lengua Extranjera; Historia de Espa\u00f1a y una materia troncal general seg\u00fan la modalidad de segundo de bachillerato elegida entre Fundamentos del Arte II, Lat\u00edn II, Matem\u00e1ticas II y Matem\u00e1ticas Aplicadas a las Ciencias Sociales.<\/p>\n<p>La nota final de acceso se obtiene tras ponderar los resultados con la nota media del bachillerato y variar\u00e1 entre 5 y 10 puntos. Esta nota de acceso puede mejorarse en la fase de admisi\u00f3n, que permite alcanzar una puntuaci\u00f3n m\u00e1xima de 14 puntos evaluando los conocimientos y las capacidades de alumnos y alumnas en hasta cuatro asignaturas relacionadas con los estudios de grado que desean realizar.<\/p>\n","protected":false},"excerpt":{"rendered":"<p>Estudiantes de 37 centros de Sevilla y provincia han acudido hoy al campus de la Universidad Pablo de Olavide para asistir a las Jornadas de Preparaci\u00f3n de la PEvAU. Un programa organizado por el Vicerrectorado de Estudiantes con el fin de favorecer el buen desarrollo de la Prueba de Evaluaci\u00f3n y Acceso a la Universidad, inicio de una nueva etapa para estudiantes de Bachillerato y de Ciclos Formativos de Grado Superior.<\/p>\n","protected":false},"author":2,"featured_media":30882418,"comment_status":"closed","ping_status":"open","sticky":false,"template":"","format":"standard","meta":{"_monsterinsights_skip_tracking":false,"_monsterinsights_sitenote_active":false,"_monsterinsights_sitenote_note":"","_monsterinsights_sitenote_category":0,"footnotes":""},"categories":[6],"tags":[1462,5160,127,7790,4082,690,665,2114],"class_list":["post-30882415","post","type-post","status-publish","format-standard","has-post-thumbnail","hentry","category-institucional","tag-acceso-a-la-universidad","tag-area-de-gestion-administrativa-de-asistencia-al-estudiante-de-grado","tag-examenes","tag-marian-moron","tag-pevau","tag-prueba-de-acceso-a-la-universidad","tag-selectividad","tag-vicerrectorado-de-estudiantes"],"_links":{"self":[{"href":"https:\/\/www.upo.es\/diario\/wp-json\/wp\/v2\/posts\/30882415","targetHints":{"allow":["GET"]}}],"collection":[{"href":"https:\/\/www.upo.es\/diario\/wp-json\/wp\/v2\/posts"}],"about":[{"href":"https:\/\/www.upo.es\/diario\/wp-json\/wp\/v2\/types\/post"}],"author":[{"embeddable":true,"href":"https:\/\/www.upo.es\/diario\/wp-json\/wp\/v2\/users\/2"}],"replies":[{"embeddable":true,"href":"https:\/\/www.upo.es\/diario\/wp-json\/wp\/v2\/comments?post=30882415"}],"version-history":[{"count":5,"href":"https:\/\/www.upo.es\/diario\/wp-json\/wp\/v2\/posts\/30882415\/revisions"}],"predecessor-version":[{"id":30882426,"href":"https:\/\/www.upo.es\/diario\/wp-json\/wp\/v2\/posts\/30882415\/revisions\/30882426"}],"wp:featuredmedia":[{"embeddable":true,"href":"https:\/\/www.upo.es\/diario\/wp-json\/wp\/v2\/media\/30882418"}],"wp:attachment":[{"href":"https:\/\/www.upo.es\/diario\/wp-json\/wp\/v2\/media?parent=30882415"}],"wp:term":[{"taxonomy":"category","embeddable":true,"href":"https:\/\/www.upo.es\/diario\/wp-json\/wp\/v2\/categories?post=30882415"},{"taxonomy":"post_tag","embeddable":true,"href":"https:\/\/www.upo.es\/diario\/wp-json\/wp\/v2\/tags?post=30882415"}],"curies":[{"name":"wp","href":"https:\/\/api.w.org\/{rel}","templated":true}]}}