{"id":30882421,"date":"2024-05-27T06:17:38","date_gmt":"2024-05-27T04:17:38","guid":{"rendered":"https:\/\/www.upo.es\/diario\/?p=30882421"},"modified":"2024-05-27T15:52:55","modified_gmt":"2024-05-27T13:52:55","slug":"visita-de-rafael-belmonte-al-rector-de-la-universidad-pablo-de-olavide-con-motivo-de-su-reeleccion","status":"publish","type":"post","link":"https:\/\/www.upo.es\/diario\/institucional\/2024\/05\/visita-de-rafael-belmonte-al-rector-de-la-universidad-pablo-de-olavide-con-motivo-de-su-reeleccion\/","title":{"rendered":"Visita de Rafael Belmonte al rector de la Universidad Pablo de Olavide con motivo de su reelecci\u00f3n"},"content":{"rendered":"<figure id=\"attachment_30882416\" aria-describedby=\"caption-attachment-30882416\" style=\"width: 750px\" class=\"wp-caption aligncenter\"><a href=\"https:\/\/www.upo.es\/diario\/wp-content\/uploads\/2024\/05\/Rafael-Belmonte_20240527-8423-scaled.jpg\"><img loading=\"lazy\" decoding=\"async\" class=\"wp-image-30882416 size-large\" src=\"https:\/\/www.upo.es\/diario\/wp-content\/uploads\/2024\/05\/Rafael-Belmonte_20240527-8423-750x422.jpg\" alt=\"Rafael Belmonte y Francisco Oliva\" width=\"750\" height=\"422\" srcset=\"https:\/\/www.upo.es\/diario\/wp-content\/uploads\/2024\/05\/Rafael-Belmonte_20240527-8423-750x422.jpg 750w, https:\/\/www.upo.es\/diario\/wp-content\/uploads\/2024\/05\/Rafael-Belmonte_20240527-8423-420x236.jpg 420w, https:\/\/www.upo.es\/diario\/wp-content\/uploads\/2024\/05\/Rafael-Belmonte_20240527-8423-768x432.jpg 768w, https:\/\/www.upo.es\/diario\/wp-content\/uploads\/2024\/05\/Rafael-Belmonte_20240527-8423-1536x864.jpg 1536w, https:\/\/www.upo.es\/diario\/wp-content\/uploads\/2024\/05\/Rafael-Belmonte_20240527-8423-2048x1152.jpg 2048w, https:\/\/www.upo.es\/diario\/wp-content\/uploads\/2024\/05\/Rafael-Belmonte_20240527-8423-1320x742.jpg 1320w\" sizes=\"auto, (max-width: 750px) 100vw, 750px\" \/><\/a><figcaption id=\"caption-attachment-30882416\" class=\"wp-caption-text\">Rafael Belmonte y Francisco Oliva<\/figcaption><\/figure>\n<p><strong>Rafael Belmonte G\u00f3mez<\/strong>, diputado de la XV Legislatura por Sevilla e integrante del Grupo parlamentario Popular en el Congreso, ha visitado hoy el campus de la Universidad Pablo de Olavide, donde ha mantenido una reuni\u00f3n con el rector <strong>Francisco Oliva Bl\u00e1zquez<\/strong>, con motivo de su reciente reelecci\u00f3n.<\/p>\n<p>Miembro del Comit\u00e9 Ejecutivo Provincial del PP de Sevilla, Rafael Belmonte es abogado y ha tenido previamente responsabilidades pol\u00edticas en el Ayuntamiento de Sevilla, donde ha sido concejal doce a\u00f1os. Anteriormente, fue presidente de la Asociaci\u00f3n de Abogados J\u00f3venes de Sevilla. Durante su encuentro con el rector, ambos han tratado temas de actualidad universitaria, y el diputado por Sevilla ha ofrecido su colaboraci\u00f3n para que la Universidad Pablo de Olavide culmine con \u00e9xito los objetivos que se ha marcado para los pr\u00f3ximos seis a\u00f1os.<\/p>\n","protected":false},"excerpt":{"rendered":"<p>Rafael Belmonte G\u00f3mez, diputado de la XV Legislatura por Sevilla e integrante del Grupo parlamentario Popular en el Congreso, ha visitado hoy el campus de la Universidad Pablo de Olavide, donde ha mantenido una reuni\u00f3n con el rector Francisco Oliva Bl\u00e1zquez, con motivo de su reciente reelecci\u00f3n.<\/p>\n","protected":false},"author":6,"featured_media":30882416,"comment_status":"closed","ping_status":"open","sticky":false,"template":"","format":"standard","meta":{"_monsterinsights_skip_tracking":false,"_monsterinsights_sitenote_active":false,"_monsterinsights_sitenote_note":"","_monsterinsights_sitenote_category":0,"footnotes":""},"categories":[6],"tags":[2696,1874,4021,6008,2291],"class_list":["post-30882421","post","type-post","status-publish","format-standard","has-post-thumbnail","hentry","category-institucional","tag-colegio-de-abogados-de-sevilla","tag-congreso-de-los-diputados","tag-francisco-oliva-blazquez","tag-partido-politico","tag-visita-institucional"],"_links":{"self":[{"href":"https:\/\/www.upo.es\/diario\/wp-json\/wp\/v2\/posts\/30882421","targetHints":{"allow":["GET"]}}],"collection":[{"href":"https:\/\/www.upo.es\/diario\/wp-json\/wp\/v2\/posts"}],"about":[{"href":"https:\/\/www.upo.es\/diario\/wp-json\/wp\/v2\/types\/post"}],"author":[{"embeddable":true,"href":"https:\/\/www.upo.es\/diario\/wp-json\/wp\/v2\/users\/6"}],"replies":[{"embeddable":true,"href":"https:\/\/www.upo.es\/diario\/wp-json\/wp\/v2\/comments?post=30882421"}],"version-history":[{"count":8,"href":"https:\/\/www.upo.es\/diario\/wp-json\/wp\/v2\/posts\/30882421\/revisions"}],"predecessor-version":[{"id":30882438,"href":"https:\/\/www.upo.es\/diario\/wp-json\/wp\/v2\/posts\/30882421\/revisions\/30882438"}],"wp:featuredmedia":[{"embeddable":true,"href":"https:\/\/www.upo.es\/diario\/wp-json\/wp\/v2\/media\/30882416"}],"wp:attachment":[{"href":"https:\/\/www.upo.es\/diario\/wp-json\/wp\/v2\/media?parent=30882421"}],"wp:term":[{"taxonomy":"category","embeddable":true,"href":"https:\/\/www.upo.es\/diario\/wp-json\/wp\/v2\/categories?post=30882421"},{"taxonomy":"post_tag","embeddable":true,"href":"https:\/\/www.upo.es\/diario\/wp-json\/wp\/v2\/tags?post=30882421"}],"curies":[{"name":"wp","href":"https:\/\/api.w.org\/{rel}","templated":true}]}}