{"id":30882430,"date":"2024-05-27T09:08:39","date_gmt":"2024-05-27T07:08:39","guid":{"rendered":"https:\/\/www.upo.es\/diario\/?p=30882430"},"modified":"2024-05-27T15:09:12","modified_gmt":"2024-05-27T13:09:12","slug":"entrega-del-premio-olga-soto-a-la-solidaridad-en-la-ceremonia-de-egresados-del-grado-en-educacion-social","status":"publish","type":"post","link":"https:\/\/www.upo.es\/diario\/comunidad\/2024\/05\/entrega-del-premio-olga-soto-a-la-solidaridad-en-la-ceremonia-de-egresados-del-grado-en-educacion-social\/","title":{"rendered":"Entrega del Premio \u201cOlga Soto\u2019 a la solidaridad en la ceremonia de egresados del Grado en Educaci\u00f3n Social"},"content":{"rendered":"<figure id=\"attachment_30882433\" aria-describedby=\"caption-attachment-30882433\" style=\"width: 750px\" class=\"wp-caption aligncenter\"><a href=\"https:\/\/www.upo.es\/diario\/wp-content\/uploads\/2024\/05\/EducacionSocial_2020_24-5-scaled.jpeg\"><img loading=\"lazy\" decoding=\"async\" class=\"wp-image-30882433 size-large\" src=\"https:\/\/www.upo.es\/diario\/wp-content\/uploads\/2024\/05\/EducacionSocial_2020_24-5-750x422.jpeg\" alt=\"EducacionSocial_2020_24 \" width=\"750\" height=\"422\" srcset=\"https:\/\/www.upo.es\/diario\/wp-content\/uploads\/2024\/05\/EducacionSocial_2020_24-5-750x422.jpeg 750w, https:\/\/www.upo.es\/diario\/wp-content\/uploads\/2024\/05\/EducacionSocial_2020_24-5-420x237.jpeg 420w, https:\/\/www.upo.es\/diario\/wp-content\/uploads\/2024\/05\/EducacionSocial_2020_24-5-768x432.jpeg 768w, https:\/\/www.upo.es\/diario\/wp-content\/uploads\/2024\/05\/EducacionSocial_2020_24-5-1536x865.jpeg 1536w, https:\/\/www.upo.es\/diario\/wp-content\/uploads\/2024\/05\/EducacionSocial_2020_24-5-2048x1153.jpeg 2048w, https:\/\/www.upo.es\/diario\/wp-content\/uploads\/2024\/05\/EducacionSocial_2020_24-5-1320x743.jpeg 1320w\" sizes=\"auto, (max-width: 750px) 100vw, 750px\" \/><\/a><figcaption id=\"caption-attachment-30882433\" class=\"wp-caption-text\">Promoci\u00f3n 2020\/2024 del Grado en Educaci\u00f3n Social<\/figcaption><\/figure>\n<p><strong>La promoci\u00f3n 2020\/2024 del Grado en Educaci\u00f3n Social<\/strong> celebr\u00f3 su ceremonia de graduaci\u00f3n el pasado viernes en el Paraninfo de la Universidad Pablo de Olavide. Durante el acto, presidido por el decano de la Facultad de Ciencias Sociales Juan Miguel G\u00f3mez Espino, se entreg\u00f3 <strong>el Premio \u2018Olga Soto\u2019 a la solidaridad a la egresada \u00c1ngela Gonz\u00e1lez Garc\u00eda por su compromiso social y superaci\u00f3n personal.<\/strong><strong>\u00a0<\/strong><\/p>\n<p>El <strong>Premio \u201cOlga Soto\u201d a la solidaridad<\/strong>, en homenaje a la profesora del \u00c1rea de Salud P\u00fablica y Medicina Preventiva Olga Soto Pe\u00f1a fallecida en 2023, reconoce a estudiantes que, al final de sus estudios, han acreditado trayectorias destacadas de compromiso social, as\u00ed como que hayan atravesado situaciones de especial dificultad que merezcan el reconocimiento de sus compa\u00f1eros y compa\u00f1eras.<\/p>\n<figure id=\"attachment_30882431\" aria-describedby=\"caption-attachment-30882431\" style=\"width: 420px\" class=\"wp-caption alignright\"><a href=\"https:\/\/www.upo.es\/diario\/wp-content\/uploads\/2024\/05\/EducacionSocial_2020_24-1-scaled.jpeg\"><img loading=\"lazy\" decoding=\"async\" class=\"wp-image-30882431 size-medium\" src=\"https:\/\/www.upo.es\/diario\/wp-content\/uploads\/2024\/05\/EducacionSocial_2020_24-1-420x237.jpeg\" alt=\"EducacionSocial_2020_24 \" width=\"420\" height=\"237\" srcset=\"https:\/\/www.upo.es\/diario\/wp-content\/uploads\/2024\/05\/EducacionSocial_2020_24-1-420x237.jpeg 420w, https:\/\/www.upo.es\/diario\/wp-content\/uploads\/2024\/05\/EducacionSocial_2020_24-1-750x422.jpeg 750w, https:\/\/www.upo.es\/diario\/wp-content\/uploads\/2024\/05\/EducacionSocial_2020_24-1-768x432.jpeg 768w, https:\/\/www.upo.es\/diario\/wp-content\/uploads\/2024\/05\/EducacionSocial_2020_24-1-1536x865.jpeg 1536w, https:\/\/www.upo.es\/diario\/wp-content\/uploads\/2024\/05\/EducacionSocial_2020_24-1-2048x1153.jpeg 2048w, https:\/\/www.upo.es\/diario\/wp-content\/uploads\/2024\/05\/EducacionSocial_2020_24-1-1320x743.jpeg 1320w\" sizes=\"auto, (max-width: 420px) 100vw, 420px\" \/><\/a><figcaption id=\"caption-attachment-30882431\" class=\"wp-caption-text\">Premio &#8216;Olga Soto\u00bb a \u00c1ngela Gonz\u00e1lez<\/figcaption><\/figure>\n<p>En esta primera edici\u00f3n, el premio ha sido entregado a<strong> \u00c1ngela Gonz\u00e1lez Garc\u00eda<\/strong> por superar una situaci\u00f3n dif\u00edcil durante la carrera, por su entrega y entusiasmo por continuar sus estudios y por su compromiso social desde peque\u00f1a, participando en un proyecto contra el bullying, colaborando con el Banco de Alimentos y, actualmente, haciendo voluntariado en Prolibertas, una fundaci\u00f3n que lucha contra la exclusi\u00f3n social.<strong>\u00a0<\/strong><\/p>\n<p>Los egresados y egresadas del Grado en Educaci\u00f3n Social tuvieron como <strong>madrina de su promoci\u00f3n a Teresa Rebolledo Garc\u00eda, profesora del \u00c1rea de Teor\u00eda e Historia de la Educaci\u00f3n de la UPO.<\/strong> A la ceremonia tambi\u00e9n han asistido, como invitado de honor, Miguel \u00c1ngel Escobar Alcobert, profesor del \u00c1rea de Psicolog\u00eda B\u00e1sica de la UPO; Estrella Abolafio Moreno, vicedecana de Pr\u00e1cticas y Empleabilidad; y a Roc\u00edo C\u00e1rdenas Rodr\u00edguez, secretaria de la Facultad de Ciencias Sociales.<\/p>\n<p>En representaci\u00f3n del alumnado egresado, pronunciaron los discursos Luc\u00eda Dur\u00e1n Fern\u00e1ndez y Pablo Serrano Salguero. Un total de 58 egresados y egresadas asistieron, junto a sus familiares, a este acto con el que la Universidad Pablo de Olavide recupera una antigua tradici\u00f3n de las universidades europeas.<\/p>\n","protected":false},"excerpt":{"rendered":"<p>La promoci\u00f3n 2020\/2024 del Grado en Educaci\u00f3n Social celebr\u00f3 su ceremonia de graduaci\u00f3n en el Paraninfo de la Universidad Pablo de Olavide. Durante el acto, presidido por el decano de la Facultad de Ciencias Sociales Juan Miguel G\u00f3mez Espino, se entreg\u00f3 el Premio \u2018Olga Soto\u2019 a la solidaridad a la egresada \u00c1ngela Gonz\u00e1lez Garc\u00eda por su compromiso social y superaci\u00f3n personal.\u00a0<\/p>\n","protected":false},"author":4,"featured_media":30882432,"comment_status":"closed","ping_status":"open","sticky":false,"template":"","format":"standard","meta":{"_monsterinsights_skip_tracking":false,"_monsterinsights_sitenote_active":false,"_monsterinsights_sitenote_note":"","_monsterinsights_sitenote_category":0,"footnotes":""},"categories":[5842],"tags":[581,487,2372,8832],"class_list":["post-30882430","post","type-post","status-publish","format-standard","has-post-thumbnail","hentry","category-comunidad","tag-ceremonia-de-egresados","tag-facultad-ciencias-sociales","tag-grado-en-educacion-social","tag-premio-olga-soto"],"_links":{"self":[{"href":"https:\/\/www.upo.es\/diario\/wp-json\/wp\/v2\/posts\/30882430","targetHints":{"allow":["GET"]}}],"collection":[{"href":"https:\/\/www.upo.es\/diario\/wp-json\/wp\/v2\/posts"}],"about":[{"href":"https:\/\/www.upo.es\/diario\/wp-json\/wp\/v2\/types\/post"}],"author":[{"embeddable":true,"href":"https:\/\/www.upo.es\/diario\/wp-json\/wp\/v2\/users\/4"}],"replies":[{"embeddable":true,"href":"https:\/\/www.upo.es\/diario\/wp-json\/wp\/v2\/comments?post=30882430"}],"version-history":[{"count":1,"href":"https:\/\/www.upo.es\/diario\/wp-json\/wp\/v2\/posts\/30882430\/revisions"}],"predecessor-version":[{"id":30882434,"href":"https:\/\/www.upo.es\/diario\/wp-json\/wp\/v2\/posts\/30882430\/revisions\/30882434"}],"wp:featuredmedia":[{"embeddable":true,"href":"https:\/\/www.upo.es\/diario\/wp-json\/wp\/v2\/media\/30882432"}],"wp:attachment":[{"href":"https:\/\/www.upo.es\/diario\/wp-json\/wp\/v2\/media?parent=30882430"}],"wp:term":[{"taxonomy":"category","embeddable":true,"href":"https:\/\/www.upo.es\/diario\/wp-json\/wp\/v2\/categories?post=30882430"},{"taxonomy":"post_tag","embeddable":true,"href":"https:\/\/www.upo.es\/diario\/wp-json\/wp\/v2\/tags?post=30882430"}],"curies":[{"name":"wp","href":"https:\/\/api.w.org\/{rel}","templated":true}]}}