{"id":30882441,"date":"2024-05-28T10:23:23","date_gmt":"2024-05-28T08:23:23","guid":{"rendered":"https:\/\/www.upo.es\/diario\/?p=30882441"},"modified":"2024-07-17T10:00:29","modified_gmt":"2024-07-17T08:00:29","slug":"la-universidad-pablo-de-olavide-pone-en-marcha-un-ano-mas-una-nueva-edicion-de-su-campus-deportivo-de-verano","status":"publish","type":"post","link":"https:\/\/www.upo.es\/diario\/comunidad\/2024\/05\/la-universidad-pablo-de-olavide-pone-en-marcha-un-ano-mas-una-nueva-edicion-de-su-campus-deportivo-de-verano\/","title":{"rendered":"La Universidad Pablo de Olavide pone en marcha un a\u00f1o m\u00e1s una nueva edici\u00f3n de su Campus Deportivo de Verano"},"content":{"rendered":"<p><a href=\"https:\/\/www.upo.es\/diario\/wp-content\/uploads\/2024\/05\/Campus-Deportivo-Verano-2024.png\"><img loading=\"lazy\" decoding=\"async\" class=\"aligncenter size-large wp-image-30882442\" src=\"https:\/\/www.upo.es\/diario\/wp-content\/uploads\/2024\/05\/Campus-Deportivo-Verano-2024-750x320.png\" alt=\"Campus Deportivo de Verano 2024\" width=\"750\" height=\"320\" srcset=\"https:\/\/www.upo.es\/diario\/wp-content\/uploads\/2024\/05\/Campus-Deportivo-Verano-2024-750x320.png 750w, https:\/\/www.upo.es\/diario\/wp-content\/uploads\/2024\/05\/Campus-Deportivo-Verano-2024-420x179.png 420w, https:\/\/www.upo.es\/diario\/wp-content\/uploads\/2024\/05\/Campus-Deportivo-Verano-2024-768x328.png 768w, https:\/\/www.upo.es\/diario\/wp-content\/uploads\/2024\/05\/Campus-Deportivo-Verano-2024.png 1062w\" sizes=\"auto, (max-width: 750px) 100vw, 750px\" \/><\/a>La Universidad Pablo de Olavide pone en marcha un a\u00f1o m\u00e1s una nueva edici\u00f3n de su <strong>Campus Deportivo de Verano<\/strong>, una actividad dirigida a <strong>ni\u00f1os y ni\u00f1as de entre 6 y 12 a\u00f1os,<\/strong> que <u>dar\u00e1 comienzo el pr\u00f3ximo 24 de junio<\/u> para ayudar a la conciliaci\u00f3n de las familias que trabajan durante los meses de junio y julio, coincidiendo con las vacaciones de Primaria.<\/p>\n<p>Este servicio est\u00e1 disponible para miembros de la comunidad universitaria y personas externas, y estar\u00e1 operativo en las instalaciones de la UPO <u>desde las 08:30 hasta las 14:30 horas, desde el 24 de junio al 26 de julio de 2024.<\/u><\/p>\n<p>Bajo el lema <strong>\u2018Juntos somos m\u00e1s fuertes #launionhacelafuerza\u2019<\/strong>, los ni\u00f1os y las ni\u00f1as aprender\u00e1n divirti\u00e9ndose mediante la participaci\u00f3n en diversos talleres y actividades, recibiendo atenci\u00f3n de profesionales especializados en Ciencias de la Actividad F\u00edsica y del Deporte, Educaci\u00f3n F\u00edsica y Animaci\u00f3n Deportiva. Estas actividades se desarrollar\u00e1n en un ambiente l\u00fadico que promover\u00e1 valores educativos y habilidades motoras, as\u00ed como la creaci\u00f3n de un entorno afectuoso y de confianza.<\/p>\n<p>Todas las actividades, talleres y juegos se realizar\u00e1n en las instalaciones del campus de la UPO, tendr\u00e1n una duraci\u00f3n aproximada entre 1 hora y 1 hora y media, y ser\u00e1n siempre adaptadas seg\u00fan la destreza e inter\u00e9s del participante.<\/p>\n<p>Cada d\u00eda se estructurar\u00e1 de manera que los y las participantes realicen una actividad deportiva y una o dos actividades como talleres, adaptadas a sus edades e intereses, dentro del marco l\u00fadico-motriz. Adem\u00e1s, se reservar\u00e1n per\u00edodos de tiempo para alternar entre el Juego Libre, donde los y las participantes eligen entre una variedad de opciones, y los Juegos Dirigidos por los t\u00e9cnicos, que se centran en los objetivos espec\u00edficos del Campus.<\/p>\n<p>De esta manera, la empresa Cooperactiva S.C.A. en colaboraci\u00f3n con el Servicio de Deportes, busca fomentar actitudes de socializaci\u00f3n y equidad, as\u00ed como promover el desarrollo de habilidades para la convivencia y el disfrute del juego activo.<\/p>\n<p>Se establecer\u00e1n tres grupos por franjas de edad, que comprender\u00e1n desde los 6 a 8 a\u00f1os el primero de ellos (nacidos en 2017 y 2016); 8 a 10 a\u00f1os el segundo (nacidos en 2015 y 2014); 10 a 12 a\u00f1os el tercero de los grupos (nacidos en 2013 y 2012).<\/p>\n<p>La inscripci\u00f3n al campus deportivo podr\u00e1 realizarse por semanas, quincenas, d\u00edas sueltos o periodo completo. El periodo de inscripci\u00f3n abarca <strong>del 3 al 9 de junio para los miembros de la comunidad UPO<\/strong> y <strong>a partir del 10 de junio para todo el personal ajeno a la comunidad universitaria <\/strong><strong>y para quien est\u00e9 fuera de plazo<\/strong>.<\/p>\n<p>Las solicitudes ser\u00e1n atendidas en estricto orden de inscripci\u00f3n. Las personas interesadas podr\u00e1n realizar las inscripciones y\/o solventar dudas, llamando al tel\u00e9fono: 629 37 43 38 o correo electr\u00f3nico: <a href=\"mailto:info@gimnasioupo.com\">info@gimnasioupo.com<\/a>. Se podr\u00e1n hacer nuevas inscripciones hasta domingo 23 de junio a las 23:59 horas.<\/p>\n<p><strong>M\u00e1s informaci\u00f3n:\u00a0 <\/strong><a href=\"https:\/\/www.upo.es\/sdupo\/campus-deportivo-de-verano-2024\/\">Campus Deportivo de Verano<\/a><\/p>\n","protected":false},"excerpt":{"rendered":"<p>La Universidad Pablo de Olavide pone en marcha un a\u00f1o m\u00e1s una nueva edici\u00f3n de su Campus Deportivo de Verano, una actividad dirigida a ni\u00f1os y ni\u00f1as de entre 6 y 12 a\u00f1os, que dar\u00e1 comienzo el pr\u00f3ximo 24 de junio para ayudar a la conciliaci\u00f3n de las familias que trabajan durante los meses de junio y julio, coincidiendo con las vacaciones de Primaria.<\/p>\n","protected":false},"author":6,"featured_media":30882459,"comment_status":"closed","ping_status":"open","sticky":false,"template":"","format":"standard","meta":{"_monsterinsights_skip_tracking":false,"_monsterinsights_sitenote_active":false,"_monsterinsights_sitenote_note":"","_monsterinsights_sitenote_category":0,"footnotes":""},"categories":[5842],"tags":[7440,2178,199,8572,492],"class_list":["post-30882441","post","type-post","status-publish","format-standard","has-post-thumbnail","hentry","category-comunidad","tag-campus-deportivo-de-verano","tag-conciliacion-familiar","tag-profesorado","tag-ptgas","tag-servicio-de-deportes"],"_links":{"self":[{"href":"https:\/\/www.upo.es\/diario\/wp-json\/wp\/v2\/posts\/30882441","targetHints":{"allow":["GET"]}}],"collection":[{"href":"https:\/\/www.upo.es\/diario\/wp-json\/wp\/v2\/posts"}],"about":[{"href":"https:\/\/www.upo.es\/diario\/wp-json\/wp\/v2\/types\/post"}],"author":[{"embeddable":true,"href":"https:\/\/www.upo.es\/diario\/wp-json\/wp\/v2\/users\/6"}],"replies":[{"embeddable":true,"href":"https:\/\/www.upo.es\/diario\/wp-json\/wp\/v2\/comments?post=30882441"}],"version-history":[{"count":1,"href":"https:\/\/www.upo.es\/diario\/wp-json\/wp\/v2\/posts\/30882441\/revisions"}],"predecessor-version":[{"id":30882443,"href":"https:\/\/www.upo.es\/diario\/wp-json\/wp\/v2\/posts\/30882441\/revisions\/30882443"}],"wp:featuredmedia":[{"embeddable":true,"href":"https:\/\/www.upo.es\/diario\/wp-json\/wp\/v2\/media\/30882459"}],"wp:attachment":[{"href":"https:\/\/www.upo.es\/diario\/wp-json\/wp\/v2\/media?parent=30882441"}],"wp:term":[{"taxonomy":"category","embeddable":true,"href":"https:\/\/www.upo.es\/diario\/wp-json\/wp\/v2\/categories?post=30882441"},{"taxonomy":"post_tag","embeddable":true,"href":"https:\/\/www.upo.es\/diario\/wp-json\/wp\/v2\/tags?post=30882441"}],"curies":[{"name":"wp","href":"https:\/\/api.w.org\/{rel}","templated":true}]}}