{"id":30882451,"date":"2024-05-28T04:37:53","date_gmt":"2024-05-28T02:37:53","guid":{"rendered":"https:\/\/www.upo.es\/diario\/?p=30882451"},"modified":"2024-05-28T14:44:24","modified_gmt":"2024-05-28T12:44:24","slug":"radiolavide-falsas-noticias-y-medias-verdades-que-vuelan-por-el-ciberespacio","status":"publish","type":"post","link":"https:\/\/www.upo.es\/diario\/podcast\/2024\/05\/radiolavide-falsas-noticias-y-medias-verdades-que-vuelan-por-el-ciberespacio\/","title":{"rendered":"RadiOlavide | \u2018Falsas noticias y medias verdades que vuelan por el ciberespacio\u2019"},"content":{"rendered":"<p><iframe loading=\"lazy\" id=\"pumukitiframe\" src=\"https:\/\/upotv.upo.es\/iframe\/664c7bf8abe3c610768b4568\" width=\"560\" height=\"315\" frameborder=\"0\" allowfullscreen=\"allowfullscreen\"><\/iframe><\/p>\n<p>Bulos, medias verdades y diversas formas de manipulaci\u00f3n informativa, carentes de sustento cient\u00edfico, se difunden con velocidad alarmante a trav\u00e9s de los medios de comunicaci\u00f3n y las redes sociales, alcanzando a una audiencia global. Este fen\u00f3meno ha generado una preocupaci\u00f3n creciente sobre el impacto de las noticias falsas en nuestra sociedad. Las consecuencias de esta desinformaci\u00f3n son comparables a un virus que est\u00e1 afectando numerosos aspectos de la vida cotidiana y el bienestar social.<\/p>\n<p>Ante esta situaci\u00f3n, se hace evidente la urgencia de abordar el tema de manera seria y sistem\u00e1tica. La lucha contra las noticias falsas requiere de una mayor conciencia y responsabilidad tanto por parte de los medios de comunicaci\u00f3n como de los usuarios de las redes sociales, para as\u00ed mitigar los efectos negativos de la desinformaci\u00f3n y proteger la integridad de nuestra sociedad.<\/p>\n<figure id=\"attachment_30882453\" aria-describedby=\"caption-attachment-30882453\" style=\"width: 420px\" class=\"wp-caption alignleft\"><img loading=\"lazy\" decoding=\"async\" class=\"size-medium wp-image-30882453\" src=\"https:\/\/www.upo.es\/diario\/wp-content\/uploads\/2024\/05\/Noname13-420x287.jpg\" alt=\"Pantalla de un port\u00e1til sobre un escritorio con el texto 'Fake News'\" width=\"420\" height=\"287\" srcset=\"https:\/\/www.upo.es\/diario\/wp-content\/uploads\/2024\/05\/Noname13-420x287.jpg 420w, https:\/\/www.upo.es\/diario\/wp-content\/uploads\/2024\/05\/Noname13-750x513.jpg 750w, https:\/\/www.upo.es\/diario\/wp-content\/uploads\/2024\/05\/Noname13-768x526.jpg 768w, https:\/\/www.upo.es\/diario\/wp-content\/uploads\/2024\/05\/Noname13.jpg 1280w\" sizes=\"auto, (max-width: 420px) 100vw, 420px\" \/><figcaption id=\"caption-attachment-30882453\" class=\"wp-caption-text\">Imagen: No_name_13<\/figcaption><\/figure>\n<p>Cr\u00e9ditos:<\/p>\n<p>Locuci\u00f3n: <strong>Luis Navarro Ardoy.<\/strong><\/p>\n<p>Realizaci\u00f3n y edici\u00f3n: <strong>Luis Navarro Ardoy y Javier \u00c1guila.<\/strong><\/p>\n<p>&nbsp;<\/p>\n<p>&nbsp;<\/p>\n<p>&nbsp;<\/p>\n<p>&nbsp;<\/p>\n<h3>M\u00e1s estrenos de RadiOlavide:<\/h3>\n<p><strong>\u00d3rbita Olavide &#8216;H\u00e1bitos saludables en la UPO&#8217;<\/strong>: <a href=\"https:\/\/upotv.upo.es\/video\/66544dedabe3c647cf8b4573\">https:\/\/upotv.upo.es\/video\/66544dedabe3c647cf8b4573<\/a><\/p>\n<p><strong>Onda Olimpo &#8211; Entregando el mensaje: Especial D\u00eda del Libro:<\/strong> <a href=\"https:\/\/upotv.upo.es\/video\/664b32cfabe3c6b7128b4568\">https:\/\/upotv.upo.es\/video\/664b32cfabe3c6b7128b4568<\/a><\/p>\n<p><strong>Las m\u00fasicas de Olavide \u00abIn Memorian\u00bb:<br \/>\n<\/strong><a href=\"https:\/\/upotv.upo.es\/video\/664de3b8abe3c6cee18b4568\">https:\/\/upotv.upo.es\/video\/664de3b8abe3c6cee18b4568<\/a><\/p>\n","protected":false},"excerpt":{"rendered":"<p>Bulos, medias verdades y diversas formas de manipulaci\u00f3n informativa, carentes de sustento cient\u00edfico, se difunden con velocidad alarmante a trav\u00e9s de los medios de comunicaci\u00f3n y las redes sociales, alcanzando a una audiencia global. Este fen\u00f3meno ha generado una preocupaci\u00f3n creciente sobre el impacto de las noticias falsas en nuestra sociedad. Las consecuencias de esta desinformaci\u00f3n son comparables a un virus que est\u00e1 afectando numerosos aspectos de la vida cotidiana y el bienestar social.<\/p>\n","protected":false},"author":6,"featured_media":30882453,"comment_status":"closed","ping_status":"open","sticky":false,"template":"","format":"standard","meta":{"_monsterinsights_skip_tracking":false,"_monsterinsights_sitenote_active":false,"_monsterinsights_sitenote_note":"","_monsterinsights_sitenote_category":0,"footnotes":""},"categories":[8145],"tags":[8065,6431,7066,984,3784,20,104],"class_list":["post-30882451","post","type-post","status-publish","format-standard","has-post-thumbnail","hentry","category-podcast","tag-desinformacion","tag-fake-news","tag-luis-navarro-ardoy","tag-medios-de-comunicacion","tag-radiolavide","tag-redes-sociales","tag-sociologia"],"_links":{"self":[{"href":"https:\/\/www.upo.es\/diario\/wp-json\/wp\/v2\/posts\/30882451","targetHints":{"allow":["GET"]}}],"collection":[{"href":"https:\/\/www.upo.es\/diario\/wp-json\/wp\/v2\/posts"}],"about":[{"href":"https:\/\/www.upo.es\/diario\/wp-json\/wp\/v2\/types\/post"}],"author":[{"embeddable":true,"href":"https:\/\/www.upo.es\/diario\/wp-json\/wp\/v2\/users\/6"}],"replies":[{"embeddable":true,"href":"https:\/\/www.upo.es\/diario\/wp-json\/wp\/v2\/comments?post=30882451"}],"version-history":[{"count":6,"href":"https:\/\/www.upo.es\/diario\/wp-json\/wp\/v2\/posts\/30882451\/revisions"}],"predecessor-version":[{"id":30882458,"href":"https:\/\/www.upo.es\/diario\/wp-json\/wp\/v2\/posts\/30882451\/revisions\/30882458"}],"wp:featuredmedia":[{"embeddable":true,"href":"https:\/\/www.upo.es\/diario\/wp-json\/wp\/v2\/media\/30882453"}],"wp:attachment":[{"href":"https:\/\/www.upo.es\/diario\/wp-json\/wp\/v2\/media?parent=30882451"}],"wp:term":[{"taxonomy":"category","embeddable":true,"href":"https:\/\/www.upo.es\/diario\/wp-json\/wp\/v2\/categories?post=30882451"},{"taxonomy":"post_tag","embeddable":true,"href":"https:\/\/www.upo.es\/diario\/wp-json\/wp\/v2\/tags?post=30882451"}],"curies":[{"name":"wp","href":"https:\/\/api.w.org\/{rel}","templated":true}]}}