{"id":30882460,"date":"2024-05-27T05:56:54","date_gmt":"2024-05-27T03:56:54","guid":{"rendered":"https:\/\/www.upo.es\/diario\/?p=30882460"},"modified":"2024-05-28T16:59:59","modified_gmt":"2024-05-28T14:59:59","slug":"un-seminario-aborda-en-la-upo-las-disposiciones-testamentarias-en-favor-de-personas-con-discapacidad","status":"publish","type":"post","link":"https:\/\/www.upo.es\/diario\/docencia-formacion\/2024\/05\/un-seminario-aborda-en-la-upo-las-disposiciones-testamentarias-en-favor-de-personas-con-discapacidad\/","title":{"rendered":"Un seminario aborda en la UPO las disposiciones testamentarias en favor de personas con discapacidad"},"content":{"rendered":"<p><a href=\"https:\/\/www.upo.es\/diario\/wp-content\/uploads\/2024\/05\/seminario-paraninfo_20240527.jpg\"><img loading=\"lazy\" decoding=\"async\" class=\"aligncenter size-large wp-image-30882462\" src=\"https:\/\/www.upo.es\/diario\/wp-content\/uploads\/2024\/05\/seminario-paraninfo_20240527-750x513.jpg\" alt=\"Presentaci\u00f3n del Seminario en el Paraninfo\" width=\"750\" height=\"513\" srcset=\"https:\/\/www.upo.es\/diario\/wp-content\/uploads\/2024\/05\/seminario-paraninfo_20240527-750x513.jpg 750w, https:\/\/www.upo.es\/diario\/wp-content\/uploads\/2024\/05\/seminario-paraninfo_20240527-420x287.jpg 420w, https:\/\/www.upo.es\/diario\/wp-content\/uploads\/2024\/05\/seminario-paraninfo_20240527-768x526.jpg 768w, https:\/\/www.upo.es\/diario\/wp-content\/uploads\/2024\/05\/seminario-paraninfo_20240527-1536x1051.jpg 1536w, https:\/\/www.upo.es\/diario\/wp-content\/uploads\/2024\/05\/seminario-paraninfo_20240527-1320x903.jpg 1320w, https:\/\/www.upo.es\/diario\/wp-content\/uploads\/2024\/05\/seminario-paraninfo_20240527.jpg 1600w\" sizes=\"auto, (max-width: 750px) 100vw, 750px\" \/><\/a>El seminario, organizado por la <strong>l\u00ednea de investigaci\u00f3n de la Universidad Pablo de Olavide &#8216;Sujetos Vulnerables y Derecho de Sucesiones&#8217;<\/strong>, impulsada por el Plan Propio, ha reunido en el Paraninfo este lunes a profesionales del derecho, personas con discapacidad y familiares de \u00e9stas, estudiantes y otros interesados en conocer el Derecho de sucesiones en relaci\u00f3n con las personas con discapacidad. Bajo el t\u00edtulo &#8216;Disposiciones testamentarias en favor de personas con discapacidad&#8217;, ha sido presentado por Mar\u00eda Jos\u00e9 Parejo, directora general de Inclusi\u00f3n y Pol\u00edticas Socioculturales de la Olavide.<\/p>\n<p>De car\u00e1cter pr\u00e1ctico, <strong>durante el seminario se han analizado determinadas cl\u00e1usulas testamentarias y, sobre todo, ha sido puesta de relieve la importancia de la planificaci\u00f3n sucesoria para proteger patrimonialmente a las personas con discapacidad<\/strong>, especialmente cuando se trate de los hijos.<\/p>\n<p>Bajo la direcci\u00f3n de <strong>Juan Pablo P\u00e9rez Vel\u00e1zquez<\/strong>, profesor del \u00e1rea de Derecho Civil de la Universidad Pablo de Olavide, el Seminario ha contado con ponentes como <strong>Carlos M. Garc\u00eda Campuzano<\/strong>, vicepresidente de la Academia Sevillana del Notariado; <strong>Javier Aguilar Cazorla y Rafael Zambrana Castro<\/strong>, letrados del ICAS que hablaron sobre &#8216;La sustituci\u00f3n ejemplar transformada en fideicomisaria por la Disposici\u00f3n Transitoria Cuarta de la Ley 8\/2021&#8217; y &#8216;Legado del derecho de habitaci\u00f3n (art. 822 CC) y la posibilidad de gravar la leg\u00edtima a favor de los hijos con discapacidad (art. 808 CC)&#8217;, respectivamente. El profesor P\u00e9rez Vel\u00e1zquez intervino con la ponencia &#8216;La fiducia sucesoria del art\u00edculo 831 del C\u00f3digo Civil&#8217;, tras la que hubo un debate previo a la clausura.<\/p>\n","protected":false},"excerpt":{"rendered":"<p>El seminario, organizado por la l\u00ednea de investigaci\u00f3n de la Universidad Pablo de Olavide &#8216;Sujetos Vulnerables y Derecho de Sucesiones&#8217;, impulsada por el Plan Propio, ha reunido en el Paraninfo este lunes a profesionales del derecho, personas con discapacidad y familiares de \u00e9stas, estudiantes y otros interesados en conocer el Derecho de sucesiones relacionado con personas con discapacidad.<\/p>\n","protected":false},"author":6,"featured_media":30882462,"comment_status":"closed","ping_status":"open","sticky":false,"template":"","format":"standard","meta":{"_monsterinsights_skip_tracking":false,"_monsterinsights_sitenote_active":false,"_monsterinsights_sitenote_note":"","_monsterinsights_sitenote_category":0,"footnotes":""},"categories":[2779],"tags":[1358,2695,8068,78],"class_list":["post-30882460","post","type-post","status-publish","format-standard","has-post-thumbnail","hentry","category-docencia-formacion","tag-area-de-derecho-civil","tag-derecho-de-sucesiones","tag-personas-con-discapacidad","tag-seminario"],"_links":{"self":[{"href":"https:\/\/www.upo.es\/diario\/wp-json\/wp\/v2\/posts\/30882460","targetHints":{"allow":["GET"]}}],"collection":[{"href":"https:\/\/www.upo.es\/diario\/wp-json\/wp\/v2\/posts"}],"about":[{"href":"https:\/\/www.upo.es\/diario\/wp-json\/wp\/v2\/types\/post"}],"author":[{"embeddable":true,"href":"https:\/\/www.upo.es\/diario\/wp-json\/wp\/v2\/users\/6"}],"replies":[{"embeddable":true,"href":"https:\/\/www.upo.es\/diario\/wp-json\/wp\/v2\/comments?post=30882460"}],"version-history":[{"count":3,"href":"https:\/\/www.upo.es\/diario\/wp-json\/wp\/v2\/posts\/30882460\/revisions"}],"predecessor-version":[{"id":30882464,"href":"https:\/\/www.upo.es\/diario\/wp-json\/wp\/v2\/posts\/30882460\/revisions\/30882464"}],"wp:featuredmedia":[{"embeddable":true,"href":"https:\/\/www.upo.es\/diario\/wp-json\/wp\/v2\/media\/30882462"}],"wp:attachment":[{"href":"https:\/\/www.upo.es\/diario\/wp-json\/wp\/v2\/media?parent=30882460"}],"wp:term":[{"taxonomy":"category","embeddable":true,"href":"https:\/\/www.upo.es\/diario\/wp-json\/wp\/v2\/categories?post=30882460"},{"taxonomy":"post_tag","embeddable":true,"href":"https:\/\/www.upo.es\/diario\/wp-json\/wp\/v2\/tags?post=30882460"}],"curies":[{"name":"wp","href":"https:\/\/api.w.org\/{rel}","templated":true}]}}